{"id":936,"date":"2021-03-10T19:51:00","date_gmt":"2021-03-10T18:51:00","guid":{"rendered":"https:\/\/www.messern.at\/feuerwehr\/?p=936"},"modified":"2021-12-07T20:01:07","modified_gmt":"2021-12-07T19:01:07","slug":"julia-katzenschlager-ist-ein-neues-feuerwehrmitglied","status":"publish","type":"post","link":"https:\/\/www.messern.at\/feuerwehr\/allgemein\/julia-katzenschlager-ist-ein-neues-feuerwehrmitglied\/","title":{"rendered":"Julia Katzenschlager ist ein neues Feuerwehrmitglied"},"content":{"rendered":"\n<p>Julia Katzenschlager aus Grub verst\u00e4rkt seit kurzem das Team der Freiwilligen Feuerwehr Messern. Sie ist derzeit die bereits dritte Dame, die wir bei der FF Messern begr\u00fc\u00dfen d\u00fcrfen!<\/p>\n\n\n\n<p>Julia besucht die landwirtschaftliche Fachschule Pyhra mit dem Zweig Landwirtschaft mit Lebensmitteltechnik. Zu ihren liebsten Freizeitbesch\u00e4ftigungen z\u00e4hlen neben dem Singen im Chor T-Voices,&nbsp; das Treffen mit Freunden sowie Fahrradfahren.<\/p>\n\n\n\n<p>Zur Feuerwehr ist Julia deswegen gegangen, wie sie selber sagt: \u201eWeil ich Leuten gerne helfen m\u00f6chte und weil ich ein hilfsbereiter Mensch bin\u201c.<\/p>\n\n\n\n<p>Julia hilft ja schon seit Jahren immer flei\u00dfig bei FF-Veranstaltungen mit und auch beim Bau des neuen Feuerwehr- und Gemeinschaftshauses war sie bei diversen Reinigungst\u00e4tigkeiten schon \u00f6fter mit dabei. Sie besucht zurzeit \u2013 wie es sich f\u00fcr neue Feuerwehrmitglieder geh\u00f6rt \u2013 s\u00e4mtliche Kurse f\u00fcr die n\u00f6tige Ausbildung und war auch schon bei einigen \u00dcbungen und kleineren Eins\u00e4tzen mit von der Partie. Wir freuen uns auf eine sch\u00f6ne gemeinsame Zeit bei der Feuerwehr!<\/p>\n\n\n\n<figure class=\"wp-block-gallery columns-3 is-cropped\"><ul class=\"blocks-gallery-grid\"><li class=\"blocks-gallery-item\"><figure><a href=\"https:\/\/www.messern.at\/feuerwehr\/wp-content\/uploads\/2021\/12\/Katzenschlager-Julia.png\"><img loading=\"lazy\" width=\"176\" height=\"226\" src=\"https:\/\/www.messern.at\/feuerwehr\/wp-content\/uploads\/2021\/12\/Katzenschlager-Julia.png\" alt=\"\" data-id=\"937\" data-full-url=\"https:\/\/www.messern.at\/feuerwehr\/wp-content\/uploads\/2021\/12\/Katzenschlager-Julia.png\" data-link=\"https:\/\/www.messern.at\/feuerwehr\/?attachment_id=937\" class=\"wp-image-937\"\/><\/a><\/figure><\/li><li class=\"blocks-gallery-item\"><figure><a href=\"https:\/\/www.messern.at\/feuerwehr\/wp-content\/uploads\/2021\/12\/DSC_9146-scaled.jpg\"><img loading=\"lazy\" width=\"1024\" height=\"680\" src=\"https:\/\/www.messern.at\/feuerwehr\/wp-content\/uploads\/2021\/12\/DSC_9146-1024x680.jpg\" alt=\"\" data-id=\"938\" data-full-url=\"https:\/\/www.messern.at\/feuerwehr\/wp-content\/uploads\/2021\/12\/DSC_9146-scaled.jpg\" data-link=\"https:\/\/www.messern.at\/feuerwehr\/?attachment_id=938\" class=\"wp-image-938\" srcset=\"https:\/\/www.messern.at\/feuerwehr\/wp-content\/uploads\/2021\/12\/DSC_9146-1024x680.jpg 1024w, https:\/\/www.messern.at\/feuerwehr\/wp-content\/uploads\/2021\/12\/DSC_9146-300x199.jpg 300w, https:\/\/www.messern.at\/feuerwehr\/wp-content\/uploads\/2021\/12\/DSC_9146-768x510.jpg 768w, https:\/\/www.messern.at\/feuerwehr\/wp-content\/uploads\/2021\/12\/DSC_9146-1536x1020.jpg 1536w, https:\/\/www.messern.at\/feuerwehr\/wp-content\/uploads\/2021\/12\/DSC_9146-2048x1360.jpg 2048w\" sizes=\"(max-width: 1024px) 100vw, 1024px\" \/><\/a><\/figure><\/li><li class=\"blocks-gallery-item\"><figure><a href=\"https:\/\/www.messern.at\/feuerwehr\/wp-content\/uploads\/2021\/12\/DSC02685-scaled.jpg\"><img loading=\"lazy\" width=\"1024\" height=\"768\" src=\"https:\/\/www.messern.at\/feuerwehr\/wp-content\/uploads\/2021\/12\/DSC02685-1024x768.jpg\" alt=\"\" data-id=\"939\" data-full-url=\"https:\/\/www.messern.at\/feuerwehr\/wp-content\/uploads\/2021\/12\/DSC02685-scaled.jpg\" data-link=\"https:\/\/www.messern.at\/feuerwehr\/?attachment_id=939\" class=\"wp-image-939\" srcset=\"https:\/\/www.messern.at\/feuerwehr\/wp-content\/uploads\/2021\/12\/DSC02685-1024x768.jpg 1024w, https:\/\/www.messern.at\/feuerwehr\/wp-content\/uploads\/2021\/12\/DSC02685-300x225.jpg 300w, https:\/\/www.messern.at\/feuerwehr\/wp-content\/uploads\/2021\/12\/DSC02685-768x576.jpg 768w, https:\/\/www.messern.at\/feuerwehr\/wp-content\/uploads\/2021\/12\/DSC02685-1536x1152.jpg 1536w, https:\/\/www.messern.at\/feuerwehr\/wp-content\/uploads\/2021\/12\/DSC02685-2048x1536.jpg 2048w\" sizes=\"(max-width: 1024px) 100vw, 1024px\" \/><\/a><\/figure><\/li><\/ul><\/figure>\n","protected":false},"excerpt":{"rendered":"<p>Julia Katzenschlager aus Grub verst\u00e4rkt seit kurzem das Team der Freiwilligen Feuerwehr Messern. Sie ist derzeit die bereits dritte Dame, die wir bei der FF Messern begr\u00fc\u00dfen d\u00fcrfen! Julia besucht die landwirtschaftliche Fachschule Pyhra mit dem Zweig Landwirtschaft mit Lebensmitteltechnik. Zu ihren liebsten Freizeitbesch\u00e4ftigungen z\u00e4hlen neben dem Singen im Chor T-Voices,&nbsp; das Treffen mit Freunden [&hellip;]<\/p>\n","protected":false},"author":5,"featured_media":937,"comment_status":"closed","ping_status":"closed","sticky":false,"template":"","format":"standard","meta":[],"categories":[10],"tags":[],"acf":[],"_links":{"self":[{"href":"https:\/\/www.messern.at\/feuerwehr\/wp-json\/wp\/v2\/posts\/936"}],"collection":[{"href":"https:\/\/www.messern.at\/feuerwehr\/wp-json\/wp\/v2\/posts"}],"about":[{"href":"https:\/\/www.messern.at\/feuerwehr\/wp-json\/wp\/v2\/types\/post"}],"author":[{"embeddable":true,"href":"https:\/\/www.messern.at\/feuerwehr\/wp-json\/wp\/v2\/users\/5"}],"replies":[{"embeddable":true,"href":"https:\/\/www.messern.at\/feuerwehr\/wp-json\/wp\/v2\/comments?post=936"}],"version-history":[{"count":1,"href":"https:\/\/www.messern.at\/feuerwehr\/wp-json\/wp\/v2\/posts\/936\/revisions"}],"predecessor-version":[{"id":940,"href":"https:\/\/www.messern.at\/feuerwehr\/wp-json\/wp\/v2\/posts\/936\/revisions\/940"}],"wp:featuredmedia":[{"embeddable":true,"href":"https:\/\/www.messern.at\/feuerwehr\/wp-json\/wp\/v2\/media\/937"}],"wp:attachment":[{"href":"https:\/\/www.messern.at\/feuerwehr\/wp-json\/wp\/v2\/media?parent=936"}],"wp:term":[{"taxonomy":"category","embeddable":true,"href":"https:\/\/www.messern.at\/feuerwehr\/wp-json\/wp\/v2\/categories?post=936"},{"taxonomy":"post_tag","embeddable":true,"href":"https:\/\/www.messern.at\/feuerwehr\/wp-json\/wp\/v2\/tags?post=936"}],"curies":[{"name":"wp","href":"https:\/\/api.w.org\/{rel}","templated":true}]}}