{"id":927,"date":"2021-02-12T19:46:00","date_gmt":"2021-02-12T18:46:00","guid":{"rendered":"https:\/\/www.messern.at\/feuerwehr\/?p=927"},"modified":"2021-12-07T19:58:23","modified_gmt":"2021-12-07T18:58:23","slug":"das-haette-sich-unser-guter-alter-lt-35-auch-nicht-gedacht","status":"publish","type":"post","link":"https:\/\/www.messern.at\/feuerwehr\/allgemein\/das-haette-sich-unser-guter-alter-lt-35-auch-nicht-gedacht\/","title":{"rendered":"Das h\u00e4tte sich unser \u201eguter alter LT 35\u201c auch nicht gedacht\u2026"},"content":{"rendered":"\n<p>Wie ja schon ausf\u00fchrlich im Vorjahr berichtet, wurde unser LT 35 an einen Holl\u00e4nder verkauft. Wir haben den K\u00e4ufer dar\u00fcber informiert, dass wir es sehr interessant finden w\u00fcrden, wenn er uns vielleicht einmal ein paar Fotos von seine neue Heimat schicken k\u00f6nnte\u2026<\/p>\n\n\n\n<p>Umso mehr freute es uns dann, als wir tats\u00e4chlich ein Foto von unserem alten Feuerwehrfahrzeug aus der holl\u00e4ndischen Hauptstadt erhielten. Es steht hier vor dem Rijksmuseum, bei dem es sich um das bekannteste Museum der Stadt handelt und \u00fcbersetzt einfach so viel bedeutet wie \u201eDas staatliche Museum\u201c.<\/p>\n\n\n\n<p>Ja das h\u00e4tte sich unser \u201eguter alter LT 35\u201c auch nicht gedacht, dass er mit \u00fcber 40 Jahren noch so viel erlebt und gro\u00dfe Abenteuer zu bew\u00e4ltigen hat \ud83d\ude09<\/p>\n\n\n\n<figure class=\"wp-block-image size-large\"><img loading=\"lazy\" width=\"1024\" height=\"576\" src=\"https:\/\/www.messern.at\/feuerwehr\/wp-content\/uploads\/2021\/12\/IMG-20210212-WA0006-1024x576.jpg\" alt=\"\" class=\"wp-image-928\" srcset=\"https:\/\/www.messern.at\/feuerwehr\/wp-content\/uploads\/2021\/12\/IMG-20210212-WA0006-1024x576.jpg 1024w, https:\/\/www.messern.at\/feuerwehr\/wp-content\/uploads\/2021\/12\/IMG-20210212-WA0006-300x169.jpg 300w, https:\/\/www.messern.at\/feuerwehr\/wp-content\/uploads\/2021\/12\/IMG-20210212-WA0006-768x432.jpg 768w, https:\/\/www.messern.at\/feuerwehr\/wp-content\/uploads\/2021\/12\/IMG-20210212-WA0006-1536x864.jpg 1536w, https:\/\/www.messern.at\/feuerwehr\/wp-content\/uploads\/2021\/12\/IMG-20210212-WA0006.jpg 1599w\" sizes=\"(max-width: 1024px) 100vw, 1024px\" \/><\/figure>\n\n\n\n<figure class=\"wp-block-image size-large\"><img loading=\"lazy\" width=\"1024\" height=\"576\" src=\"https:\/\/www.messern.at\/feuerwehr\/wp-content\/uploads\/2021\/12\/IMG-20210212-WA0005-1-1024x576.jpg\" alt=\"\" class=\"wp-image-932\" srcset=\"https:\/\/www.messern.at\/feuerwehr\/wp-content\/uploads\/2021\/12\/IMG-20210212-WA0005-1-1024x576.jpg 1024w, https:\/\/www.messern.at\/feuerwehr\/wp-content\/uploads\/2021\/12\/IMG-20210212-WA0005-1-300x169.jpg 300w, https:\/\/www.messern.at\/feuerwehr\/wp-content\/uploads\/2021\/12\/IMG-20210212-WA0005-1-768x432.jpg 768w, https:\/\/www.messern.at\/feuerwehr\/wp-content\/uploads\/2021\/12\/IMG-20210212-WA0005-1-1536x864.jpg 1536w, https:\/\/www.messern.at\/feuerwehr\/wp-content\/uploads\/2021\/12\/IMG-20210212-WA0005-1.jpg 1599w\" sizes=\"(max-width: 1024px) 100vw, 1024px\" \/><\/figure>\n","protected":false},"excerpt":{"rendered":"<p>Wie ja schon ausf\u00fchrlich im Vorjahr berichtet, wurde unser LT 35 an einen Holl\u00e4nder verkauft. Wir haben den K\u00e4ufer dar\u00fcber informiert, dass wir es sehr interessant finden w\u00fcrden, wenn er uns vielleicht einmal ein paar Fotos von seine neue Heimat schicken k\u00f6nnte\u2026 Umso mehr freute es uns dann, als wir tats\u00e4chlich ein Foto von unserem [&hellip;]<\/p>\n","protected":false},"author":5,"featured_media":0,"comment_status":"closed","ping_status":"closed","sticky":false,"template":"","format":"standard","meta":[],"categories":[10],"tags":[],"acf":[],"_links":{"self":[{"href":"https:\/\/www.messern.at\/feuerwehr\/wp-json\/wp\/v2\/posts\/927"}],"collection":[{"href":"https:\/\/www.messern.at\/feuerwehr\/wp-json\/wp\/v2\/posts"}],"about":[{"href":"https:\/\/www.messern.at\/feuerwehr\/wp-json\/wp\/v2\/types\/post"}],"author":[{"embeddable":true,"href":"https:\/\/www.messern.at\/feuerwehr\/wp-json\/wp\/v2\/users\/5"}],"replies":[{"embeddable":true,"href":"https:\/\/www.messern.at\/feuerwehr\/wp-json\/wp\/v2\/comments?post=927"}],"version-history":[{"count":2,"href":"https:\/\/www.messern.at\/feuerwehr\/wp-json\/wp\/v2\/posts\/927\/revisions"}],"predecessor-version":[{"id":935,"href":"https:\/\/www.messern.at\/feuerwehr\/wp-json\/wp\/v2\/posts\/927\/revisions\/935"}],"wp:attachment":[{"href":"https:\/\/www.messern.at\/feuerwehr\/wp-json\/wp\/v2\/media?parent=927"}],"wp:term":[{"taxonomy":"category","embeddable":true,"href":"https:\/\/www.messern.at\/feuerwehr\/wp-json\/wp\/v2\/categories?post=927"},{"taxonomy":"post_tag","embeddable":true,"href":"https:\/\/www.messern.at\/feuerwehr\/wp-json\/wp\/v2\/tags?post=927"}],"curies":[{"name":"wp","href":"https:\/\/api.w.org\/{rel}","templated":true}]}}