{"id":906,"date":"2021-01-09T00:00:00","date_gmt":"2021-01-08T23:00:00","guid":{"rendered":"https:\/\/www.messern.at\/feuerwehr\/?p=906"},"modified":"2021-12-07T19:35:41","modified_gmt":"2021-12-07T18:35:41","slug":"mitgliederversammlung-und-wahl-2021","status":"publish","type":"post","link":"https:\/\/www.messern.at\/feuerwehr\/allgemein\/mitgliederversammlung-und-wahl-2021\/","title":{"rendered":"MITGLIEDERVERSAMMLUNG UND WAHL 2021"},"content":{"rendered":"\n<p>Am Samstag, den 9. J\u00e4nner 2021 wurde auch bei uns die Wahl des neuen Kommandos &#8211; unter Einhaltung der geltenden Sicherheitsvorkehrungen &#8211; abgehalten. Laut Feuerwehrgesetz muss das Kommando einer Feuerwehr \u2013 bestehend aus einem Kommandant, seinem Stellvertreter sowie einem Verwalter \u2013 von den Feuerwehrmitgliedern alle f\u00fcnf Jahre neu gew\u00e4hlt werden.<\/p>\n\n\n\n<p>Wie ja bekannt ist, stellten sich Klaus Ringl und Otto Fischer f\u00fcr die Wahl nicht mehr zur Verf\u00fcgung und so wurden Kevin Schmid-Metz als Kommandant und Gerald Kaindl als Kommandant-Stv mit jeweils 36 g\u00fcltigen Stimmen (von jeweils 37 abgegebenen Stimmen) gew\u00e4hlt. Lausch J\u00fcrgen bleibt weiterhin Leiter der Verwaltung.<\/p>\n\n\n\n<p>Weitere Punkte dieser Versammlung waren der Kassenbericht sowie der Beschluss zum Kauf des MTFA. Wie schon eingangs erw\u00e4hnt, war auf Grund der Corona-Pandemie nur die Durchf\u00fchrung dieser wichtigen Tagesordnungspunkte erlaubt und auf weitere Sitzungspunkte musste diesmal verzichtet werden und durften nicht wie sonst abgehalten werden.<\/p>\n\n\n\n<p><\/p>\n\n\n\n<figure class=\"wp-block-gallery columns-3 is-cropped\"><ul class=\"blocks-gallery-grid\"><li class=\"blocks-gallery-item\"><figure><a href=\"https:\/\/www.messern.at\/feuerwehr\/wp-content\/uploads\/2021\/12\/Messern-bearbeitet-scaled.jpg\"><img loading=\"lazy\" width=\"1024\" height=\"683\" src=\"https:\/\/www.messern.at\/feuerwehr\/wp-content\/uploads\/2021\/12\/Messern-bearbeitet-1024x683.jpg\" alt=\"\" data-id=\"907\" data-full-url=\"https:\/\/www.messern.at\/feuerwehr\/wp-content\/uploads\/2021\/12\/Messern-bearbeitet-scaled.jpg\" data-link=\"https:\/\/www.messern.at\/feuerwehr\/?attachment_id=907\" class=\"wp-image-907\" srcset=\"https:\/\/www.messern.at\/feuerwehr\/wp-content\/uploads\/2021\/12\/Messern-bearbeitet-1024x683.jpg 1024w, https:\/\/www.messern.at\/feuerwehr\/wp-content\/uploads\/2021\/12\/Messern-bearbeitet-300x200.jpg 300w, https:\/\/www.messern.at\/feuerwehr\/wp-content\/uploads\/2021\/12\/Messern-bearbeitet-768x512.jpg 768w, https:\/\/www.messern.at\/feuerwehr\/wp-content\/uploads\/2021\/12\/Messern-bearbeitet-1536x1024.jpg 1536w, https:\/\/www.messern.at\/feuerwehr\/wp-content\/uploads\/2021\/12\/Messern-bearbeitet-2048x1365.jpg 2048w\" sizes=\"(max-width: 1024px) 100vw, 1024px\" \/><\/a><\/figure><\/li><li class=\"blocks-gallery-item\"><figure><a href=\"https:\/\/www.messern.at\/feuerwehr\/wp-content\/uploads\/2021\/12\/DSC_5896-scaled.jpg\"><img loading=\"lazy\" width=\"1024\" height=\"683\" src=\"https:\/\/www.messern.at\/feuerwehr\/wp-content\/uploads\/2021\/12\/DSC_5896-1024x683.jpg\" alt=\"\" data-id=\"908\" data-full-url=\"https:\/\/www.messern.at\/feuerwehr\/wp-content\/uploads\/2021\/12\/DSC_5896-scaled.jpg\" data-link=\"https:\/\/www.messern.at\/feuerwehr\/?attachment_id=908\" class=\"wp-image-908\" srcset=\"https:\/\/www.messern.at\/feuerwehr\/wp-content\/uploads\/2021\/12\/DSC_5896-1024x683.jpg 1024w, https:\/\/www.messern.at\/feuerwehr\/wp-content\/uploads\/2021\/12\/DSC_5896-300x200.jpg 300w, https:\/\/www.messern.at\/feuerwehr\/wp-content\/uploads\/2021\/12\/DSC_5896-768x512.jpg 768w, https:\/\/www.messern.at\/feuerwehr\/wp-content\/uploads\/2021\/12\/DSC_5896-1536x1024.jpg 1536w, https:\/\/www.messern.at\/feuerwehr\/wp-content\/uploads\/2021\/12\/DSC_5896-2048x1365.jpg 2048w\" sizes=\"(max-width: 1024px) 100vw, 1024px\" \/><\/a><\/figure><\/li><li class=\"blocks-gallery-item\"><figure><a href=\"https:\/\/www.messern.at\/feuerwehr\/wp-content\/uploads\/2021\/12\/DSC_5897-scaled.jpg\"><img loading=\"lazy\" width=\"1024\" height=\"683\" src=\"https:\/\/www.messern.at\/feuerwehr\/wp-content\/uploads\/2021\/12\/DSC_5897-1024x683.jpg\" alt=\"\" data-id=\"909\" data-full-url=\"https:\/\/www.messern.at\/feuerwehr\/wp-content\/uploads\/2021\/12\/DSC_5897-scaled.jpg\" data-link=\"https:\/\/www.messern.at\/feuerwehr\/?attachment_id=909\" class=\"wp-image-909\" srcset=\"https:\/\/www.messern.at\/feuerwehr\/wp-content\/uploads\/2021\/12\/DSC_5897-1024x683.jpg 1024w, https:\/\/www.messern.at\/feuerwehr\/wp-content\/uploads\/2021\/12\/DSC_5897-300x200.jpg 300w, https:\/\/www.messern.at\/feuerwehr\/wp-content\/uploads\/2021\/12\/DSC_5897-768x512.jpg 768w, https:\/\/www.messern.at\/feuerwehr\/wp-content\/uploads\/2021\/12\/DSC_5897-1536x1024.jpg 1536w, https:\/\/www.messern.at\/feuerwehr\/wp-content\/uploads\/2021\/12\/DSC_5897-2048x1365.jpg 2048w\" sizes=\"(max-width: 1024px) 100vw, 1024px\" \/><\/a><\/figure><\/li><li class=\"blocks-gallery-item\"><figure><a href=\"https:\/\/www.messern.at\/feuerwehr\/wp-content\/uploads\/2021\/12\/DSC_5898-scaled.jpg\"><img loading=\"lazy\" width=\"1024\" height=\"683\" src=\"https:\/\/www.messern.at\/feuerwehr\/wp-content\/uploads\/2021\/12\/DSC_5898-1024x683.jpg\" alt=\"\" data-id=\"910\" data-full-url=\"https:\/\/www.messern.at\/feuerwehr\/wp-content\/uploads\/2021\/12\/DSC_5898-scaled.jpg\" data-link=\"https:\/\/www.messern.at\/feuerwehr\/?attachment_id=910\" class=\"wp-image-910\" srcset=\"https:\/\/www.messern.at\/feuerwehr\/wp-content\/uploads\/2021\/12\/DSC_5898-1024x683.jpg 1024w, https:\/\/www.messern.at\/feuerwehr\/wp-content\/uploads\/2021\/12\/DSC_5898-300x200.jpg 300w, https:\/\/www.messern.at\/feuerwehr\/wp-content\/uploads\/2021\/12\/DSC_5898-768x512.jpg 768w, https:\/\/www.messern.at\/feuerwehr\/wp-content\/uploads\/2021\/12\/DSC_5898-1536x1024.jpg 1536w, https:\/\/www.messern.at\/feuerwehr\/wp-content\/uploads\/2021\/12\/DSC_5898-2048x1365.jpg 2048w\" sizes=\"(max-width: 1024px) 100vw, 1024px\" \/><\/a><\/figure><\/li><li class=\"blocks-gallery-item\"><figure><a href=\"https:\/\/www.messern.at\/feuerwehr\/wp-content\/uploads\/2021\/12\/DSC_5900-scaled.jpg\"><img loading=\"lazy\" width=\"1024\" height=\"683\" src=\"https:\/\/www.messern.at\/feuerwehr\/wp-content\/uploads\/2021\/12\/DSC_5900-1024x683.jpg\" alt=\"\" data-id=\"911\" data-full-url=\"https:\/\/www.messern.at\/feuerwehr\/wp-content\/uploads\/2021\/12\/DSC_5900-scaled.jpg\" data-link=\"https:\/\/www.messern.at\/feuerwehr\/?attachment_id=911\" class=\"wp-image-911\" srcset=\"https:\/\/www.messern.at\/feuerwehr\/wp-content\/uploads\/2021\/12\/DSC_5900-1024x683.jpg 1024w, https:\/\/www.messern.at\/feuerwehr\/wp-content\/uploads\/2021\/12\/DSC_5900-300x200.jpg 300w, https:\/\/www.messern.at\/feuerwehr\/wp-content\/uploads\/2021\/12\/DSC_5900-768x512.jpg 768w, https:\/\/www.messern.at\/feuerwehr\/wp-content\/uploads\/2021\/12\/DSC_5900-1536x1024.jpg 1536w, https:\/\/www.messern.at\/feuerwehr\/wp-content\/uploads\/2021\/12\/DSC_5900-2048x1365.jpg 2048w\" sizes=\"(max-width: 1024px) 100vw, 1024px\" \/><\/a><\/figure><\/li><li class=\"blocks-gallery-item\"><figure><a href=\"https:\/\/www.messern.at\/feuerwehr\/wp-content\/uploads\/2021\/12\/DSC_5901-scaled.jpg\"><img loading=\"lazy\" width=\"1024\" height=\"683\" src=\"https:\/\/www.messern.at\/feuerwehr\/wp-content\/uploads\/2021\/12\/DSC_5901-1024x683.jpg\" alt=\"\" data-id=\"912\" data-full-url=\"https:\/\/www.messern.at\/feuerwehr\/wp-content\/uploads\/2021\/12\/DSC_5901-scaled.jpg\" data-link=\"https:\/\/www.messern.at\/feuerwehr\/?attachment_id=912\" class=\"wp-image-912\" srcset=\"https:\/\/www.messern.at\/feuerwehr\/wp-content\/uploads\/2021\/12\/DSC_5901-1024x683.jpg 1024w, https:\/\/www.messern.at\/feuerwehr\/wp-content\/uploads\/2021\/12\/DSC_5901-300x200.jpg 300w, https:\/\/www.messern.at\/feuerwehr\/wp-content\/uploads\/2021\/12\/DSC_5901-768x512.jpg 768w, https:\/\/www.messern.at\/feuerwehr\/wp-content\/uploads\/2021\/12\/DSC_5901-1536x1024.jpg 1536w, https:\/\/www.messern.at\/feuerwehr\/wp-content\/uploads\/2021\/12\/DSC_5901-2048x1365.jpg 2048w\" sizes=\"(max-width: 1024px) 100vw, 1024px\" \/><\/a><\/figure><\/li><li class=\"blocks-gallery-item\"><figure><a href=\"https:\/\/www.messern.at\/feuerwehr\/wp-content\/uploads\/2021\/12\/DSC_5902-scaled.jpg\"><img loading=\"lazy\" width=\"1024\" height=\"683\" src=\"https:\/\/www.messern.at\/feuerwehr\/wp-content\/uploads\/2021\/12\/DSC_5902-1024x683.jpg\" alt=\"\" data-id=\"913\" data-full-url=\"https:\/\/www.messern.at\/feuerwehr\/wp-content\/uploads\/2021\/12\/DSC_5902-scaled.jpg\" data-link=\"https:\/\/www.messern.at\/feuerwehr\/?attachment_id=913\" class=\"wp-image-913\" srcset=\"https:\/\/www.messern.at\/feuerwehr\/wp-content\/uploads\/2021\/12\/DSC_5902-1024x683.jpg 1024w, https:\/\/www.messern.at\/feuerwehr\/wp-content\/uploads\/2021\/12\/DSC_5902-300x200.jpg 300w, https:\/\/www.messern.at\/feuerwehr\/wp-content\/uploads\/2021\/12\/DSC_5902-768x512.jpg 768w, https:\/\/www.messern.at\/feuerwehr\/wp-content\/uploads\/2021\/12\/DSC_5902-1536x1024.jpg 1536w, https:\/\/www.messern.at\/feuerwehr\/wp-content\/uploads\/2021\/12\/DSC_5902-2048x1365.jpg 2048w\" sizes=\"(max-width: 1024px) 100vw, 1024px\" \/><\/a><\/figure><\/li><li class=\"blocks-gallery-item\"><figure><a href=\"https:\/\/www.messern.at\/feuerwehr\/wp-content\/uploads\/2021\/12\/DSC_5904-scaled.jpg\"><img loading=\"lazy\" width=\"1024\" height=\"683\" src=\"https:\/\/www.messern.at\/feuerwehr\/wp-content\/uploads\/2021\/12\/DSC_5904-1024x683.jpg\" alt=\"\" data-id=\"914\" data-full-url=\"https:\/\/www.messern.at\/feuerwehr\/wp-content\/uploads\/2021\/12\/DSC_5904-scaled.jpg\" data-link=\"https:\/\/www.messern.at\/feuerwehr\/?attachment_id=914\" class=\"wp-image-914\" srcset=\"https:\/\/www.messern.at\/feuerwehr\/wp-content\/uploads\/2021\/12\/DSC_5904-1024x683.jpg 1024w, https:\/\/www.messern.at\/feuerwehr\/wp-content\/uploads\/2021\/12\/DSC_5904-300x200.jpg 300w, https:\/\/www.messern.at\/feuerwehr\/wp-content\/uploads\/2021\/12\/DSC_5904-768x512.jpg 768w, https:\/\/www.messern.at\/feuerwehr\/wp-content\/uploads\/2021\/12\/DSC_5904-1536x1024.jpg 1536w, https:\/\/www.messern.at\/feuerwehr\/wp-content\/uploads\/2021\/12\/DSC_5904-2048x1365.jpg 2048w\" sizes=\"(max-width: 1024px) 100vw, 1024px\" \/><\/a><\/figure><\/li><li class=\"blocks-gallery-item\"><figure><a href=\"https:\/\/www.messern.at\/feuerwehr\/wp-content\/uploads\/2021\/12\/DSC_5905-scaled.jpg\"><img loading=\"lazy\" width=\"1024\" height=\"683\" src=\"https:\/\/www.messern.at\/feuerwehr\/wp-content\/uploads\/2021\/12\/DSC_5905-1024x683.jpg\" alt=\"\" data-id=\"915\" data-full-url=\"https:\/\/www.messern.at\/feuerwehr\/wp-content\/uploads\/2021\/12\/DSC_5905-scaled.jpg\" data-link=\"https:\/\/www.messern.at\/feuerwehr\/?attachment_id=915\" class=\"wp-image-915\" srcset=\"https:\/\/www.messern.at\/feuerwehr\/wp-content\/uploads\/2021\/12\/DSC_5905-1024x683.jpg 1024w, https:\/\/www.messern.at\/feuerwehr\/wp-content\/uploads\/2021\/12\/DSC_5905-300x200.jpg 300w, https:\/\/www.messern.at\/feuerwehr\/wp-content\/uploads\/2021\/12\/DSC_5905-768x512.jpg 768w, https:\/\/www.messern.at\/feuerwehr\/wp-content\/uploads\/2021\/12\/DSC_5905-1536x1024.jpg 1536w, https:\/\/www.messern.at\/feuerwehr\/wp-content\/uploads\/2021\/12\/DSC_5905-2048x1365.jpg 2048w\" sizes=\"(max-width: 1024px) 100vw, 1024px\" \/><\/a><\/figure><\/li><li class=\"blocks-gallery-item\"><figure><a href=\"https:\/\/www.messern.at\/feuerwehr\/wp-content\/uploads\/2021\/12\/DSC_5906-scaled.jpg\"><img loading=\"lazy\" width=\"1024\" height=\"683\" src=\"https:\/\/www.messern.at\/feuerwehr\/wp-content\/uploads\/2021\/12\/DSC_5906-1024x683.jpg\" alt=\"\" data-id=\"916\" data-full-url=\"https:\/\/www.messern.at\/feuerwehr\/wp-content\/uploads\/2021\/12\/DSC_5906-scaled.jpg\" data-link=\"https:\/\/www.messern.at\/feuerwehr\/?attachment_id=916\" class=\"wp-image-916\" srcset=\"https:\/\/www.messern.at\/feuerwehr\/wp-content\/uploads\/2021\/12\/DSC_5906-1024x683.jpg 1024w, https:\/\/www.messern.at\/feuerwehr\/wp-content\/uploads\/2021\/12\/DSC_5906-300x200.jpg 300w, https:\/\/www.messern.at\/feuerwehr\/wp-content\/uploads\/2021\/12\/DSC_5906-768x512.jpg 768w, https:\/\/www.messern.at\/feuerwehr\/wp-content\/uploads\/2021\/12\/DSC_5906-1536x1024.jpg 1536w, https:\/\/www.messern.at\/feuerwehr\/wp-content\/uploads\/2021\/12\/DSC_5906-2048x1365.jpg 2048w\" sizes=\"(max-width: 1024px) 100vw, 1024px\" \/><\/a><\/figure><\/li><li class=\"blocks-gallery-item\"><figure><a href=\"https:\/\/www.messern.at\/feuerwehr\/wp-content\/uploads\/2021\/12\/DSC_5907-scaled.jpg\"><img loading=\"lazy\" width=\"1024\" height=\"683\" src=\"https:\/\/www.messern.at\/feuerwehr\/wp-content\/uploads\/2021\/12\/DSC_5907-1024x683.jpg\" alt=\"\" data-id=\"917\" data-full-url=\"https:\/\/www.messern.at\/feuerwehr\/wp-content\/uploads\/2021\/12\/DSC_5907-scaled.jpg\" data-link=\"https:\/\/www.messern.at\/feuerwehr\/?attachment_id=917\" class=\"wp-image-917\" srcset=\"https:\/\/www.messern.at\/feuerwehr\/wp-content\/uploads\/2021\/12\/DSC_5907-1024x683.jpg 1024w, https:\/\/www.messern.at\/feuerwehr\/wp-content\/uploads\/2021\/12\/DSC_5907-300x200.jpg 300w, https:\/\/www.messern.at\/feuerwehr\/wp-content\/uploads\/2021\/12\/DSC_5907-768x512.jpg 768w, https:\/\/www.messern.at\/feuerwehr\/wp-content\/uploads\/2021\/12\/DSC_5907-1536x1024.jpg 1536w, https:\/\/www.messern.at\/feuerwehr\/wp-content\/uploads\/2021\/12\/DSC_5907-2048x1365.jpg 2048w\" sizes=\"(max-width: 1024px) 100vw, 1024px\" \/><\/a><\/figure><\/li><li class=\"blocks-gallery-item\"><figure><a href=\"https:\/\/www.messern.at\/feuerwehr\/wp-content\/uploads\/2021\/12\/DSC_5913-scaled.jpg\"><img loading=\"lazy\" width=\"1024\" height=\"683\" src=\"https:\/\/www.messern.at\/feuerwehr\/wp-content\/uploads\/2021\/12\/DSC_5913-1024x683.jpg\" alt=\"\" data-id=\"918\" data-full-url=\"https:\/\/www.messern.at\/feuerwehr\/wp-content\/uploads\/2021\/12\/DSC_5913-scaled.jpg\" data-link=\"https:\/\/www.messern.at\/feuerwehr\/?attachment_id=918\" class=\"wp-image-918\" srcset=\"https:\/\/www.messern.at\/feuerwehr\/wp-content\/uploads\/2021\/12\/DSC_5913-1024x683.jpg 1024w, https:\/\/www.messern.at\/feuerwehr\/wp-content\/uploads\/2021\/12\/DSC_5913-300x200.jpg 300w, https:\/\/www.messern.at\/feuerwehr\/wp-content\/uploads\/2021\/12\/DSC_5913-768x512.jpg 768w, https:\/\/www.messern.at\/feuerwehr\/wp-content\/uploads\/2021\/12\/DSC_5913-1536x1024.jpg 1536w, https:\/\/www.messern.at\/feuerwehr\/wp-content\/uploads\/2021\/12\/DSC_5913-2048x1365.jpg 2048w\" sizes=\"(max-width: 1024px) 100vw, 1024px\" \/><\/a><\/figure><\/li><li class=\"blocks-gallery-item\"><figure><a href=\"https:\/\/www.messern.at\/feuerwehr\/wp-content\/uploads\/2021\/12\/DSC_5916-scaled.jpg\"><img loading=\"lazy\" width=\"1024\" height=\"683\" src=\"https:\/\/www.messern.at\/feuerwehr\/wp-content\/uploads\/2021\/12\/DSC_5916-1024x683.jpg\" alt=\"\" data-id=\"919\" data-full-url=\"https:\/\/www.messern.at\/feuerwehr\/wp-content\/uploads\/2021\/12\/DSC_5916-scaled.jpg\" data-link=\"https:\/\/www.messern.at\/feuerwehr\/?attachment_id=919\" class=\"wp-image-919\" srcset=\"https:\/\/www.messern.at\/feuerwehr\/wp-content\/uploads\/2021\/12\/DSC_5916-1024x683.jpg 1024w, https:\/\/www.messern.at\/feuerwehr\/wp-content\/uploads\/2021\/12\/DSC_5916-300x200.jpg 300w, https:\/\/www.messern.at\/feuerwehr\/wp-content\/uploads\/2021\/12\/DSC_5916-768x512.jpg 768w, https:\/\/www.messern.at\/feuerwehr\/wp-content\/uploads\/2021\/12\/DSC_5916-1536x1024.jpg 1536w, https:\/\/www.messern.at\/feuerwehr\/wp-content\/uploads\/2021\/12\/DSC_5916-2048x1365.jpg 2048w\" sizes=\"(max-width: 1024px) 100vw, 1024px\" \/><\/a><\/figure><\/li><li class=\"blocks-gallery-item\"><figure><a href=\"https:\/\/www.messern.at\/feuerwehr\/wp-content\/uploads\/2021\/12\/DSC_5928-scaled.jpg\"><img loading=\"lazy\" width=\"1024\" height=\"683\" src=\"https:\/\/www.messern.at\/feuerwehr\/wp-content\/uploads\/2021\/12\/DSC_5928-1024x683.jpg\" alt=\"\" data-id=\"920\" data-full-url=\"https:\/\/www.messern.at\/feuerwehr\/wp-content\/uploads\/2021\/12\/DSC_5928-scaled.jpg\" data-link=\"https:\/\/www.messern.at\/feuerwehr\/?attachment_id=920\" class=\"wp-image-920\" srcset=\"https:\/\/www.messern.at\/feuerwehr\/wp-content\/uploads\/2021\/12\/DSC_5928-1024x683.jpg 1024w, https:\/\/www.messern.at\/feuerwehr\/wp-content\/uploads\/2021\/12\/DSC_5928-300x200.jpg 300w, https:\/\/www.messern.at\/feuerwehr\/wp-content\/uploads\/2021\/12\/DSC_5928-768x512.jpg 768w, https:\/\/www.messern.at\/feuerwehr\/wp-content\/uploads\/2021\/12\/DSC_5928-1536x1024.jpg 1536w, https:\/\/www.messern.at\/feuerwehr\/wp-content\/uploads\/2021\/12\/DSC_5928-2048x1365.jpg 2048w\" sizes=\"(max-width: 1024px) 100vw, 1024px\" \/><\/a><\/figure><\/li><\/ul><\/figure>\n","protected":false},"excerpt":{"rendered":"<p>Am Samstag, den 9. J\u00e4nner 2021 wurde auch bei uns die Wahl des neuen Kommandos &#8211; unter Einhaltung der geltenden Sicherheitsvorkehrungen &#8211; abgehalten. Laut Feuerwehrgesetz muss das Kommando einer Feuerwehr \u2013 bestehend aus einem Kommandant, seinem Stellvertreter sowie einem Verwalter \u2013 von den Feuerwehrmitgliedern alle f\u00fcnf Jahre neu gew\u00e4hlt werden. Wie ja bekannt ist, stellten [&hellip;]<\/p>\n","protected":false},"author":5,"featured_media":0,"comment_status":"closed","ping_status":"closed","sticky":false,"template":"","format":"standard","meta":[],"categories":[10],"tags":[],"acf":[],"_links":{"self":[{"href":"https:\/\/www.messern.at\/feuerwehr\/wp-json\/wp\/v2\/posts\/906"}],"collection":[{"href":"https:\/\/www.messern.at\/feuerwehr\/wp-json\/wp\/v2\/posts"}],"about":[{"href":"https:\/\/www.messern.at\/feuerwehr\/wp-json\/wp\/v2\/types\/post"}],"author":[{"embeddable":true,"href":"https:\/\/www.messern.at\/feuerwehr\/wp-json\/wp\/v2\/users\/5"}],"replies":[{"embeddable":true,"href":"https:\/\/www.messern.at\/feuerwehr\/wp-json\/wp\/v2\/comments?post=906"}],"version-history":[{"count":1,"href":"https:\/\/www.messern.at\/feuerwehr\/wp-json\/wp\/v2\/posts\/906\/revisions"}],"predecessor-version":[{"id":921,"href":"https:\/\/www.messern.at\/feuerwehr\/wp-json\/wp\/v2\/posts\/906\/revisions\/921"}],"wp:attachment":[{"href":"https:\/\/www.messern.at\/feuerwehr\/wp-json\/wp\/v2\/media?parent=906"}],"wp:term":[{"taxonomy":"category","embeddable":true,"href":"https:\/\/www.messern.at\/feuerwehr\/wp-json\/wp\/v2\/categories?post=906"},{"taxonomy":"post_tag","embeddable":true,"href":"https:\/\/www.messern.at\/feuerwehr\/wp-json\/wp\/v2\/tags?post=906"}],"curies":[{"name":"wp","href":"https:\/\/api.w.org\/{rel}","templated":true}]}}