{"id":889,"date":"2020-06-03T18:15:00","date_gmt":"2020-06-03T16:15:00","guid":{"rendered":"https:\/\/www.messern.at\/feuerwehr\/?p=889"},"modified":"2021-12-02T18:16:37","modified_gmt":"2021-12-02T17:16:37","slug":"unsere-ehemalige-wirtin-und-florianiplakettentraegerin-hildegard-guschel-ist-verstorben","status":"publish","type":"post","link":"https:\/\/www.messern.at\/feuerwehr\/uncategorized\/unsere-ehemalige-wirtin-und-florianiplakettentraegerin-hildegard-guschel-ist-verstorben\/","title":{"rendered":"Unsere ehemalige Wirtin und Florianiplakettentr\u00e4gerin Hildegard Guschel ist verstorben"},"content":{"rendered":"\n<p><\/p>\n\n\n\n<p>Die Familie Guschel kam im Jahre 1979 nach Messern, wo Frau Hildegard Guschel zusammen mit ihrem Gatten Karl, wir nannten ihn sp\u00e4ter Bill, unser Wirtshaus \u00fcbernahmen.<br>Von Anfang an unterst\u00fctzte unsere neue Wirtin alle Vereine gro\u00dfz\u00fcgig, dabei kam auch die Freiwillige Feuerwehr Messern nicht zu kurz.<br>So war es zum Beispiel ganz normal, dass sie eine Kiste Bier sowie ein paar Flaschen Wein f\u00fcr uns vor dem Wirtshaus bereit stellte, wenn wir in aller Herrgottsfr\u00fche zu Bewerben fuhren. Nat\u00fcrlich konnten wir die Kirtage, den Feuerwehrball und diverse Feste bei Hildegard im Gasthaus abhalten, wo sie oft freundlicherweise Schank, K\u00fcche oder Schnapsbude der Feuerwehr zur Verf\u00fcgung stellte.<br>1993 ging sie als Wirtin in ihren wohlverdienten Ruhestand. Ab diesem Zeitpunkt war sie fixer Bestandteil der Feuerwehrfestk\u00fcche, wo sie \u201e1000e, oder viel mehr\u201c Essbestecke in Servietten einwickelte.<br>Sie war schon fr\u00fcher Fan unserer Bewerbsgruppe. Darum lie\u00df sie es sich auch nicht nehmen, bei den diversen Bewerben dabei zu sein und nat\u00fcrlich immer eine Runde \u201espringen\u201c zu lassen oder unsere Bewerbsgruppe zu einer Jause einzuladen. Das letzte Mal begleitete sie die Bewerbsgruppe zu den Abschnittsfeuerwehrbewerben in Drosendorf im Jahr 2011.<br>F\u00fcr ihre gro\u00dfen Verdienste f\u00fcr unsere Feuerwehr durften wir ihr im Jahr 2011 die Florianiplakette des N\u00d6 Landesfeuerwehrverbandes \u00fcberreichen. Dies ist die h\u00f6chste Auszeichnung, die die Feuerwehr an private Personen verleihen kann.<br>Auch w\u00e4hrend des Feuerwehrhausbaues wurden wir von Emma, wie wir sie liebevoll nannten, mit Jausen, Mittagessen usw. versorgt.<br>Liebe Hildegard!<br>DANKE f\u00fcr dein gro\u00dfes Feuerwehrherz! Ruhe sanft!<\/p>\n\n\n\n<figure class=\"wp-block-image size-large\"><img loading=\"lazy\" width=\"1024\" height=\"679\" src=\"https:\/\/www.messern.at\/feuerwehr\/wp-content\/uploads\/2021\/12\/DSC_1136-1024x679.jpg\" alt=\"\" class=\"wp-image-890\" srcset=\"https:\/\/www.messern.at\/feuerwehr\/wp-content\/uploads\/2021\/12\/DSC_1136-1024x679.jpg 1024w, https:\/\/www.messern.at\/feuerwehr\/wp-content\/uploads\/2021\/12\/DSC_1136-300x199.jpg 300w, https:\/\/www.messern.at\/feuerwehr\/wp-content\/uploads\/2021\/12\/DSC_1136-768x509.jpg 768w, https:\/\/www.messern.at\/feuerwehr\/wp-content\/uploads\/2021\/12\/DSC_1136-1536x1019.jpg 1536w, https:\/\/www.messern.at\/feuerwehr\/wp-content\/uploads\/2021\/12\/DSC_1136-2048x1358.jpg 2048w\" sizes=\"(max-width: 1024px) 100vw, 1024px\" \/><\/figure>\n\n\n\n<figure class=\"wp-block-image size-large\"><img loading=\"lazy\" width=\"1024\" height=\"768\" src=\"https:\/\/www.messern.at\/feuerwehr\/wp-content\/uploads\/2021\/12\/DSC01474-1024x768.jpg\" alt=\"\" class=\"wp-image-896\" srcset=\"https:\/\/www.messern.at\/feuerwehr\/wp-content\/uploads\/2021\/12\/DSC01474-1024x768.jpg 1024w, https:\/\/www.messern.at\/feuerwehr\/wp-content\/uploads\/2021\/12\/DSC01474-300x225.jpg 300w, https:\/\/www.messern.at\/feuerwehr\/wp-content\/uploads\/2021\/12\/DSC01474-768x576.jpg 768w, https:\/\/www.messern.at\/feuerwehr\/wp-content\/uploads\/2021\/12\/DSC01474-1536x1152.jpg 1536w, https:\/\/www.messern.at\/feuerwehr\/wp-content\/uploads\/2021\/12\/DSC01474-2048x1536.jpg 2048w\" sizes=\"(max-width: 1024px) 100vw, 1024px\" \/><\/figure>\n\n\n\n<figure class=\"wp-block-image size-large\"><img loading=\"lazy\" width=\"1024\" height=\"768\" src=\"https:\/\/www.messern.at\/feuerwehr\/wp-content\/uploads\/2021\/12\/DSC02395-1024x768.jpg\" alt=\"\" class=\"wp-image-898\" srcset=\"https:\/\/www.messern.at\/feuerwehr\/wp-content\/uploads\/2021\/12\/DSC02395-1024x768.jpg 1024w, https:\/\/www.messern.at\/feuerwehr\/wp-content\/uploads\/2021\/12\/DSC02395-300x225.jpg 300w, https:\/\/www.messern.at\/feuerwehr\/wp-content\/uploads\/2021\/12\/DSC02395-768x576.jpg 768w, https:\/\/www.messern.at\/feuerwehr\/wp-content\/uploads\/2021\/12\/DSC02395-1536x1152.jpg 1536w, https:\/\/www.messern.at\/feuerwehr\/wp-content\/uploads\/2021\/12\/DSC02395-2048x1536.jpg 2048w\" sizes=\"(max-width: 1024px) 100vw, 1024px\" \/><\/figure>\n\n\n\n<figure class=\"wp-block-image size-large\"><img loading=\"lazy\" width=\"1024\" height=\"768\" src=\"https:\/\/www.messern.at\/feuerwehr\/wp-content\/uploads\/2021\/12\/DSC02399-1024x768.jpg\" alt=\"\" class=\"wp-image-897\" srcset=\"https:\/\/www.messern.at\/feuerwehr\/wp-content\/uploads\/2021\/12\/DSC02399-1024x768.jpg 1024w, https:\/\/www.messern.at\/feuerwehr\/wp-content\/uploads\/2021\/12\/DSC02399-300x225.jpg 300w, https:\/\/www.messern.at\/feuerwehr\/wp-content\/uploads\/2021\/12\/DSC02399-768x576.jpg 768w, https:\/\/www.messern.at\/feuerwehr\/wp-content\/uploads\/2021\/12\/DSC02399-1536x1152.jpg 1536w, https:\/\/www.messern.at\/feuerwehr\/wp-content\/uploads\/2021\/12\/DSC02399-2048x1536.jpg 2048w\" sizes=\"(max-width: 1024px) 100vw, 1024px\" \/><\/figure>\n\n\n\n<figure class=\"wp-block-image size-large\"><img loading=\"lazy\" width=\"1024\" height=\"768\" src=\"https:\/\/www.messern.at\/feuerwehr\/wp-content\/uploads\/2021\/12\/DSC07276-1024x768.jpg\" alt=\"\" class=\"wp-image-895\" srcset=\"https:\/\/www.messern.at\/feuerwehr\/wp-content\/uploads\/2021\/12\/DSC07276-1024x768.jpg 1024w, https:\/\/www.messern.at\/feuerwehr\/wp-content\/uploads\/2021\/12\/DSC07276-300x225.jpg 300w, https:\/\/www.messern.at\/feuerwehr\/wp-content\/uploads\/2021\/12\/DSC07276-768x576.jpg 768w, https:\/\/www.messern.at\/feuerwehr\/wp-content\/uploads\/2021\/12\/DSC07276-1536x1152.jpg 1536w, https:\/\/www.messern.at\/feuerwehr\/wp-content\/uploads\/2021\/12\/DSC07276-2048x1536.jpg 2048w\" sizes=\"(max-width: 1024px) 100vw, 1024px\" \/><\/figure>\n\n\n\n<figure class=\"wp-block-image\"><img\/><\/figure>\n\n\n\n<figure class=\"wp-block-image size-large\"><img loading=\"lazy\" width=\"1024\" height=\"768\" src=\"https:\/\/www.messern.at\/feuerwehr\/wp-content\/uploads\/2021\/12\/DSC07283-1024x768.jpg\" alt=\"\" class=\"wp-image-899\" srcset=\"https:\/\/www.messern.at\/feuerwehr\/wp-content\/uploads\/2021\/12\/DSC07283-1024x768.jpg 1024w, https:\/\/www.messern.at\/feuerwehr\/wp-content\/uploads\/2021\/12\/DSC07283-300x225.jpg 300w, https:\/\/www.messern.at\/feuerwehr\/wp-content\/uploads\/2021\/12\/DSC07283-768x576.jpg 768w, https:\/\/www.messern.at\/feuerwehr\/wp-content\/uploads\/2021\/12\/DSC07283-1536x1152.jpg 1536w, https:\/\/www.messern.at\/feuerwehr\/wp-content\/uploads\/2021\/12\/DSC07283-2048x1536.jpg 2048w\" sizes=\"(max-width: 1024px) 100vw, 1024px\" \/><\/figure>\n\n\n\n<figure class=\"wp-block-image size-large\"><img loading=\"lazy\" width=\"1024\" height=\"679\" src=\"https:\/\/www.messern.at\/feuerwehr\/wp-content\/uploads\/2021\/12\/Feuerwehrball-1024x679.jpg\" alt=\"\" class=\"wp-image-891\" srcset=\"https:\/\/www.messern.at\/feuerwehr\/wp-content\/uploads\/2021\/12\/Feuerwehrball-1024x679.jpg 1024w, https:\/\/www.messern.at\/feuerwehr\/wp-content\/uploads\/2021\/12\/Feuerwehrball-300x199.jpg 300w, https:\/\/www.messern.at\/feuerwehr\/wp-content\/uploads\/2021\/12\/Feuerwehrball-768x509.jpg 768w, https:\/\/www.messern.at\/feuerwehr\/wp-content\/uploads\/2021\/12\/Feuerwehrball-1536x1019.jpg 1536w, https:\/\/www.messern.at\/feuerwehr\/wp-content\/uploads\/2021\/12\/Feuerwehrball-2048x1358.jpg 2048w\" sizes=\"(max-width: 1024px) 100vw, 1024px\" \/><\/figure>\n\n\n\n<figure class=\"wp-block-image size-large\"><img loading=\"lazy\" width=\"1024\" height=\"683\" src=\"https:\/\/www.messern.at\/feuerwehr\/wp-content\/uploads\/2021\/12\/IMG_3492-1024x683.jpg\" alt=\"\" class=\"wp-image-892\" srcset=\"https:\/\/www.messern.at\/feuerwehr\/wp-content\/uploads\/2021\/12\/IMG_3492-1024x683.jpg 1024w, https:\/\/www.messern.at\/feuerwehr\/wp-content\/uploads\/2021\/12\/IMG_3492-300x200.jpg 300w, https:\/\/www.messern.at\/feuerwehr\/wp-content\/uploads\/2021\/12\/IMG_3492-768x512.jpg 768w, https:\/\/www.messern.at\/feuerwehr\/wp-content\/uploads\/2021\/12\/IMG_3492-1536x1024.jpg 1536w, https:\/\/www.messern.at\/feuerwehr\/wp-content\/uploads\/2021\/12\/IMG_3492-2048x1365.jpg 2048w\" sizes=\"(max-width: 1024px) 100vw, 1024px\" \/><\/figure>\n\n\n\n<figure class=\"wp-block-image size-large\"><img loading=\"lazy\" width=\"1024\" height=\"683\" src=\"https:\/\/www.messern.at\/feuerwehr\/wp-content\/uploads\/2021\/12\/IMG_3497-1024x683.jpg\" alt=\"\" class=\"wp-image-893\" srcset=\"https:\/\/www.messern.at\/feuerwehr\/wp-content\/uploads\/2021\/12\/IMG_3497-1024x683.jpg 1024w, https:\/\/www.messern.at\/feuerwehr\/wp-content\/uploads\/2021\/12\/IMG_3497-300x200.jpg 300w, https:\/\/www.messern.at\/feuerwehr\/wp-content\/uploads\/2021\/12\/IMG_3497-768x512.jpg 768w, https:\/\/www.messern.at\/feuerwehr\/wp-content\/uploads\/2021\/12\/IMG_3497-1536x1024.jpg 1536w, https:\/\/www.messern.at\/feuerwehr\/wp-content\/uploads\/2021\/12\/IMG_3497-2048x1365.jpg 2048w\" sizes=\"(max-width: 1024px) 100vw, 1024px\" \/><\/figure>\n","protected":false},"excerpt":{"rendered":"<p>Die Familie Guschel kam im Jahre 1979 nach Messern, wo Frau Hildegard Guschel zusammen mit ihrem Gatten Karl, wir nannten ihn sp\u00e4ter Bill, unser Wirtshaus \u00fcbernahmen.Von Anfang an unterst\u00fctzte unsere neue Wirtin alle Vereine gro\u00dfz\u00fcgig, dabei kam auch die Freiwillige Feuerwehr Messern nicht zu kurz.So war es zum Beispiel ganz normal, dass sie eine Kiste [&hellip;]<\/p>\n","protected":false},"author":7,"featured_media":900,"comment_status":"closed","ping_status":"closed","sticky":false,"template":"","format":"standard","meta":[],"categories":[1],"tags":[],"acf":[],"_links":{"self":[{"href":"https:\/\/www.messern.at\/feuerwehr\/wp-json\/wp\/v2\/posts\/889"}],"collection":[{"href":"https:\/\/www.messern.at\/feuerwehr\/wp-json\/wp\/v2\/posts"}],"about":[{"href":"https:\/\/www.messern.at\/feuerwehr\/wp-json\/wp\/v2\/types\/post"}],"author":[{"embeddable":true,"href":"https:\/\/www.messern.at\/feuerwehr\/wp-json\/wp\/v2\/users\/7"}],"replies":[{"embeddable":true,"href":"https:\/\/www.messern.at\/feuerwehr\/wp-json\/wp\/v2\/comments?post=889"}],"version-history":[{"count":2,"href":"https:\/\/www.messern.at\/feuerwehr\/wp-json\/wp\/v2\/posts\/889\/revisions"}],"predecessor-version":[{"id":902,"href":"https:\/\/www.messern.at\/feuerwehr\/wp-json\/wp\/v2\/posts\/889\/revisions\/902"}],"wp:featuredmedia":[{"embeddable":true,"href":"https:\/\/www.messern.at\/feuerwehr\/wp-json\/wp\/v2\/media\/900"}],"wp:attachment":[{"href":"https:\/\/www.messern.at\/feuerwehr\/wp-json\/wp\/v2\/media?parent=889"}],"wp:term":[{"taxonomy":"category","embeddable":true,"href":"https:\/\/www.messern.at\/feuerwehr\/wp-json\/wp\/v2\/categories?post=889"},{"taxonomy":"post_tag","embeddable":true,"href":"https:\/\/www.messern.at\/feuerwehr\/wp-json\/wp\/v2\/tags?post=889"}],"curies":[{"name":"wp","href":"https:\/\/api.w.org\/{rel}","templated":true}]}}