{"id":863,"date":"2020-12-31T18:02:00","date_gmt":"2020-12-31T17:02:00","guid":{"rendered":"https:\/\/www.messern.at\/feuerwehr\/?p=863"},"modified":"2021-12-06T15:07:15","modified_gmt":"2021-12-06T14:07:15","slug":"aenderungen-im-fuhrpark","status":"publish","type":"post","link":"https:\/\/www.messern.at\/feuerwehr\/uncategorized\/aenderungen-im-fuhrpark\/","title":{"rendered":"\u00c4nderungen im Fuhrpark"},"content":{"rendered":"\n<p><strong>LT35 geht auf Reisen, neues Mannschaftstransportfahrzeug und neuer Anh\u00e4nger angekauft<\/strong><\/p>\n\n\n\n<p>Unser VW LT35\u2026 ja viel, ganz viel k\u00f6nnte man \u00fcber ihn erz\u00e4hlen, also hier ein R\u00fcckblick \u00fcber seine lange Karriere \ud83d\ude09<br>Der VW LT35 ist ein Baujahr 1977 und diente von da an bis ins Jahr 1999 bei der FF Kleinriedenthal im Bezirk Hollabrunn. In diesem Jahr wurde er dann von der FF Messern um 57.000 Schilling gekauft. Er diente als Ersatz eines VW-Buses, der vielen \u00c4lteren noch durch sein markantes wei\u00dfes Dach in Erinnerung sein wird. Im Zuge des Kirtags im Sommer 1999 wurde also das neue Auto gesegnet und feierlich seiner Bestimmung \u00fcbergeben. Autopatinen waren damals Anna, Karin und Gerlinde Riedl (heute verheiratete Gerlinde Frank) und Maria Hutecek.<br>Viele Eins\u00e4tze und \u00dcbungen wurden mit unserem Kleinl\u00f6schfahrzeug (so die offizielle Bezeichnung) in den letzten beiden Jahrzehnten gemeistert und auch bei den Besuchen von diversen Leistungsbewerben kam er ganz Nieder\u00f6sterreich ab und hat die Feuerwehr nie im Stich gelassen. Oft wurde er von seinen Fahrern als \u201ezach\u201c oder \u201emodig\u201c bezeichnet, denn schlie\u00dflich hatte er f\u00fcr seine 70 PS ja auch einiges zu bef\u00f6rdern: 9 Leute Besatzung, 1 Tragkraftspritze, 4 Saugleitungen, zahlreiche B- und C-Schl\u00e4uche, Saugkopf, Schanzwerkzeug, Atemschutzger\u00e4te, Atemschutzflaschen und und und\u2026. Da durfte man ihm eigentlich nicht b\u00f6se sein, wenn man beim Fahren auf den \u201eRothweinsdorfer-Berg\u201c schon auch ein wenig Zeit hatte, die Landschaft zu bewundern \ud83d\ude09<br>Durch unseren Fahrmeister Erich Riedl wurde unser LT immer gepflegt und gehegt und so waren in den 21 Jahren, wo das Auto in unserem Besitz war, au\u00dfer den \u00fcblichen Servicet\u00e4tigkeiten, keine gr\u00f6\u00dfere Reparaturen notwendig. Im Jahr 2020 w\u00e4ren jedoch f\u00fcr das notwendige \u201ePickerl\u201c zahlreiche kostspielige Investitionen notwendig gewesen, die aber nicht mehr in Relation f\u00fcr die Feuerwehr gestanden w\u00e4ren und der technische Zustand erlaubte kein weiteres \u201ePickerl\u201c.<br>Als Ersatzfahrzeug kommt f\u00fcr uns auf Grund des neuen Stationierungskonzeptes unserer Gemeinde &#8222;nur&#8220; ein Mannschaftstransportfahrzeug in Frage. Somit mussten wir \u00fcberlegen, was wir mit der kompletten L\u00f6schausr\u00fcstung des Kleinl\u00f6schfahrzeuges machen.<br>Die L\u00f6sung war die Anschaffung eines Anh\u00e4ngers, mit dem wir zuk\u00fcnftig die Tragkraftspritze, die komplette Schlauchausr\u00fcstung und die notwendigen Armaturen transportieren k\u00f6nnen. Da es sich um einen &#8222;leichten&#8220; Anh\u00e4nger handelt, haben wir auch keinerlei Probleme mit F\u00fchrerscheinen oder den ziehenden Fahrzeugen.<br>Eine Neuigkeit in unserer Feuerwehr sind auch die neuen &#8222;Feuerwehr-Fahrzeugkennzeichen&#8220;, die zuk\u00fcnftig alle Feuerwehrfahrzeuge bekommen. Unser Anh\u00e4nger hat das Kennzeichen &#8222;FW 274 HO&#8220;<br>Die Kosten f\u00fcr den Anh\u00e4nger betrugen rund 3.400 Euro. Danke an alle, die mitgeholfen haben, den Anh\u00e4nger auszur\u00fcsten! Der Aufbau im \u201eEdlinger-Anh\u00e4nger\u201c wurde durch Feuerwehrmitglieder durchgef\u00fchrt.<br>Der Anh\u00e4nger ist also schon fertig und das notwendige Mannschaftstransportfahrzeug (kurz MTF) mit Anh\u00e4ngerkupplung wurde auch schon in die Wege geleitet. Nach Abw\u00e4gung der f\u00fcr uns notwendigen Anforderungen (wie unter anderem ein Allradgetriebe) und der Kosten entschied man sich f\u00fcr die Anschaffung eines Ford Transits \u00fcber die Firma Lehr aus Horn.<br>Am 15. Dezember 2020 wurde seitens des Gemeinderates der Marktgemeinde Irnfritz-Messern der Kauf des MTF und eine Subvention f\u00fcr den Ankauf von \u20ac 15.000,00 beschlossen. Neben dieser Subvention seitens der Gemeinde, einer Landesf\u00f6rderung und der Mehrwertsteuer-R\u00fcckverg\u00fctung bleibt somit f\u00fcr die FF-Messern ein zu zahlender Betrag von ca. \u20ac 28.000. Bei der Mitgliederversammlung im Zuge der Wahl am 9. J\u00e4nner 2021 wurde dann auch von den Feuerwehrmitgliedern \u201egr\u00fcnes Licht gegeben\u201c und die Bestellung des Autos konnte erfolgen. Bei einer Lieferzeit von mehreren Monaten hoffen wir, dass das Fahrzeug im Sommer 2021 ausgeliefert wird und dann seiner Bestimmung \u00fcbergeben werden kann.<br>An dieser Stelle nochmals ein ganz, ganz gro\u00dfes DANKE f\u00fcr die vielen gro\u00dfz\u00fcgigen Spenden!!<br>Und was ist aus unserem LT eigentlich geworden? Ja auf ihn warten neue Herausforderungen und auf eine \u201ePension\u201c oder gar eine \u201eVerschrottung\u201c ist \u00fcberhaupt nicht zu denken\u2026 \u00dcber das Internet konnten wir einen Liebhaber aus Holland finden, der unseren LT gekauft hat. Er kam nach \u00d6sterreich und begab sich mit unserem Auto auf die laaange Reise in die Niederlande. Mit ein paar kleineren Problemchen und vielen Litern Benzin sp\u00e4ter ist er auch gut in seiner neuen Heimat angekommen, lies uns sein neuer Besitzer wissen\u2026 Dort wird er nun liebevoll hergerichtet und wartet auf neue gro\u00dfe Abenteuer\u2026 Einen \u201eRothweinsdorfer-Berg\u201c wird er dort aber sicher nicht mehr zu bew\u00e4ltigen haben\u2026 \ud83d\ude09 Vielleicht h\u00f6ren wir ja mal wieder etwas von unserem ehemaligen \u201eguten alten LT35\u201c \u2026<\/p>\n\n\n\n<figure class=\"wp-block-image size-large\"><img loading=\"lazy\" width=\"1024\" height=\"768\" src=\"https:\/\/www.messern.at\/feuerwehr\/wp-content\/uploads\/2021\/12\/2011-LT-Krems-1024x768.jpg\" alt=\"\" class=\"wp-image-868\" srcset=\"https:\/\/www.messern.at\/feuerwehr\/wp-content\/uploads\/2021\/12\/2011-LT-Krems-1024x768.jpg 1024w, https:\/\/www.messern.at\/feuerwehr\/wp-content\/uploads\/2021\/12\/2011-LT-Krems-300x225.jpg 300w, https:\/\/www.messern.at\/feuerwehr\/wp-content\/uploads\/2021\/12\/2011-LT-Krems-768x576.jpg 768w, https:\/\/www.messern.at\/feuerwehr\/wp-content\/uploads\/2021\/12\/2011-LT-Krems-1536x1152.jpg 1536w, https:\/\/www.messern.at\/feuerwehr\/wp-content\/uploads\/2021\/12\/2011-LT-Krems-2048x1536.jpg 2048w\" sizes=\"(max-width: 1024px) 100vw, 1024px\" \/><\/figure>\n\n\n\n<figure class=\"wp-block-image size-large\"><img loading=\"lazy\" width=\"1024\" height=\"498\" src=\"https:\/\/www.messern.at\/feuerwehr\/wp-content\/uploads\/2021\/12\/IMG-20200202-WA0007-1024x498.jpg\" alt=\"\" class=\"wp-image-867\" srcset=\"https:\/\/www.messern.at\/feuerwehr\/wp-content\/uploads\/2021\/12\/IMG-20200202-WA0007-1024x498.jpg 1024w, https:\/\/www.messern.at\/feuerwehr\/wp-content\/uploads\/2021\/12\/IMG-20200202-WA0007-300x146.jpg 300w, https:\/\/www.messern.at\/feuerwehr\/wp-content\/uploads\/2021\/12\/IMG-20200202-WA0007-768x373.jpg 768w, https:\/\/www.messern.at\/feuerwehr\/wp-content\/uploads\/2021\/12\/IMG-20200202-WA0007-1536x746.jpg 1536w, https:\/\/www.messern.at\/feuerwehr\/wp-content\/uploads\/2021\/12\/IMG-20200202-WA0007.jpg 1599w\" sizes=\"(max-width: 1024px) 100vw, 1024px\" \/><\/figure>\n\n\n\n<figure class=\"wp-block-image size-large\"><img loading=\"lazy\" width=\"1024\" height=\"710\" src=\"https:\/\/www.messern.at\/feuerwehr\/wp-content\/uploads\/2021\/12\/LT-Einweihung-1024x710.jpg\" alt=\"\" class=\"wp-image-866\" srcset=\"https:\/\/www.messern.at\/feuerwehr\/wp-content\/uploads\/2021\/12\/LT-Einweihung-1024x710.jpg 1024w, https:\/\/www.messern.at\/feuerwehr\/wp-content\/uploads\/2021\/12\/LT-Einweihung-300x208.jpg 300w, https:\/\/www.messern.at\/feuerwehr\/wp-content\/uploads\/2021\/12\/LT-Einweihung-768x533.jpg 768w, https:\/\/www.messern.at\/feuerwehr\/wp-content\/uploads\/2021\/12\/LT-Einweihung.jpg 1197w\" sizes=\"(max-width: 1024px) 100vw, 1024px\" \/><\/figure>\n\n\n\n<figure class=\"wp-block-image size-full\"><a href=\"https:\/\/www.messern.at\/feuerwehr\/wp-content\/uploads\/2021\/12\/VW-Bus.jpg\"><img loading=\"lazy\" width=\"868\" height=\"517\" src=\"https:\/\/www.messern.at\/feuerwehr\/wp-content\/uploads\/2021\/12\/VW-Bus.jpg\" alt=\"\" class=\"wp-image-865\" srcset=\"https:\/\/www.messern.at\/feuerwehr\/wp-content\/uploads\/2021\/12\/VW-Bus.jpg 868w, https:\/\/www.messern.at\/feuerwehr\/wp-content\/uploads\/2021\/12\/VW-Bus-300x179.jpg 300w, https:\/\/www.messern.at\/feuerwehr\/wp-content\/uploads\/2021\/12\/VW-Bus-768x457.jpg 768w\" sizes=\"(max-width: 868px) 100vw, 868px\" \/><\/a><\/figure>\n","protected":false},"excerpt":{"rendered":"<p>LT35 geht auf Reisen, neues Mannschaftstransportfahrzeug und neuer Anh\u00e4nger angekauft Unser VW LT35\u2026 ja viel, ganz viel k\u00f6nnte man \u00fcber ihn erz\u00e4hlen, also hier ein R\u00fcckblick \u00fcber seine lange Karriere \ud83d\ude09Der VW LT35 ist ein Baujahr 1977 und diente von da an bis ins Jahr 1999 bei der FF Kleinriedenthal im Bezirk Hollabrunn. In diesem [&hellip;]<\/p>\n","protected":false},"author":7,"featured_media":864,"comment_status":"closed","ping_status":"closed","sticky":false,"template":"","format":"standard","meta":[],"categories":[1],"tags":[],"acf":[],"_links":{"self":[{"href":"https:\/\/www.messern.at\/feuerwehr\/wp-json\/wp\/v2\/posts\/863"}],"collection":[{"href":"https:\/\/www.messern.at\/feuerwehr\/wp-json\/wp\/v2\/posts"}],"about":[{"href":"https:\/\/www.messern.at\/feuerwehr\/wp-json\/wp\/v2\/types\/post"}],"author":[{"embeddable":true,"href":"https:\/\/www.messern.at\/feuerwehr\/wp-json\/wp\/v2\/users\/7"}],"replies":[{"embeddable":true,"href":"https:\/\/www.messern.at\/feuerwehr\/wp-json\/wp\/v2\/comments?post=863"}],"version-history":[{"count":2,"href":"https:\/\/www.messern.at\/feuerwehr\/wp-json\/wp\/v2\/posts\/863\/revisions"}],"predecessor-version":[{"id":903,"href":"https:\/\/www.messern.at\/feuerwehr\/wp-json\/wp\/v2\/posts\/863\/revisions\/903"}],"wp:featuredmedia":[{"embeddable":true,"href":"https:\/\/www.messern.at\/feuerwehr\/wp-json\/wp\/v2\/media\/864"}],"wp:attachment":[{"href":"https:\/\/www.messern.at\/feuerwehr\/wp-json\/wp\/v2\/media?parent=863"}],"wp:term":[{"taxonomy":"category","embeddable":true,"href":"https:\/\/www.messern.at\/feuerwehr\/wp-json\/wp\/v2\/categories?post=863"},{"taxonomy":"post_tag","embeddable":true,"href":"https:\/\/www.messern.at\/feuerwehr\/wp-json\/wp\/v2\/tags?post=863"}],"curies":[{"name":"wp","href":"https:\/\/api.w.org\/{rel}","templated":true}]}}