{"id":855,"date":"2020-11-26T18:00:00","date_gmt":"2020-11-26T17:00:00","guid":{"rendered":"https:\/\/www.messern.at\/feuerwehr\/?p=855"},"modified":"2021-12-02T18:02:34","modified_gmt":"2021-12-02T17:02:34","slug":"ludwig-heilig-12-05-1932-26-11-2020","status":"publish","type":"post","link":"https:\/\/www.messern.at\/feuerwehr\/uncategorized\/ludwig-heilig-12-05-1932-26-11-2020\/","title":{"rendered":"Ludwig Heilig (12.05.1932 \u2013 26.11.2020)"},"content":{"rendered":"\n<p>Ludwig Heilig trat bereits am 6. J\u00e4nner 1950 zur FF Messern bei und war somit f\u00fcr \u00fcber 70 Jahre (!!) Mitglied unserer Feuerwehr. Unser \u00e4ltestes und l\u00e4ngst dienendes Mitglied Ludwig, oder vielen besser bekannt als \u201eZwuck\u201c ist im November im 89. Lebensjahr verstorben. Viel ist \u00fcber das Feuerwehrleben von Ludwig nicht mehr bekannt, aber alle konnten best\u00e4tigen, dass er immer bei Eins\u00e4tzen, \u00dcbungen und bei Veranstaltungen zuverl\u00e4ssig teilnahm, flei\u00dfig mithalf und man mit ihm stets rechnen konnte.<br>Im Jahr 2010 erhielt Ludwig Heilig das \u201eEhrenzeichen f\u00fcr langj\u00e4hrige verdienstvolle T\u00e4tigkeit im Feuerwehrwesen 60 Jahre\u201c. Dies wurde ihm gemeinsam mit seinen Kameraden Herman Herzog und Johann Polt, die ebenfalls diese Ehrung erhielten, im Zuge des Abschnittsfeuerwehrtages in Frauenhofen \u00fcbergeben. Gerne erinnere ich, Manuel Weinberger, mich an diesen Tag zur\u00fcck, als ich unsere drei \u201eOldies\u201c gemeinsam mit ihren Ehefrauen abholen durfte und sie mit unserem LT 35 als Taxi herum kutschieren durfte. So konnten sie stolz dieses seltene Abzeichen entgegennehmen und gemeinsam ein paar Achterln Wein trinken und auf eine sch\u00f6ne Zeit ansto\u00dfen. Ein sch\u00f6ner Abend, den ich da gemeinsam mit ihnen verbringen durfte und man merkte die Dankbarkeit und Lebensfreude unserer alten Herren. Ein Ereignis, an das ich mich immer gerne zur\u00fcck erinnere \u2013 besonders jetzt, wo der letzte in diesem \u201eDreier-Bunde\u201c verstorben ist.<\/p>\n\n\n\n<p>Besonders bekannt und gesch\u00e4tzt war Ludwig Heilig aber vor allem auch in seiner Funktion als Obmann des Pensionistenverbandes der Ortsgruppe Irnfritz-Messern, die er von 1995 bis 2005 innehatte.<\/p>\n\n\n\n<p>Auch bei der Aktion \u201eEssen auf R\u00e4der\u201c war Ludwig f\u00fcr viele Jahre aktiv dabei und versorgte so viele bed\u00fcrftige Gemeindeb\u00fcrger mit frischem Essen und f\u00fchrte gerne mit ihnen auch das eine oder andere nette Gespr\u00e4ch.<\/p>\n\n\n\n<p>Unvergessen werden unser Ludwig mit seiner Valerie mit Sicherheit als wichtige G\u00e4ste bei den diversesten Veranstaltungen bleiben. Auch bei der \u201eSt\u00f6gerrunde\u201c in Irnfritz, von Frau Fally und Frau Holzinger begleitet, wurden so viele sch\u00f6ne gemeinsame Stunden verbracht. Und zu guter letzt waren die vielen sch\u00f6nen Ereignisse und Festivit\u00e4ten mit seinen \u201eGrubianern\u201c nicht aus dem Leben von Ludwig wegzudenken.<\/p>\n\n\n\n<p>Lieber Ludwig, danke f\u00fcr dein vorbildliches Engagement f\u00fcr die Feuerwehr und f\u00fcr die Allgemeinheit. Hoffentlich kannst du nun schon mit deiner lieben \u201eVali\u201c das Tanzbein schwingen und mit deinen verstorbenen Freunden und Kameraden das eine oder andere Achterl trinken\u2026<br>Wir werden dir stets ein Ehrenhaftes Andenken bewahren!<\/p>\n\n\n\n<figure class=\"wp-block-image size-large\"><img loading=\"lazy\" width=\"1024\" height=\"768\" src=\"https:\/\/www.messern.at\/feuerwehr\/wp-content\/uploads\/2021\/12\/Essen-auf-Raeder-2005-1024x768.jpg\" alt=\"\" class=\"wp-image-857\" srcset=\"https:\/\/www.messern.at\/feuerwehr\/wp-content\/uploads\/2021\/12\/Essen-auf-Raeder-2005-1024x768.jpg 1024w, https:\/\/www.messern.at\/feuerwehr\/wp-content\/uploads\/2021\/12\/Essen-auf-Raeder-2005-300x225.jpg 300w, https:\/\/www.messern.at\/feuerwehr\/wp-content\/uploads\/2021\/12\/Essen-auf-Raeder-2005-768x576.jpg 768w, https:\/\/www.messern.at\/feuerwehr\/wp-content\/uploads\/2021\/12\/Essen-auf-Raeder-2005-1536x1152.jpg 1536w, https:\/\/www.messern.at\/feuerwehr\/wp-content\/uploads\/2021\/12\/Essen-auf-Raeder-2005.jpg 1600w\" sizes=\"(max-width: 1024px) 100vw, 1024px\" \/><\/figure>\n\n\n\n<figure class=\"wp-block-image size-large\"><img loading=\"lazy\" width=\"1024\" height=\"681\" src=\"https:\/\/www.messern.at\/feuerwehr\/wp-content\/uploads\/2021\/12\/Geburtstage-1024x681.jpg\" alt=\"\" class=\"wp-image-859\" srcset=\"https:\/\/www.messern.at\/feuerwehr\/wp-content\/uploads\/2021\/12\/Geburtstage-1024x681.jpg 1024w, https:\/\/www.messern.at\/feuerwehr\/wp-content\/uploads\/2021\/12\/Geburtstage-300x199.jpg 300w, https:\/\/www.messern.at\/feuerwehr\/wp-content\/uploads\/2021\/12\/Geburtstage-768x511.jpg 768w, https:\/\/www.messern.at\/feuerwehr\/wp-content\/uploads\/2021\/12\/Geburtstage-1536x1021.jpg 1536w, https:\/\/www.messern.at\/feuerwehr\/wp-content\/uploads\/2021\/12\/Geburtstage-2048x1362.jpg 2048w\" sizes=\"(max-width: 1024px) 100vw, 1024px\" \/><\/figure>\n\n\n\n<figure class=\"wp-block-image size-large\"><img loading=\"lazy\" width=\"1024\" height=\"683\" src=\"https:\/\/www.messern.at\/feuerwehr\/wp-content\/uploads\/2021\/12\/IMG_0373-1024x683.jpg\" alt=\"\" class=\"wp-image-858\" srcset=\"https:\/\/www.messern.at\/feuerwehr\/wp-content\/uploads\/2021\/12\/IMG_0373-1024x683.jpg 1024w, https:\/\/www.messern.at\/feuerwehr\/wp-content\/uploads\/2021\/12\/IMG_0373-300x200.jpg 300w, https:\/\/www.messern.at\/feuerwehr\/wp-content\/uploads\/2021\/12\/IMG_0373-768x512.jpg 768w, https:\/\/www.messern.at\/feuerwehr\/wp-content\/uploads\/2021\/12\/IMG_0373-1536x1024.jpg 1536w, https:\/\/www.messern.at\/feuerwehr\/wp-content\/uploads\/2021\/12\/IMG_0373-2048x1365.jpg 2048w\" sizes=\"(max-width: 1024px) 100vw, 1024px\" \/><\/figure>\n","protected":false},"excerpt":{"rendered":"<p>Ludwig Heilig trat bereits am 6. J\u00e4nner 1950 zur FF Messern bei und war somit f\u00fcr \u00fcber 70 Jahre (!!) Mitglied unserer Feuerwehr. Unser \u00e4ltestes und l\u00e4ngst dienendes Mitglied Ludwig, oder vielen besser bekannt als \u201eZwuck\u201c ist im November im 89. Lebensjahr verstorben. Viel ist \u00fcber das Feuerwehrleben von Ludwig nicht mehr bekannt, aber alle [&hellip;]<\/p>\n","protected":false},"author":7,"featured_media":856,"comment_status":"closed","ping_status":"closed","sticky":false,"template":"","format":"standard","meta":[],"categories":[1],"tags":[],"acf":[],"_links":{"self":[{"href":"https:\/\/www.messern.at\/feuerwehr\/wp-json\/wp\/v2\/posts\/855"}],"collection":[{"href":"https:\/\/www.messern.at\/feuerwehr\/wp-json\/wp\/v2\/posts"}],"about":[{"href":"https:\/\/www.messern.at\/feuerwehr\/wp-json\/wp\/v2\/types\/post"}],"author":[{"embeddable":true,"href":"https:\/\/www.messern.at\/feuerwehr\/wp-json\/wp\/v2\/users\/7"}],"replies":[{"embeddable":true,"href":"https:\/\/www.messern.at\/feuerwehr\/wp-json\/wp\/v2\/comments?post=855"}],"version-history":[{"count":1,"href":"https:\/\/www.messern.at\/feuerwehr\/wp-json\/wp\/v2\/posts\/855\/revisions"}],"predecessor-version":[{"id":861,"href":"https:\/\/www.messern.at\/feuerwehr\/wp-json\/wp\/v2\/posts\/855\/revisions\/861"}],"wp:featuredmedia":[{"embeddable":true,"href":"https:\/\/www.messern.at\/feuerwehr\/wp-json\/wp\/v2\/media\/856"}],"wp:attachment":[{"href":"https:\/\/www.messern.at\/feuerwehr\/wp-json\/wp\/v2\/media?parent=855"}],"wp:term":[{"taxonomy":"category","embeddable":true,"href":"https:\/\/www.messern.at\/feuerwehr\/wp-json\/wp\/v2\/categories?post=855"},{"taxonomy":"post_tag","embeddable":true,"href":"https:\/\/www.messern.at\/feuerwehr\/wp-json\/wp\/v2\/tags?post=855"}],"curies":[{"name":"wp","href":"https:\/\/api.w.org\/{rel}","templated":true}]}}