{"id":823,"date":"2020-12-31T17:49:00","date_gmt":"2020-12-31T16:49:00","guid":{"rendered":"https:\/\/www.messern.at\/feuerwehr\/?p=823"},"modified":"2021-12-02T17:55:05","modified_gmt":"2021-12-02T16:55:05","slug":"rueckblick-klaus-und-otto","status":"publish","type":"post","link":"https:\/\/www.messern.at\/feuerwehr\/uncategorized\/rueckblick-klaus-und-otto\/","title":{"rendered":"R\u00fcckblick Klaus und Otto"},"content":{"rendered":"\n<p>Es waren sehr sch\u00f6ne, lehrreiche und interessante 20 Jahre als Kommandant der Freiwilligen Feuerwehr Messern. Mein Stellvertreter Otto Fischer, der \u00fcbrigens seine Funktion 30 Jahre innehatte, und ich sind sehr froh, mit Kevin Schmid-Metz und Gerald Kaindl zwei junge f\u00e4hige Mitglieder gefunden zu haben, die zuk\u00fcnftig gemeinsam mit dem \u201ealten Hasen\u201c und Leiter der Verwaltung J\u00fcrgen Lausch das Feuerwehrkommando unserer Feuerwehr bilden werden.<br>Nichts desto trotz glaube ich, dass wir in den letzten 20 Jahren einiges bewegt haben:<\/p>\n\n\n\n<p>Da wir Feuerwehrmitglieder alle freiwillig arbeiten, ist es oberstes Ziel Verletzung im Feuerwehrdienst zu vermeiden. Eine ganz wichtige Voraussetzung daf\u00fcr ist die pers\u00f6nliche Schutzausr\u00fcstung, kurz PSA. Mein erstes gro\u00dfes Projekt als Kommandant war die Anschaffung eben dieser PSA f\u00fcr jedes Feuerwehrmitglied unserer Feuerwehr. Die Kosten f\u00fcr eine PSA bestehend aus dem Feuerwehrhelm, der Einsatzbekleidung, einer Schutzjacke, Einsatzhandschuhe und Einsatzstiefel betragen rund 1000 Euro.<\/p>\n\n\n\n<p>Die Positionierung als Feuerwehr mit Schwerpunkt Brandbek\u00e4mpfung, im Gegensatz zur FF Irnfritz mit Schwerpunkt Technische Eins\u00e4tze, gab uns auch eine Richtung bei der Anschaffung von Ger\u00e4tschaften vor. So konnten wir eine W\u00e4rmebildkamera um \u20ac 14.000,- ankaufen. Ein Druckbel\u00fcfter zur Entrauchung bzw. Bel\u00fcftung von H\u00e4usern wurde uns von der Gemeinde zur Verf\u00fcgung gestellt. Bez\u00fcglich Fahrzeuge haben wir vor kurzem einen Anh\u00e4nger f\u00fcr die Tragkraftspritze und das Schlauchmaterial angeschafft. Die Anschaffung eines Mannschaftstransportfahrzeuges konnte ich noch in die Wege leiten.<br>Das alte Feuerwehrhaus, die R\u00e4umlichkeiten der ehemaligen K\u00fchlgenossenschaft und das Milchhaus waren in einem sehr desolaten Zustand, was uns dazu bewegt hat das Haus zu renovieren. Der alte Schlauchturm wurde entfernt und das Dach komplett neu gedeckt. Innen wurden Mauern entfernt, Durchbr\u00fcche geschaffen, alles neu verputzt und neu elektrifiziert. Im hinteren Teil des Milchhauses konnten wir ein WC einbauen. Die beiden Garagen dienen als Lager und ein Gesellschaftsraum wurde geschaffen, der uns w\u00e4hrend der Bauarbeiten des neuen Feuerwehrhauses \u00e4u\u00dferst dienlich war.<br>Einer der Grundsteine f\u00fcr den Bau unseres neuen Hauses war sicherlich die \u00d6ffnung des Feuerwehrhauses f\u00fcr die Pfarre und alle Vereine. Somit haben wir ein Zentrum des \u00f6ffentlichen Lebens in unseren 4 Ortschaften geschaffen.<br>Die gr\u00f6\u00dfte Herausforderung in meiner Kommandantenzeit war sicherlich der Bau unseres Feuerwehr- und Gemeinschaftshauses. Hier m\u00f6chte ich mich nochmals bei allen bedanken, die mitgeholfen haben, dass wir dieses Projekt umsetzen konnten. Das wunderbare ist auch, dass wir noch rechtzeitig vor Corona alles inklusive der Er\u00f6ffnung erledigen konnten. Heute ist dieses Haus f\u00fcr viele ein \u201ezu Hause\u201c geworden, wo man sich wohl f\u00fchlt und Gemeinschaft genie\u00dfen kann.<\/p>\n\n\n\n<p>Vielleicht noch ein paar Informationen zu meiner Feuerwehrlaufbahn: auf Grund meiner Schulausbildung konnte ich erst 1987 mit 18 Jahren der Feuerwehr beitreten. Nat\u00fcrlich habe ich sofort begonnen, alle notwendigen Lehrg\u00e4nge bis zur Kommandantenausbildung zu besuchen. Auch das Feuerwehrleistungsabzeichen in Gold und das Funkleistungsabzeichen in Gold konnte ich 1994 erwerben. Da die Messerner Feuerwehrmitglieder im Nachrichtendienst des Bezirkes Horn ein fixer Bestandteil waren, wurde ich ab 1994 Ausbilder und ab 1996 Bezirkssachbearbeiter f\u00fcr den Nachrichtendienst. Nebenbei war ich Lehrgangsleiter beim Funklehrgang und erhielt daf\u00fcr das Ausbilderverdienstabzeichen in Gold. Ich war ab 1996 Bewerter beim Funkleistungsabzeichen, ma\u00dfgebend bei der Erarbeitung des neuen Bewerbes um das N\u00d6 Feuerwehrfunkleistungsabzeichen im Jahr 2000 beteiligt und im Anschluss 13 Jahre lang stellvertretender Bewerbsleiter bei diesem Bewerb, was auch in meinem Bewerterverdienstabzeichen in Gold sichtbar ist. Bei der Ausbildung f\u00fcr das Feuerwehrleistungsabzeichen in Gold, der \u201eFeuerwehrmatura\u201c, war ich ein \u201egef\u00fcrchteter\u201c Ausbilder im Bereich der Disziplin \u201eTaktisches Beispiel\u201c. Bis zum Start meines privaten Hausbaus war ich auch als Bewerter bei den Bezirksleistungsbewerben t\u00e4tig, wo ich im Sommer fast jedes Wochenende irgendwo in Nieder\u00f6sterreich unterwegs war. Im Jahr 2006 wurde ich zum stellvertretenden Abschnittsfeuerwehrkommandanten des Abschnitt Horn gew\u00e4hlt und im Jahr 2011 schlie\u00dflich zum Abschnittsfeuerwehrkommandanten von 28 Feuerwehren der Gemeinden Brunn an der Wild, Irnfritz-Messern, Horn, Pernegg und St. Bernhard-Frauenhofen.<\/p>\n\n\n\n<p>Ich darf auch \u00fcber Ottos Feuerwehraktivit\u00e4ten berichten: Otto trat 1984 der Feuerwehr bei und wurde bereits 2 Jahre sp\u00e4ter zum Gruppenkommandanten ernannt. Im Jahr 1991 w\u00e4hlte ihn dann die Mitgliederversammlung zum Feuerwehrkommdantstellvertreter und im Jahr 2001 wurde er zum Unterabschnittsfeuerwehrkommdanten der Feuerwehren Haselberg, Messern, Nondorf an der Wild und Rothweinsdorf gew\u00e4hlt. Beide Funktionen bekleidete Otto bis zu den diesj\u00e4hrigen Wahlen. Nach Bronze und Silber bestand er im Jahr 1993 das Feuerwehrleistungsabzeichen in Gold. Otto ist seit 1992 im Nachrichtendienst als Ausbilder t\u00e4tig. Sein Ausbilderverdienstabzeichen in Gold zeugt davon. Weiters war er 18 Jahre Bewerter beim Bewerb um das N\u00d6 Feuerwehrfunkleistungsabzeichen wof\u00fcr er ebenfalls das Bewerterverdienstabzeichen in Gold erhielt. Ein Steckenpferd von Otto ist der Katastrophenhilfsdienst wo er schon 20 Jahre Kommandant-Stv des ersten Zuges ist. Nebenbei besch\u00e4ftigte er sich auch 20 Jahre als Pr\u00fcfer und Hauptpr\u00fcfer der Ausbildungspr\u00fcfung Technischer Einsatz.<br>Wir beiden d\u00fcrfen uns bei unseren Feuerwehrmitgliedern bedanken, die unsere Ideen mitgetragen haben und mit uns gemeinsam die Freiwillige Feuerwehr Messern \u201egelebt\u201c haben.<\/p>\n\n\n\n<p><\/p>\n\n\n\n<figure class=\"wp-block-gallery columns-3 is-cropped\"><ul class=\"blocks-gallery-grid\"><li class=\"blocks-gallery-item\"><figure><img loading=\"lazy\" width=\"1024\" height=\"768\" src=\"https:\/\/www.messern.at\/feuerwehr\/wp-content\/uploads\/2021\/12\/DSC02050-1024x768.jpg\" alt=\"\" data-id=\"825\" data-full-url=\"https:\/\/www.messern.at\/feuerwehr\/wp-content\/uploads\/2021\/12\/DSC02050-scaled.jpg\" data-link=\"https:\/\/www.messern.at\/feuerwehr\/?attachment_id=825\" class=\"wp-image-825\" srcset=\"https:\/\/www.messern.at\/feuerwehr\/wp-content\/uploads\/2021\/12\/DSC02050-1024x768.jpg 1024w, https:\/\/www.messern.at\/feuerwehr\/wp-content\/uploads\/2021\/12\/DSC02050-300x225.jpg 300w, https:\/\/www.messern.at\/feuerwehr\/wp-content\/uploads\/2021\/12\/DSC02050-768x576.jpg 768w, https:\/\/www.messern.at\/feuerwehr\/wp-content\/uploads\/2021\/12\/DSC02050-1536x1152.jpg 1536w, https:\/\/www.messern.at\/feuerwehr\/wp-content\/uploads\/2021\/12\/DSC02050-2048x1536.jpg 2048w\" sizes=\"(max-width: 1024px) 100vw, 1024px\" \/><\/figure><\/li><li class=\"blocks-gallery-item\"><figure><img loading=\"lazy\" width=\"1024\" height=\"768\" src=\"https:\/\/www.messern.at\/feuerwehr\/wp-content\/uploads\/2021\/12\/DSC02424-1024x768.jpg\" alt=\"\" data-id=\"826\" data-full-url=\"https:\/\/www.messern.at\/feuerwehr\/wp-content\/uploads\/2021\/12\/DSC02424-scaled.jpg\" data-link=\"https:\/\/www.messern.at\/feuerwehr\/?attachment_id=826\" class=\"wp-image-826\" srcset=\"https:\/\/www.messern.at\/feuerwehr\/wp-content\/uploads\/2021\/12\/DSC02424-1024x768.jpg 1024w, https:\/\/www.messern.at\/feuerwehr\/wp-content\/uploads\/2021\/12\/DSC02424-300x225.jpg 300w, https:\/\/www.messern.at\/feuerwehr\/wp-content\/uploads\/2021\/12\/DSC02424-768x576.jpg 768w, https:\/\/www.messern.at\/feuerwehr\/wp-content\/uploads\/2021\/12\/DSC02424-1536x1152.jpg 1536w, https:\/\/www.messern.at\/feuerwehr\/wp-content\/uploads\/2021\/12\/DSC02424-2048x1536.jpg 2048w\" sizes=\"(max-width: 1024px) 100vw, 1024px\" \/><\/figure><\/li><li class=\"blocks-gallery-item\"><figure><img loading=\"lazy\" width=\"1024\" height=\"768\" src=\"https:\/\/www.messern.at\/feuerwehr\/wp-content\/uploads\/2021\/12\/DSC02518-1024x768.jpg\" alt=\"\" data-id=\"827\" data-full-url=\"https:\/\/www.messern.at\/feuerwehr\/wp-content\/uploads\/2021\/12\/DSC02518-scaled.jpg\" data-link=\"https:\/\/www.messern.at\/feuerwehr\/?attachment_id=827\" class=\"wp-image-827\" srcset=\"https:\/\/www.messern.at\/feuerwehr\/wp-content\/uploads\/2021\/12\/DSC02518-1024x768.jpg 1024w, https:\/\/www.messern.at\/feuerwehr\/wp-content\/uploads\/2021\/12\/DSC02518-300x225.jpg 300w, https:\/\/www.messern.at\/feuerwehr\/wp-content\/uploads\/2021\/12\/DSC02518-768x576.jpg 768w, https:\/\/www.messern.at\/feuerwehr\/wp-content\/uploads\/2021\/12\/DSC02518-1536x1152.jpg 1536w, https:\/\/www.messern.at\/feuerwehr\/wp-content\/uploads\/2021\/12\/DSC02518-2048x1536.jpg 2048w\" sizes=\"(max-width: 1024px) 100vw, 1024px\" \/><\/figure><\/li><li class=\"blocks-gallery-item\"><figure><img loading=\"lazy\" width=\"768\" height=\"1024\" src=\"https:\/\/www.messern.at\/feuerwehr\/wp-content\/uploads\/2021\/12\/FF-Haus-10-768x1024.jpg\" alt=\"\" data-id=\"828\" data-full-url=\"https:\/\/www.messern.at\/feuerwehr\/wp-content\/uploads\/2021\/12\/FF-Haus-10-scaled.jpg\" data-link=\"https:\/\/www.messern.at\/feuerwehr\/?attachment_id=828\" class=\"wp-image-828\" srcset=\"https:\/\/www.messern.at\/feuerwehr\/wp-content\/uploads\/2021\/12\/FF-Haus-10-768x1024.jpg 768w, https:\/\/www.messern.at\/feuerwehr\/wp-content\/uploads\/2021\/12\/FF-Haus-10-225x300.jpg 225w, https:\/\/www.messern.at\/feuerwehr\/wp-content\/uploads\/2021\/12\/FF-Haus-10-1152x1536.jpg 1152w, https:\/\/www.messern.at\/feuerwehr\/wp-content\/uploads\/2021\/12\/FF-Haus-10-1536x2048.jpg 1536w, https:\/\/www.messern.at\/feuerwehr\/wp-content\/uploads\/2021\/12\/FF-Haus-10-scaled.jpg 1920w\" sizes=\"(max-width: 768px) 100vw, 768px\" \/><\/figure><\/li><li class=\"blocks-gallery-item\"><figure><img loading=\"lazy\" width=\"1024\" height=\"768\" src=\"https:\/\/www.messern.at\/feuerwehr\/wp-content\/uploads\/2021\/12\/FF-Haus-11-1024x768.jpg\" alt=\"\" data-id=\"829\" data-full-url=\"https:\/\/www.messern.at\/feuerwehr\/wp-content\/uploads\/2021\/12\/FF-Haus-11-scaled.jpg\" data-link=\"https:\/\/www.messern.at\/feuerwehr\/?attachment_id=829\" class=\"wp-image-829\" srcset=\"https:\/\/www.messern.at\/feuerwehr\/wp-content\/uploads\/2021\/12\/FF-Haus-11-1024x768.jpg 1024w, https:\/\/www.messern.at\/feuerwehr\/wp-content\/uploads\/2021\/12\/FF-Haus-11-300x225.jpg 300w, https:\/\/www.messern.at\/feuerwehr\/wp-content\/uploads\/2021\/12\/FF-Haus-11-768x576.jpg 768w, https:\/\/www.messern.at\/feuerwehr\/wp-content\/uploads\/2021\/12\/FF-Haus-11-1536x1152.jpg 1536w, https:\/\/www.messern.at\/feuerwehr\/wp-content\/uploads\/2021\/12\/FF-Haus-11-2048x1536.jpg 2048w\" sizes=\"(max-width: 1024px) 100vw, 1024px\" \/><\/figure><\/li><li class=\"blocks-gallery-item\"><figure><img loading=\"lazy\" width=\"1024\" height=\"768\" src=\"https:\/\/www.messern.at\/feuerwehr\/wp-content\/uploads\/2021\/12\/Florianifeier-Messern_07-05-2017-1024x768.jpg\" alt=\"\" data-id=\"830\" data-full-url=\"https:\/\/www.messern.at\/feuerwehr\/wp-content\/uploads\/2021\/12\/Florianifeier-Messern_07-05-2017-scaled.jpg\" data-link=\"https:\/\/www.messern.at\/feuerwehr\/?attachment_id=830\" class=\"wp-image-830\" srcset=\"https:\/\/www.messern.at\/feuerwehr\/wp-content\/uploads\/2021\/12\/Florianifeier-Messern_07-05-2017-1024x768.jpg 1024w, https:\/\/www.messern.at\/feuerwehr\/wp-content\/uploads\/2021\/12\/Florianifeier-Messern_07-05-2017-300x225.jpg 300w, https:\/\/www.messern.at\/feuerwehr\/wp-content\/uploads\/2021\/12\/Florianifeier-Messern_07-05-2017-768x576.jpg 768w, https:\/\/www.messern.at\/feuerwehr\/wp-content\/uploads\/2021\/12\/Florianifeier-Messern_07-05-2017-1536x1152.jpg 1536w, https:\/\/www.messern.at\/feuerwehr\/wp-content\/uploads\/2021\/12\/Florianifeier-Messern_07-05-2017-2048x1536.jpg 2048w\" sizes=\"(max-width: 1024px) 100vw, 1024px\" \/><\/figure><\/li><li class=\"blocks-gallery-item\"><figure><img loading=\"lazy\" width=\"920\" height=\"636\" src=\"https:\/\/www.messern.at\/feuerwehr\/wp-content\/uploads\/2021\/12\/Klaus.jpg\" alt=\"\" data-id=\"831\" data-full-url=\"https:\/\/www.messern.at\/feuerwehr\/wp-content\/uploads\/2021\/12\/Klaus.jpg\" data-link=\"https:\/\/www.messern.at\/feuerwehr\/?attachment_id=831\" class=\"wp-image-831\" srcset=\"https:\/\/www.messern.at\/feuerwehr\/wp-content\/uploads\/2021\/12\/Klaus.jpg 920w, https:\/\/www.messern.at\/feuerwehr\/wp-content\/uploads\/2021\/12\/Klaus-300x207.jpg 300w, https:\/\/www.messern.at\/feuerwehr\/wp-content\/uploads\/2021\/12\/Klaus-768x531.jpg 768w\" sizes=\"(max-width: 920px) 100vw, 920px\" \/><\/figure><\/li><li class=\"blocks-gallery-item\"><figure><img loading=\"lazy\" width=\"916\" height=\"630\" src=\"https:\/\/www.messern.at\/feuerwehr\/wp-content\/uploads\/2021\/12\/Otto-Bewerbe.jpg\" alt=\"\" data-id=\"832\" data-full-url=\"https:\/\/www.messern.at\/feuerwehr\/wp-content\/uploads\/2021\/12\/Otto-Bewerbe.jpg\" data-link=\"https:\/\/www.messern.at\/feuerwehr\/?attachment_id=832\" class=\"wp-image-832\" srcset=\"https:\/\/www.messern.at\/feuerwehr\/wp-content\/uploads\/2021\/12\/Otto-Bewerbe.jpg 916w, https:\/\/www.messern.at\/feuerwehr\/wp-content\/uploads\/2021\/12\/Otto-Bewerbe-300x206.jpg 300w, https:\/\/www.messern.at\/feuerwehr\/wp-content\/uploads\/2021\/12\/Otto-Bewerbe-768x528.jpg 768w\" sizes=\"(max-width: 916px) 100vw, 916px\" \/><\/figure><\/li><li class=\"blocks-gallery-item\"><figure><img loading=\"lazy\" width=\"517\" height=\"887\" src=\"https:\/\/www.messern.at\/feuerwehr\/wp-content\/uploads\/2021\/12\/RK-Uebung-Messern-1991.jpg\" alt=\"\" data-id=\"833\" data-full-url=\"https:\/\/www.messern.at\/feuerwehr\/wp-content\/uploads\/2021\/12\/RK-Uebung-Messern-1991.jpg\" data-link=\"https:\/\/www.messern.at\/feuerwehr\/?attachment_id=833\" class=\"wp-image-833\" srcset=\"https:\/\/www.messern.at\/feuerwehr\/wp-content\/uploads\/2021\/12\/RK-Uebung-Messern-1991.jpg 517w, https:\/\/www.messern.at\/feuerwehr\/wp-content\/uploads\/2021\/12\/RK-Uebung-Messern-1991-175x300.jpg 175w\" sizes=\"(max-width: 517px) 100vw, 517px\" \/><\/figure><\/li><li class=\"blocks-gallery-item\"><figure><img loading=\"lazy\" width=\"1024\" height=\"683\" src=\"https:\/\/www.messern.at\/feuerwehr\/wp-content\/uploads\/2021\/12\/TS-Weihe-2001-1024x683.jpg\" alt=\"\" data-id=\"834\" data-full-url=\"https:\/\/www.messern.at\/feuerwehr\/wp-content\/uploads\/2021\/12\/TS-Weihe-2001.jpg\" data-link=\"https:\/\/www.messern.at\/feuerwehr\/?attachment_id=834\" class=\"wp-image-834\" srcset=\"https:\/\/www.messern.at\/feuerwehr\/wp-content\/uploads\/2021\/12\/TS-Weihe-2001-1024x683.jpg 1024w, https:\/\/www.messern.at\/feuerwehr\/wp-content\/uploads\/2021\/12\/TS-Weihe-2001-300x200.jpg 300w, https:\/\/www.messern.at\/feuerwehr\/wp-content\/uploads\/2021\/12\/TS-Weihe-2001-768x512.jpg 768w, https:\/\/www.messern.at\/feuerwehr\/wp-content\/uploads\/2021\/12\/TS-Weihe-2001.jpg 1072w\" sizes=\"(max-width: 1024px) 100vw, 1024px\" \/><\/figure><\/li><li class=\"blocks-gallery-item\"><figure><img loading=\"lazy\" width=\"938\" height=\"583\" src=\"https:\/\/www.messern.at\/feuerwehr\/wp-content\/uploads\/2021\/12\/Uebung-bei-Illy-2006.jpg\" alt=\"\" data-id=\"835\" data-full-url=\"https:\/\/www.messern.at\/feuerwehr\/wp-content\/uploads\/2021\/12\/Uebung-bei-Illy-2006.jpg\" data-link=\"https:\/\/www.messern.at\/feuerwehr\/?attachment_id=835\" class=\"wp-image-835\" srcset=\"https:\/\/www.messern.at\/feuerwehr\/wp-content\/uploads\/2021\/12\/Uebung-bei-Illy-2006.jpg 938w, https:\/\/www.messern.at\/feuerwehr\/wp-content\/uploads\/2021\/12\/Uebung-bei-Illy-2006-300x186.jpg 300w, https:\/\/www.messern.at\/feuerwehr\/wp-content\/uploads\/2021\/12\/Uebung-bei-Illy-2006-768x477.jpg 768w\" sizes=\"(max-width: 938px) 100vw, 938px\" \/><\/figure><\/li><li class=\"blocks-gallery-item\"><figure><img loading=\"lazy\" width=\"782\" height=\"555\" src=\"https:\/\/www.messern.at\/feuerwehr\/wp-content\/uploads\/2021\/12\/Wolkersdorf-1997.jpg\" alt=\"\" data-id=\"836\" data-full-url=\"https:\/\/www.messern.at\/feuerwehr\/wp-content\/uploads\/2021\/12\/Wolkersdorf-1997.jpg\" data-link=\"https:\/\/www.messern.at\/feuerwehr\/?attachment_id=836\" class=\"wp-image-836\" srcset=\"https:\/\/www.messern.at\/feuerwehr\/wp-content\/uploads\/2021\/12\/Wolkersdorf-1997.jpg 782w, https:\/\/www.messern.at\/feuerwehr\/wp-content\/uploads\/2021\/12\/Wolkersdorf-1997-300x213.jpg 300w, https:\/\/www.messern.at\/feuerwehr\/wp-content\/uploads\/2021\/12\/Wolkersdorf-1997-768x545.jpg 768w\" sizes=\"(max-width: 782px) 100vw, 782px\" \/><\/figure><\/li><li class=\"blocks-gallery-item\"><figure><img loading=\"lazy\" width=\"1024\" height=\"679\" src=\"https:\/\/www.messern.at\/feuerwehr\/wp-content\/uploads\/2021\/12\/2012-Kaernten-1024x679.jpg\" alt=\"\" data-id=\"837\" data-full-url=\"https:\/\/www.messern.at\/feuerwehr\/wp-content\/uploads\/2021\/12\/2012-Kaernten.jpg\" data-link=\"https:\/\/www.messern.at\/feuerwehr\/?attachment_id=837\" class=\"wp-image-837\" srcset=\"https:\/\/www.messern.at\/feuerwehr\/wp-content\/uploads\/2021\/12\/2012-Kaernten-1024x679.jpg 1024w, https:\/\/www.messern.at\/feuerwehr\/wp-content\/uploads\/2021\/12\/2012-Kaernten-300x199.jpg 300w, https:\/\/www.messern.at\/feuerwehr\/wp-content\/uploads\/2021\/12\/2012-Kaernten-768x509.jpg 768w, https:\/\/www.messern.at\/feuerwehr\/wp-content\/uploads\/2021\/12\/2012-Kaernten-1536x1019.jpg 1536w, https:\/\/www.messern.at\/feuerwehr\/wp-content\/uploads\/2021\/12\/2012-Kaernten-2048x1358.jpg 2048w\" sizes=\"(max-width: 1024px) 100vw, 1024px\" \/><\/figure><\/li><li class=\"blocks-gallery-item\"><figure><img loading=\"lazy\" width=\"1024\" height=\"768\" src=\"https:\/\/www.messern.at\/feuerwehr\/wp-content\/uploads\/2021\/12\/DSC00211-1024x768.jpg\" alt=\"\" data-id=\"838\" data-full-url=\"https:\/\/www.messern.at\/feuerwehr\/wp-content\/uploads\/2021\/12\/DSC00211-scaled.jpg\" data-link=\"https:\/\/www.messern.at\/feuerwehr\/?attachment_id=838\" class=\"wp-image-838\" srcset=\"https:\/\/www.messern.at\/feuerwehr\/wp-content\/uploads\/2021\/12\/DSC00211-1024x768.jpg 1024w, https:\/\/www.messern.at\/feuerwehr\/wp-content\/uploads\/2021\/12\/DSC00211-300x225.jpg 300w, https:\/\/www.messern.at\/feuerwehr\/wp-content\/uploads\/2021\/12\/DSC00211-768x576.jpg 768w, https:\/\/www.messern.at\/feuerwehr\/wp-content\/uploads\/2021\/12\/DSC00211-1536x1152.jpg 1536w, https:\/\/www.messern.at\/feuerwehr\/wp-content\/uploads\/2021\/12\/DSC00211-2048x1536.jpg 2048w\" sizes=\"(max-width: 1024px) 100vw, 1024px\" \/><\/figure><\/li><li class=\"blocks-gallery-item\"><figure><img loading=\"lazy\" width=\"1024\" height=\"768\" src=\"https:\/\/www.messern.at\/feuerwehr\/wp-content\/uploads\/2021\/12\/DSC01638-1024x768.jpg\" alt=\"\" data-id=\"839\" data-full-url=\"https:\/\/www.messern.at\/feuerwehr\/wp-content\/uploads\/2021\/12\/DSC01638-scaled.jpg\" data-link=\"https:\/\/www.messern.at\/feuerwehr\/?attachment_id=839\" class=\"wp-image-839\" srcset=\"https:\/\/www.messern.at\/feuerwehr\/wp-content\/uploads\/2021\/12\/DSC01638-1024x768.jpg 1024w, https:\/\/www.messern.at\/feuerwehr\/wp-content\/uploads\/2021\/12\/DSC01638-300x225.jpg 300w, https:\/\/www.messern.at\/feuerwehr\/wp-content\/uploads\/2021\/12\/DSC01638-768x576.jpg 768w, https:\/\/www.messern.at\/feuerwehr\/wp-content\/uploads\/2021\/12\/DSC01638-1536x1152.jpg 1536w, https:\/\/www.messern.at\/feuerwehr\/wp-content\/uploads\/2021\/12\/DSC01638-2048x1536.jpg 2048w\" sizes=\"(max-width: 1024px) 100vw, 1024px\" \/><\/figure><\/li><\/ul><\/figure>\n","protected":false},"excerpt":{"rendered":"<p>Es waren sehr sch\u00f6ne, lehrreiche und interessante 20 Jahre als Kommandant der Freiwilligen Feuerwehr Messern. Mein Stellvertreter Otto Fischer, der \u00fcbrigens seine Funktion 30 Jahre innehatte, und ich sind sehr froh, mit Kevin Schmid-Metz und Gerald Kaindl zwei junge f\u00e4hige Mitglieder gefunden zu haben, die zuk\u00fcnftig gemeinsam mit dem \u201ealten Hasen\u201c und Leiter der Verwaltung [&hellip;]<\/p>\n","protected":false},"author":7,"featured_media":824,"comment_status":"closed","ping_status":"closed","sticky":false,"template":"","format":"standard","meta":[],"categories":[1],"tags":[],"acf":[],"_links":{"self":[{"href":"https:\/\/www.messern.at\/feuerwehr\/wp-json\/wp\/v2\/posts\/823"}],"collection":[{"href":"https:\/\/www.messern.at\/feuerwehr\/wp-json\/wp\/v2\/posts"}],"about":[{"href":"https:\/\/www.messern.at\/feuerwehr\/wp-json\/wp\/v2\/types\/post"}],"author":[{"embeddable":true,"href":"https:\/\/www.messern.at\/feuerwehr\/wp-json\/wp\/v2\/users\/7"}],"replies":[{"embeddable":true,"href":"https:\/\/www.messern.at\/feuerwehr\/wp-json\/wp\/v2\/comments?post=823"}],"version-history":[{"count":1,"href":"https:\/\/www.messern.at\/feuerwehr\/wp-json\/wp\/v2\/posts\/823\/revisions"}],"predecessor-version":[{"id":840,"href":"https:\/\/www.messern.at\/feuerwehr\/wp-json\/wp\/v2\/posts\/823\/revisions\/840"}],"wp:featuredmedia":[{"embeddable":true,"href":"https:\/\/www.messern.at\/feuerwehr\/wp-json\/wp\/v2\/media\/824"}],"wp:attachment":[{"href":"https:\/\/www.messern.at\/feuerwehr\/wp-json\/wp\/v2\/media?parent=823"}],"wp:term":[{"taxonomy":"category","embeddable":true,"href":"https:\/\/www.messern.at\/feuerwehr\/wp-json\/wp\/v2\/categories?post=823"},{"taxonomy":"post_tag","embeddable":true,"href":"https:\/\/www.messern.at\/feuerwehr\/wp-json\/wp\/v2\/tags?post=823"}],"curies":[{"name":"wp","href":"https:\/\/api.w.org\/{rel}","templated":true}]}}