{"id":787,"date":"2020-01-11T13:00:00","date_gmt":"2020-01-11T12:00:00","guid":{"rendered":"https:\/\/www.messern.at\/feuerwehr\/?p=787"},"modified":"2021-11-29T13:02:32","modified_gmt":"2021-11-29T12:02:32","slug":"untersuchung-unserer-atemschutzgeraetetraeger","status":"publish","type":"post","link":"https:\/\/www.messern.at\/feuerwehr\/uncategorized\/untersuchung-unserer-atemschutzgeraetetraeger\/","title":{"rendered":"Untersuchung unserer Atemschutzger\u00e4tetr\u00e4ger"},"content":{"rendered":"\n<p>Seit einigen Jahren ist im Feuerwehrgesetz verankert, dass jeder Atemschutzger\u00e4tetr\u00e4ger j\u00e4hrlich eine entsprechende Untersuchung der erforderlichen Tauglichkeit durchzuf\u00fchren hat.<br>Heuer wurde am 11. J\u00e4nner bei unseren Feuerwehrmitgliedern ein entsprechender Leistungstest durchgef\u00fchrt und alle haben die gestellten Anforderungen erreicht!<\/p>\n\n\n\n<p>Neben den Messerner Kameraden nutzten auch Feuerwehrmitglieder der Feuerwehren Rothweinsdorf, Nondorf\/Wild, Haselberg und Horn die M\u00f6glichkeit den Leistungstest durchzuf\u00fchren.<\/p>\n\n\n\n<p>Einer dieser drei Leistungstests \u2013 von jedem Mitglied frei w\u00e4hlbar \u2013 war positiv zu absolvieren:<\/p>\n\n\n\n<p>Fahrradfahren<br>Mit einem Fahrrad m\u00fcssen 6 Minuten lang, bei einer Umdrehung von 60 bis 70 u\/min bei 175 Watt bew\u00e4ltigt werden.<\/p>\n\n\n\n<p>Laufen (Cooper Test)<br>Hier gilt es (nat\u00fcrlich abh\u00e4ngig vom Alter) eine vordefinierte Strecke in 12 Minuten zu laufen.<\/p>\n\n\n\n<p>Finnen-Test<br>Bei diesem sind 5 Stationen mittels Atemschutzger\u00e4t in einer Gesamtzeit von 14,5 Minuten zu bew\u00e4ltigen.<\/p>\n\n\n\n<p>-) Station 1 \u2013<br>Gehen mit und ohne Kanister (Zeitlimit 4 Minuten)<\/p>\n\n\n\n<p>-) Station 2 \u2013<br>Stiegen steigen (Zeitlimit 3,5 Minuten)<\/p>\n\n\n\n<p>-) Station 3 \u2013<br>Bewegen eines liegenden LKW-Reifens mittels H\u00e4mmern (Zeitlimit 2 Minuten)<\/p>\n\n\n\n<p>-) Station 4 \u2013<br>Unterkriechen und \u00dcbersteigen von Hindernissen (Zeitlimit 3 Minuten)<\/p>\n\n\n\n<p>-) Station 5 \u2013<br>C-Druckschlauch einfach rollen (Zeitlimit 2 Minuten)<\/p>\n\n\n\n<p><\/p>\n\n\n\n<figure class=\"wp-block-image size-large\"><img loading=\"lazy\" width=\"1024\" height=\"768\" src=\"https:\/\/www.messern.at\/feuerwehr\/wp-content\/uploads\/2021\/11\/DSC03090-1024x768.jpg\" alt=\"\" class=\"wp-image-792\" srcset=\"https:\/\/www.messern.at\/feuerwehr\/wp-content\/uploads\/2021\/11\/DSC03090-1024x768.jpg 1024w, https:\/\/www.messern.at\/feuerwehr\/wp-content\/uploads\/2021\/11\/DSC03090-300x225.jpg 300w, https:\/\/www.messern.at\/feuerwehr\/wp-content\/uploads\/2021\/11\/DSC03090-768x576.jpg 768w, https:\/\/www.messern.at\/feuerwehr\/wp-content\/uploads\/2021\/11\/DSC03090-1536x1152.jpg 1536w, https:\/\/www.messern.at\/feuerwehr\/wp-content\/uploads\/2021\/11\/DSC03090-2048x1536.jpg 2048w\" sizes=\"(max-width: 1024px) 100vw, 1024px\" \/><\/figure>\n\n\n\n<figure class=\"wp-block-image size-large\"><img loading=\"lazy\" width=\"1024\" height=\"768\" src=\"https:\/\/www.messern.at\/feuerwehr\/wp-content\/uploads\/2021\/11\/DSC03091-1024x768.jpg\" alt=\"\" class=\"wp-image-791\" srcset=\"https:\/\/www.messern.at\/feuerwehr\/wp-content\/uploads\/2021\/11\/DSC03091-1024x768.jpg 1024w, https:\/\/www.messern.at\/feuerwehr\/wp-content\/uploads\/2021\/11\/DSC03091-300x225.jpg 300w, https:\/\/www.messern.at\/feuerwehr\/wp-content\/uploads\/2021\/11\/DSC03091-768x576.jpg 768w, https:\/\/www.messern.at\/feuerwehr\/wp-content\/uploads\/2021\/11\/DSC03091-1536x1152.jpg 1536w, https:\/\/www.messern.at\/feuerwehr\/wp-content\/uploads\/2021\/11\/DSC03091-2048x1536.jpg 2048w\" sizes=\"(max-width: 1024px) 100vw, 1024px\" \/><\/figure>\n\n\n\n<figure class=\"wp-block-image size-large\"><img loading=\"lazy\" width=\"1024\" height=\"768\" src=\"https:\/\/www.messern.at\/feuerwehr\/wp-content\/uploads\/2021\/11\/DSC03096-1024x768.jpg\" alt=\"\" class=\"wp-image-793\" srcset=\"https:\/\/www.messern.at\/feuerwehr\/wp-content\/uploads\/2021\/11\/DSC03096-1024x768.jpg 1024w, https:\/\/www.messern.at\/feuerwehr\/wp-content\/uploads\/2021\/11\/DSC03096-300x225.jpg 300w, https:\/\/www.messern.at\/feuerwehr\/wp-content\/uploads\/2021\/11\/DSC03096-768x576.jpg 768w, https:\/\/www.messern.at\/feuerwehr\/wp-content\/uploads\/2021\/11\/DSC03096-1536x1152.jpg 1536w, https:\/\/www.messern.at\/feuerwehr\/wp-content\/uploads\/2021\/11\/DSC03096-2048x1536.jpg 2048w\" sizes=\"(max-width: 1024px) 100vw, 1024px\" \/><\/figure>\n\n\n\n<figure class=\"wp-block-image size-large\"><img loading=\"lazy\" width=\"1024\" height=\"768\" src=\"https:\/\/www.messern.at\/feuerwehr\/wp-content\/uploads\/2021\/11\/DSC03098-1024x768.jpg\" alt=\"\" class=\"wp-image-790\" srcset=\"https:\/\/www.messern.at\/feuerwehr\/wp-content\/uploads\/2021\/11\/DSC03098-1024x768.jpg 1024w, https:\/\/www.messern.at\/feuerwehr\/wp-content\/uploads\/2021\/11\/DSC03098-300x225.jpg 300w, https:\/\/www.messern.at\/feuerwehr\/wp-content\/uploads\/2021\/11\/DSC03098-768x576.jpg 768w, https:\/\/www.messern.at\/feuerwehr\/wp-content\/uploads\/2021\/11\/DSC03098-1536x1152.jpg 1536w, https:\/\/www.messern.at\/feuerwehr\/wp-content\/uploads\/2021\/11\/DSC03098-2048x1536.jpg 2048w\" sizes=\"(max-width: 1024px) 100vw, 1024px\" \/><\/figure>\n\n\n\n<figure class=\"wp-block-image size-large\"><img loading=\"lazy\" width=\"1024\" height=\"768\" src=\"https:\/\/www.messern.at\/feuerwehr\/wp-content\/uploads\/2021\/11\/DSC03103-1024x768.jpg\" alt=\"\" class=\"wp-image-789\" srcset=\"https:\/\/www.messern.at\/feuerwehr\/wp-content\/uploads\/2021\/11\/DSC03103-1024x768.jpg 1024w, https:\/\/www.messern.at\/feuerwehr\/wp-content\/uploads\/2021\/11\/DSC03103-300x225.jpg 300w, https:\/\/www.messern.at\/feuerwehr\/wp-content\/uploads\/2021\/11\/DSC03103-768x576.jpg 768w, https:\/\/www.messern.at\/feuerwehr\/wp-content\/uploads\/2021\/11\/DSC03103-1536x1152.jpg 1536w, https:\/\/www.messern.at\/feuerwehr\/wp-content\/uploads\/2021\/11\/DSC03103-2048x1536.jpg 2048w\" sizes=\"(max-width: 1024px) 100vw, 1024px\" \/><\/figure>\n","protected":false},"excerpt":{"rendered":"<p>Seit einigen Jahren ist im Feuerwehrgesetz verankert, dass jeder Atemschutzger\u00e4tetr\u00e4ger j\u00e4hrlich eine entsprechende Untersuchung der erforderlichen Tauglichkeit durchzuf\u00fchren hat.Heuer wurde am 11. J\u00e4nner bei unseren Feuerwehrmitgliedern ein entsprechender Leistungstest durchgef\u00fchrt und alle haben die gestellten Anforderungen erreicht! Neben den Messerner Kameraden nutzten auch Feuerwehrmitglieder der Feuerwehren Rothweinsdorf, Nondorf\/Wild, Haselberg und Horn die M\u00f6glichkeit den Leistungstest [&hellip;]<\/p>\n","protected":false},"author":7,"featured_media":788,"comment_status":"closed","ping_status":"closed","sticky":false,"template":"","format":"standard","meta":[],"categories":[1],"tags":[],"acf":[],"_links":{"self":[{"href":"https:\/\/www.messern.at\/feuerwehr\/wp-json\/wp\/v2\/posts\/787"}],"collection":[{"href":"https:\/\/www.messern.at\/feuerwehr\/wp-json\/wp\/v2\/posts"}],"about":[{"href":"https:\/\/www.messern.at\/feuerwehr\/wp-json\/wp\/v2\/types\/post"}],"author":[{"embeddable":true,"href":"https:\/\/www.messern.at\/feuerwehr\/wp-json\/wp\/v2\/users\/7"}],"replies":[{"embeddable":true,"href":"https:\/\/www.messern.at\/feuerwehr\/wp-json\/wp\/v2\/comments?post=787"}],"version-history":[{"count":1,"href":"https:\/\/www.messern.at\/feuerwehr\/wp-json\/wp\/v2\/posts\/787\/revisions"}],"predecessor-version":[{"id":794,"href":"https:\/\/www.messern.at\/feuerwehr\/wp-json\/wp\/v2\/posts\/787\/revisions\/794"}],"wp:featuredmedia":[{"embeddable":true,"href":"https:\/\/www.messern.at\/feuerwehr\/wp-json\/wp\/v2\/media\/788"}],"wp:attachment":[{"href":"https:\/\/www.messern.at\/feuerwehr\/wp-json\/wp\/v2\/media?parent=787"}],"wp:term":[{"taxonomy":"category","embeddable":true,"href":"https:\/\/www.messern.at\/feuerwehr\/wp-json\/wp\/v2\/categories?post=787"},{"taxonomy":"post_tag","embeddable":true,"href":"https:\/\/www.messern.at\/feuerwehr\/wp-json\/wp\/v2\/tags?post=787"}],"curies":[{"name":"wp","href":"https:\/\/api.w.org\/{rel}","templated":true}]}}