{"id":717,"date":"2019-12-18T18:22:00","date_gmt":"2019-12-18T17:22:00","guid":{"rendered":"https:\/\/www.messern.at\/feuerwehr\/?p=717"},"modified":"2021-11-29T16:05:49","modified_gmt":"2021-11-29T15:05:49","slug":"klaus-ringl-ist-50","status":"publish","type":"post","link":"https:\/\/www.messern.at\/feuerwehr\/allgemein\/klaus-ringl-ist-50\/","title":{"rendered":"Klaus Ringl ist 50"},"content":{"rendered":"\n<p><br>Im Dezember 2019 durfte unser allseits bekannter und beliebter Klaus Ringl seinen 50. Geburtstag feiern. Durch sein besonderes Engagement bei den diversesten Institutionen und Vereinen ist er weit \u00fcber die Gemeindegrenzen angesehen.<br>Viele Monate ist es bereits her, als im Zuge der Baustelle des Feuerwehr- und Gemeinschaftshauses schon immer gemunkelt und prophezeit wurde, dass dieses gro\u00dfe Geburtstagsfest von Klaus mit Sicherheit eines der ersten gro\u00dfen Highlights im neuen Haus werden sollte \u2013 und wir sollten mit unserer Behauptung recht bekommen. Gro\u00df war die Besucheranzahl, die gerne der Einladung gefolgt waren: Familie, Verwandtschaft, Feuerwehrmitglieder der FF-Messern, das Bezirks- und das Abschnittsfeuerwehrkommando Horn, die Chormitglieder der T-Voices, Nachbarn, Ortsbewohner, unser B\u00fcrgermeister und die Obm\u00e4nner des \u00d6KB waren willkommene G\u00e4ste.<br>Durch das gro\u00dfe Engagement von Klaus in den verschiedensten Lebensbereichen war nat\u00fcrlich die Zahl der Vertreter der Vereine gro\u00df und es wurden von allen die besten Gl\u00fcckw\u00fcnsche \u00fcberbracht und Lobensworte ausgesprochen.<br>Nach diesem \u201eoffiziellen Teil\u201c konnten sich alle Besucher beim Catering sowie beim Kuchenbuffet st\u00e4rken um sich dann ganz gespannt auf die weiteren Darbietungen an diesem Abend einzustellen.<br>Vom Chor T-Voices wurden diverse Lieder dargeboten und einige Liedtexte aus den Charts von 1969 (Geburtsjahr von Klaus) wurden \u201eein wenig an Klaus angepasst\u201c um schlie\u00dflich bei allen f\u00fcr gute Laune und viele lustige Momente zu sorgen.<br>Mit Sicherheit ein Highlight an diesem Abend waren die Darstellungen des (Feuerwehr-)Lebens von Klaus, das in lustigen Darbietungen der Mitglieder des Abschnittsfeuerwehrkommandos Horn die Besucher zum Lachen brachte. Angefangen von heiteren Erlebnissen in der Kindheit von Klaus, bei Feuerwehrbewerben, Eins\u00e4tzen bis hin zu seinem besonderen Einsatz beim Umbau des Feuerwehrhauses blieben keine Augen trocken, da durch Christian Frank, alias Klaus Ringl, wirklich jeder zum Lachen gebracht wurde.<br>Neben einer kurzen \u201eFernsehsendung\u201c bei der Klaus nun offiziell in den Klub der Pensionisten aufgenommen wurde, gab es zum Abschluss auch noch eine etwas \u201eangepasste Millionenshow\u201c. Bei Fragen rund um das Feuerwehrwesen, die Pfarre Messern, den Chor T-Voices und anderer Lebensbereiche gab es zwar keine Million zu gewinnen, aber die gewonnenen Wein-Stifterln wurden durch das Geburtstagskind ebenfalls gerne angenommen und Klaus konnte durch sein Wissen in all den genannten Bereichen brillieren.<br>Ja und so verging der Abend viel zu schnell und es wurde von vielen bis in die Morgenstunden hinein ausgelassen gefeiert.<br>Lieber Klaus, noch einmal alles Gute zum 50. Geburtstag, viel Gl\u00fcck, Freude und vor allem Gesundheit im n\u00e4chsten halben Jahrhundert und nochmals ein Dankesch\u00f6n f\u00fcr deine vielseitigen T\u00e4tigkeiten.<\/p>\n\n\n\n<figure class=\"wp-block-gallery columns-3 is-cropped\"><ul class=\"blocks-gallery-grid\"><li class=\"blocks-gallery-item\"><figure><img loading=\"lazy\" width=\"1024\" height=\"680\" src=\"https:\/\/www.messern.at\/feuerwehr\/wp-content\/uploads\/2021\/11\/Ringl-Klaus_50Geburtstag_027.jpg\" alt=\"\" data-id=\"720\" data-link=\"https:\/\/www.messern.at\/feuerwehr\/?attachment_id=720\" class=\"wp-image-720\" srcset=\"https:\/\/www.messern.at\/feuerwehr\/wp-content\/uploads\/2021\/11\/Ringl-Klaus_50Geburtstag_027.jpg 1024w, https:\/\/www.messern.at\/feuerwehr\/wp-content\/uploads\/2021\/11\/Ringl-Klaus_50Geburtstag_027-300x199.jpg 300w, https:\/\/www.messern.at\/feuerwehr\/wp-content\/uploads\/2021\/11\/Ringl-Klaus_50Geburtstag_027-768x510.jpg 768w\" sizes=\"(max-width: 1024px) 100vw, 1024px\" \/><\/figure><\/li><li class=\"blocks-gallery-item\"><figure><img loading=\"lazy\" width=\"1024\" height=\"680\" src=\"https:\/\/www.messern.at\/feuerwehr\/wp-content\/uploads\/2021\/11\/Ringl-Klaus_50Geburtstag_032.jpg\" alt=\"\" data-id=\"721\" data-link=\"https:\/\/www.messern.at\/feuerwehr\/?attachment_id=721\" class=\"wp-image-721\" srcset=\"https:\/\/www.messern.at\/feuerwehr\/wp-content\/uploads\/2021\/11\/Ringl-Klaus_50Geburtstag_032.jpg 1024w, https:\/\/www.messern.at\/feuerwehr\/wp-content\/uploads\/2021\/11\/Ringl-Klaus_50Geburtstag_032-300x199.jpg 300w, https:\/\/www.messern.at\/feuerwehr\/wp-content\/uploads\/2021\/11\/Ringl-Klaus_50Geburtstag_032-768x510.jpg 768w\" sizes=\"(max-width: 1024px) 100vw, 1024px\" \/><\/figure><\/li><li class=\"blocks-gallery-item\"><figure><img loading=\"lazy\" width=\"1024\" height=\"680\" src=\"https:\/\/www.messern.at\/feuerwehr\/wp-content\/uploads\/2021\/11\/Ringl-Klaus_50Geburtstag_024.jpg\" alt=\"\" data-id=\"722\" data-full-url=\"https:\/\/www.messern.at\/feuerwehr\/wp-content\/uploads\/2021\/11\/Ringl-Klaus_50Geburtstag_024.jpg\" data-link=\"https:\/\/www.messern.at\/feuerwehr\/?attachment_id=722\" class=\"wp-image-722\" srcset=\"https:\/\/www.messern.at\/feuerwehr\/wp-content\/uploads\/2021\/11\/Ringl-Klaus_50Geburtstag_024.jpg 1024w, https:\/\/www.messern.at\/feuerwehr\/wp-content\/uploads\/2021\/11\/Ringl-Klaus_50Geburtstag_024-300x199.jpg 300w, https:\/\/www.messern.at\/feuerwehr\/wp-content\/uploads\/2021\/11\/Ringl-Klaus_50Geburtstag_024-768x510.jpg 768w\" sizes=\"(max-width: 1024px) 100vw, 1024px\" \/><\/figure><\/li><\/ul><\/figure>\n","protected":false},"excerpt":{"rendered":"<p>Im Dezember 2019 durfte unser allseits bekannter und beliebter Klaus Ringl seinen 50. Geburtstag feiern. Durch sein besonderes Engagement bei den diversesten Institutionen und Vereinen ist er weit \u00fcber die Gemeindegrenzen angesehen.Viele Monate ist es bereits her, als im Zuge der Baustelle des Feuerwehr- und Gemeinschaftshauses schon immer gemunkelt und prophezeit wurde, dass dieses gro\u00dfe [&hellip;]<\/p>\n","protected":false},"author":6,"featured_media":722,"comment_status":"closed","ping_status":"closed","sticky":false,"template":"","format":"standard","meta":[],"categories":[10],"tags":[],"acf":[],"_links":{"self":[{"href":"https:\/\/www.messern.at\/feuerwehr\/wp-json\/wp\/v2\/posts\/717"}],"collection":[{"href":"https:\/\/www.messern.at\/feuerwehr\/wp-json\/wp\/v2\/posts"}],"about":[{"href":"https:\/\/www.messern.at\/feuerwehr\/wp-json\/wp\/v2\/types\/post"}],"author":[{"embeddable":true,"href":"https:\/\/www.messern.at\/feuerwehr\/wp-json\/wp\/v2\/users\/6"}],"replies":[{"embeddable":true,"href":"https:\/\/www.messern.at\/feuerwehr\/wp-json\/wp\/v2\/comments?post=717"}],"version-history":[{"count":1,"href":"https:\/\/www.messern.at\/feuerwehr\/wp-json\/wp\/v2\/posts\/717\/revisions"}],"predecessor-version":[{"id":723,"href":"https:\/\/www.messern.at\/feuerwehr\/wp-json\/wp\/v2\/posts\/717\/revisions\/723"}],"wp:featuredmedia":[{"embeddable":true,"href":"https:\/\/www.messern.at\/feuerwehr\/wp-json\/wp\/v2\/media\/722"}],"wp:attachment":[{"href":"https:\/\/www.messern.at\/feuerwehr\/wp-json\/wp\/v2\/media?parent=717"}],"wp:term":[{"taxonomy":"category","embeddable":true,"href":"https:\/\/www.messern.at\/feuerwehr\/wp-json\/wp\/v2\/categories?post=717"},{"taxonomy":"post_tag","embeddable":true,"href":"https:\/\/www.messern.at\/feuerwehr\/wp-json\/wp\/v2\/tags?post=717"}],"curies":[{"name":"wp","href":"https:\/\/api.w.org\/{rel}","templated":true}]}}