{"id":712,"date":"2019-09-18T17:25:00","date_gmt":"2019-09-18T15:25:00","guid":{"rendered":"https:\/\/www.messern.at\/feuerwehr\/?p=712"},"modified":"2021-12-02T18:56:23","modified_gmt":"2021-12-02T17:56:23","slug":"feuerwehrmitglied-erwin-lausch-feierte-seinen-80-geburtstag","status":"publish","type":"post","link":"https:\/\/www.messern.at\/feuerwehr\/allgemein\/feuerwehrmitglied-erwin-lausch-feierte-seinen-80-geburtstag\/","title":{"rendered":"Feuerwehrmitglied Erwin Lausch feierte seinen 80. Geburtstag"},"content":{"rendered":"\n<p>Vergangenen Sonntag konnte unser Erwin seinen 80. Geburtstag feiern und so lud er ins Gasthaus Asenbaum neben seiner Familie, Verwandtschaft, Freunden und Pensionisten auch eine Abordnung der Messerner Feuerwehr ein.<br>Erwin Lausch trat im Jahr 1982, also vor 37 Jahren der FF Messern bei. Er absolvierte dann den Grund-, den Atemschutz und den Funklehrgang. 1998 wurde er zum L\u00f6schmeister bef\u00f6rdert und 2007 erhielt er das Ehrenzeichen f\u00fcr vielj\u00e4hrige verdienstvolle T\u00e4tigkeiten auf dem Gebiet des Feuerwehr- und Rettungswesens f\u00fcr 25 Jahre.<br>F\u00fcr viele Jahre war unser Kamerad Erwin mit der Funktion des Zeugwarts betraut \u2013 damals keine leichte Aufgabe, da diese Funktion erst neu im Feuerwehrwesen geschaffen wurde und Erwin alles erst einmal aufbauen musste.<br>Erwin war auch schon beim (ersten) Bau des neuen Feuerwehrhauses in den 80er Jahren dabei und war damals unter anderem als \u201eerster Oberfliesner\u201c bei s\u00e4mtlichen Verlegearbeiten von Fliesen beteiligt.<br>2004 wurde Erwin in den sogenannten \u201eReservestand\u201c \u00fcberstellt. Obwohl man sagen muss, dass Erwin eigentlich nie so wirklich in den \u201eFeuerwehrruhestand\u201c getreten ist: Bis heute unterst\u00fctzt er unsere Verwaltung beim Einkassieren von Mitgliedsbeitr\u00e4gen oder auch bei der Spendenkassa bei Veranstaltungen w\u00e4re unser Erwin nicht mehr wegzudenken.<br>Nat\u00fcrlich nicht unerw\u00e4hnt darf die Beteiligung von Erwin bei der gro\u00dfen Feuerwehrhausbaustelle in den vergangenen Jahren bleiben. Trotz seines Alters hat er immer wieder flei\u00dfig mitangepackt, aber allen voran ist seine wichtige T\u00e4tigkeit als Redakteur und Dokumentierer zu erw\u00e4hnen. So hat es keinen Bauabschnitt gegeben, wo unser Erwin mit seiner Kamera nicht zur Stelle war und flei\u00dfig alles aufgenommen hat, wodurch eine einzigartige Dokumentation entstanden ist.<br>Deine Kameraden der Freiwilligen Feuerwehr Messern gratulieren nochmals ganz herzlich zum Geburtstag und w\u00fcnschen dir Gesundheit und noch viele sch\u00f6ne Jahre im Kreise deiner Familie und deiner Freunde.<\/p>\n\n\n\n<figure class=\"wp-block-gallery columns-3 is-cropped\"><ul class=\"blocks-gallery-grid\"><li class=\"blocks-gallery-item\"><figure><img loading=\"lazy\" width=\"1024\" height=\"680\" src=\"https:\/\/www.messern.at\/feuerwehr\/wp-content\/uploads\/2021\/11\/DSC_0072-1024x680.jpg\" alt=\"\" data-id=\"713\" data-full-url=\"https:\/\/www.messern.at\/feuerwehr\/wp-content\/uploads\/2021\/11\/DSC_0072-scaled.jpg\" data-link=\"https:\/\/www.messern.at\/feuerwehr\/?attachment_id=713\" class=\"wp-image-713\" srcset=\"https:\/\/www.messern.at\/feuerwehr\/wp-content\/uploads\/2021\/11\/DSC_0072-1024x680.jpg 1024w, https:\/\/www.messern.at\/feuerwehr\/wp-content\/uploads\/2021\/11\/DSC_0072-300x199.jpg 300w, https:\/\/www.messern.at\/feuerwehr\/wp-content\/uploads\/2021\/11\/DSC_0072-768x510.jpg 768w, https:\/\/www.messern.at\/feuerwehr\/wp-content\/uploads\/2021\/11\/DSC_0072-1536x1020.jpg 1536w, https:\/\/www.messern.at\/feuerwehr\/wp-content\/uploads\/2021\/11\/DSC_0072-2048x1360.jpg 2048w\" sizes=\"(max-width: 1024px) 100vw, 1024px\" \/><\/figure><\/li><li class=\"blocks-gallery-item\"><figure><img loading=\"lazy\" width=\"1024\" height=\"768\" src=\"https:\/\/www.messern.at\/feuerwehr\/wp-content\/uploads\/2021\/11\/DSC02458-1024x768.jpg\" alt=\"\" data-id=\"714\" data-full-url=\"https:\/\/www.messern.at\/feuerwehr\/wp-content\/uploads\/2021\/11\/DSC02458-scaled.jpg\" data-link=\"https:\/\/www.messern.at\/feuerwehr\/?attachment_id=714\" class=\"wp-image-714\" srcset=\"https:\/\/www.messern.at\/feuerwehr\/wp-content\/uploads\/2021\/11\/DSC02458-1024x768.jpg 1024w, https:\/\/www.messern.at\/feuerwehr\/wp-content\/uploads\/2021\/11\/DSC02458-300x225.jpg 300w, https:\/\/www.messern.at\/feuerwehr\/wp-content\/uploads\/2021\/11\/DSC02458-768x576.jpg 768w, https:\/\/www.messern.at\/feuerwehr\/wp-content\/uploads\/2021\/11\/DSC02458-1536x1152.jpg 1536w, https:\/\/www.messern.at\/feuerwehr\/wp-content\/uploads\/2021\/11\/DSC02458-2048x1536.jpg 2048w\" sizes=\"(max-width: 1024px) 100vw, 1024px\" \/><\/figure><\/li><li class=\"blocks-gallery-item\"><figure><img loading=\"lazy\" width=\"1024\" height=\"768\" src=\"https:\/\/www.messern.at\/feuerwehr\/wp-content\/uploads\/2021\/11\/DSCN1699-1024x768.jpg\" alt=\"\" data-id=\"715\" data-full-url=\"https:\/\/www.messern.at\/feuerwehr\/wp-content\/uploads\/2021\/11\/DSCN1699-scaled.jpg\" data-link=\"https:\/\/www.messern.at\/feuerwehr\/?attachment_id=715\" class=\"wp-image-715\" srcset=\"https:\/\/www.messern.at\/feuerwehr\/wp-content\/uploads\/2021\/11\/DSCN1699-1024x768.jpg 1024w, https:\/\/www.messern.at\/feuerwehr\/wp-content\/uploads\/2021\/11\/DSCN1699-300x225.jpg 300w, https:\/\/www.messern.at\/feuerwehr\/wp-content\/uploads\/2021\/11\/DSCN1699-768x576.jpg 768w, https:\/\/www.messern.at\/feuerwehr\/wp-content\/uploads\/2021\/11\/DSCN1699-1536x1152.jpg 1536w, https:\/\/www.messern.at\/feuerwehr\/wp-content\/uploads\/2021\/11\/DSCN1699-2048x1536.jpg 2048w\" sizes=\"(max-width: 1024px) 100vw, 1024px\" \/><\/figure><\/li><\/ul><\/figure>\n","protected":false},"excerpt":{"rendered":"<p>Vergangenen Sonntag konnte unser Erwin seinen 80. Geburtstag feiern und so lud er ins Gasthaus Asenbaum neben seiner Familie, Verwandtschaft, Freunden und Pensionisten auch eine Abordnung der Messerner Feuerwehr ein.Erwin Lausch trat im Jahr 1982, also vor 37 Jahren der FF Messern bei. Er absolvierte dann den Grund-, den Atemschutz und den Funklehrgang. 1998 wurde [&hellip;]<\/p>\n","protected":false},"author":6,"featured_media":713,"comment_status":"closed","ping_status":"closed","sticky":false,"template":"","format":"standard","meta":[],"categories":[10],"tags":[],"acf":[],"_links":{"self":[{"href":"https:\/\/www.messern.at\/feuerwehr\/wp-json\/wp\/v2\/posts\/712"}],"collection":[{"href":"https:\/\/www.messern.at\/feuerwehr\/wp-json\/wp\/v2\/posts"}],"about":[{"href":"https:\/\/www.messern.at\/feuerwehr\/wp-json\/wp\/v2\/types\/post"}],"author":[{"embeddable":true,"href":"https:\/\/www.messern.at\/feuerwehr\/wp-json\/wp\/v2\/users\/6"}],"replies":[{"embeddable":true,"href":"https:\/\/www.messern.at\/feuerwehr\/wp-json\/wp\/v2\/comments?post=712"}],"version-history":[{"count":1,"href":"https:\/\/www.messern.at\/feuerwehr\/wp-json\/wp\/v2\/posts\/712\/revisions"}],"predecessor-version":[{"id":716,"href":"https:\/\/www.messern.at\/feuerwehr\/wp-json\/wp\/v2\/posts\/712\/revisions\/716"}],"wp:featuredmedia":[{"embeddable":true,"href":"https:\/\/www.messern.at\/feuerwehr\/wp-json\/wp\/v2\/media\/713"}],"wp:attachment":[{"href":"https:\/\/www.messern.at\/feuerwehr\/wp-json\/wp\/v2\/media?parent=712"}],"wp:term":[{"taxonomy":"category","embeddable":true,"href":"https:\/\/www.messern.at\/feuerwehr\/wp-json\/wp\/v2\/categories?post=712"},{"taxonomy":"post_tag","embeddable":true,"href":"https:\/\/www.messern.at\/feuerwehr\/wp-json\/wp\/v2\/tags?post=712"}],"curies":[{"name":"wp","href":"https:\/\/api.w.org\/{rel}","templated":true}]}}