{"id":708,"date":"2020-05-18T13:12:00","date_gmt":"2020-05-18T11:12:00","guid":{"rendered":"https:\/\/www.messern.at\/feuerwehr\/?p=708"},"modified":"2021-12-02T18:56:50","modified_gmt":"2021-12-02T17:56:50","slug":"christoph-lausch-ist-neues-feuerwehrmitglied","status":"publish","type":"post","link":"https:\/\/www.messern.at\/feuerwehr\/allgemein\/christoph-lausch-ist-neues-feuerwehrmitglied\/","title":{"rendered":"Christoph Lausch ist neues Feuerwehrmitglied"},"content":{"rendered":"\n<p>Es freut uns dar\u00fcber berichten zu k\u00f6nnen, dass wir seit wenigen Wochen ein neues Feuerwehrmitglied in unseren Reihen begr\u00fc\u00dfen d\u00fcrfen.<\/p>\n\n\n\n<p>Christoph Lausch &#8211; Sohn unseres Verwalters J\u00fcrgen Lausch \u2013 wurde am 20. M\u00e4rz 2004 geboren. Er konnte vor kurzem die Polytechnische Schule in Horn besuchen und abschlie\u00dfen und beginnt im August bei der Firma Leyrer &amp; Graf seine Lehrausbildung in der Zimmerei.<\/p>\n\n\n\n<p>Christoph f\u00e4hrt gerne Moped, ist sehr f\u00fcr Fu\u00dfball und Computerspiele interessiert und hat auch schon viele Male beim Feuerwehrhausumbau brav mit Hand angelegt und freiwillig gearbeitet. Zuletzt war er erst beim Einbau der T\u00fcren unserem Tischlermeister Andreas Herzog eine gro\u00dfe Hilfe.<\/p>\n\n\n\n<p>Christoph ist unser j\u00fcngstes Feuerwehrmitglied und ist durch seinen Opa Erwin somit in 3. Generation der Familie Lausch Mitglied unserer Feuerwehr. Auch sein Bruder Patrick verst\u00e4rkt ja schon seit einiger Zeit die Feuerwehr und wir sind sehr froh, dass das \u201eFeuerwehrvirus\u201c auch Chrisi angesteckt hat \ud83d\ude09<\/p>\n\n\n\n<p>Herzlich willkommen und wir freuen uns auf eine erfolgreiche Zeit bei der Feuerwehr Messern!<\/p>\n\n\n\n<figure class=\"wp-block-gallery columns-2 is-cropped\"><ul class=\"blocks-gallery-grid\"><li class=\"blocks-gallery-item\"><figure><img loading=\"lazy\" width=\"1024\" height=\"768\" src=\"https:\/\/www.messern.at\/feuerwehr\/wp-content\/uploads\/2021\/11\/image001-6.jpg\" alt=\"\" data-id=\"709\" data-full-url=\"https:\/\/www.messern.at\/feuerwehr\/wp-content\/uploads\/2021\/11\/image001-6.jpg\" data-link=\"https:\/\/www.messern.at\/feuerwehr\/?attachment_id=709\" class=\"wp-image-709\" srcset=\"https:\/\/www.messern.at\/feuerwehr\/wp-content\/uploads\/2021\/11\/image001-6.jpg 1024w, https:\/\/www.messern.at\/feuerwehr\/wp-content\/uploads\/2021\/11\/image001-6-300x225.jpg 300w, https:\/\/www.messern.at\/feuerwehr\/wp-content\/uploads\/2021\/11\/image001-6-768x576.jpg 768w\" sizes=\"(max-width: 1024px) 100vw, 1024px\" \/><\/figure><\/li><li class=\"blocks-gallery-item\"><figure><img loading=\"lazy\" width=\"1024\" height=\"768\" src=\"https:\/\/www.messern.at\/feuerwehr\/wp-content\/uploads\/2021\/11\/image002-5.jpg\" alt=\"\" data-id=\"710\" data-full-url=\"https:\/\/www.messern.at\/feuerwehr\/wp-content\/uploads\/2021\/11\/image002-5.jpg\" data-link=\"https:\/\/www.messern.at\/feuerwehr\/?attachment_id=710\" class=\"wp-image-710\" srcset=\"https:\/\/www.messern.at\/feuerwehr\/wp-content\/uploads\/2021\/11\/image002-5.jpg 1024w, https:\/\/www.messern.at\/feuerwehr\/wp-content\/uploads\/2021\/11\/image002-5-300x225.jpg 300w, https:\/\/www.messern.at\/feuerwehr\/wp-content\/uploads\/2021\/11\/image002-5-768x576.jpg 768w\" sizes=\"(max-width: 1024px) 100vw, 1024px\" \/><\/figure><\/li><\/ul><\/figure>\n","protected":false},"excerpt":{"rendered":"<p>Es freut uns dar\u00fcber berichten zu k\u00f6nnen, dass wir seit wenigen Wochen ein neues Feuerwehrmitglied in unseren Reihen begr\u00fc\u00dfen d\u00fcrfen. Christoph Lausch &#8211; Sohn unseres Verwalters J\u00fcrgen Lausch \u2013 wurde am 20. M\u00e4rz 2004 geboren. Er konnte vor kurzem die Polytechnische Schule in Horn besuchen und abschlie\u00dfen und beginnt im August bei der Firma Leyrer [&hellip;]<\/p>\n","protected":false},"author":6,"featured_media":710,"comment_status":"closed","ping_status":"closed","sticky":false,"template":"","format":"standard","meta":[],"categories":[10],"tags":[],"acf":[],"_links":{"self":[{"href":"https:\/\/www.messern.at\/feuerwehr\/wp-json\/wp\/v2\/posts\/708"}],"collection":[{"href":"https:\/\/www.messern.at\/feuerwehr\/wp-json\/wp\/v2\/posts"}],"about":[{"href":"https:\/\/www.messern.at\/feuerwehr\/wp-json\/wp\/v2\/types\/post"}],"author":[{"embeddable":true,"href":"https:\/\/www.messern.at\/feuerwehr\/wp-json\/wp\/v2\/users\/6"}],"replies":[{"embeddable":true,"href":"https:\/\/www.messern.at\/feuerwehr\/wp-json\/wp\/v2\/comments?post=708"}],"version-history":[{"count":1,"href":"https:\/\/www.messern.at\/feuerwehr\/wp-json\/wp\/v2\/posts\/708\/revisions"}],"predecessor-version":[{"id":711,"href":"https:\/\/www.messern.at\/feuerwehr\/wp-json\/wp\/v2\/posts\/708\/revisions\/711"}],"wp:featuredmedia":[{"embeddable":true,"href":"https:\/\/www.messern.at\/feuerwehr\/wp-json\/wp\/v2\/media\/710"}],"wp:attachment":[{"href":"https:\/\/www.messern.at\/feuerwehr\/wp-json\/wp\/v2\/media?parent=708"}],"wp:term":[{"taxonomy":"category","embeddable":true,"href":"https:\/\/www.messern.at\/feuerwehr\/wp-json\/wp\/v2\/categories?post=708"},{"taxonomy":"post_tag","embeddable":true,"href":"https:\/\/www.messern.at\/feuerwehr\/wp-json\/wp\/v2\/tags?post=708"}],"curies":[{"name":"wp","href":"https:\/\/api.w.org\/{rel}","templated":true}]}}