{"id":658,"date":"2019-08-22T19:48:00","date_gmt":"2019-08-22T17:48:00","guid":{"rendered":"https:\/\/www.messern.at\/feuerwehr\/?p=658"},"modified":"2021-11-18T12:33:41","modified_gmt":"2021-11-18T11:33:41","slug":"feuerwehrmitglied-karl-grecher-verstorben","status":"publish","type":"post","link":"https:\/\/www.messern.at\/feuerwehr\/allgemein\/feuerwehrmitglied-karl-grecher-verstorben\/","title":{"rendered":"Feuerwehrmitglied Karl Grecher verstorben"},"content":{"rendered":"\n<p><br>Unser \u00e4ltestes Feuerwehrmitglied und \u00e4ltester Dorfbewohner Karl Grecher ist am 22.08.2019 im 94. Lebensjahr verstorben.<br>Karl Grecher wurde am 26. Juli 1926 in Messern geboren und im jungen Alter musste er sogar noch in den Zweiten Weltkrieg ziehen. Karl Grecher arbeitete als Waldarbeiter beim Stift Altenburg \u2013 damals noch mit Arbeitsbedingungen, die man sich heute gar nicht mehr vorstellen kann. Mit seiner Frau Stefanie hatte er sieben Kinder auf die Welt gebracht und gro\u00dfgezogen und Karl Grecher durfte sich auch \u00fcber viele Enkel und Urenkel freuen. Im Jahr 2008 verstarb seine Frau Stefanie.<br>Karl Grecher wurde 1991 in den sogenannten \u201eFeuerwehr-Reservestand\u201c \u00fcberstellt und er erhielt unter anderem das \u201eEhrenzeichen f\u00fcr vielj\u00e4hrige verdienstvolle T\u00e4tigkeit auf dem Gebiete des Feuerwehr- und Rettungswesens 60 Jahre\u201c.<br>Im Jahr 2016 konnte er im Kreise seiner Familie seinen 90. Geburtstag feiern. Zu diesem Anlass wurde ihm im Rahmen einer kleinen Feier ein Geschenkkorb seitens der Feuerwehr \u00fcberreicht.<br>Karl Grecher trat bereits am 1. J\u00e4nner 1949 der FF Messern bei und somit h\u00e4tte in diesem Jahr unser Kamerad Karl im Zuge des Kirtages das \u201eEhrenzeichen f\u00fcr vielj\u00e4hrige verdienstvolle T\u00e4tigkeit auf dem Gebiete des Feuerwehr- und Rettungswesens 70 Jahre\u201c erhalten sollen. Leider konnte er auf Grund eines Krankenhausaufenthaltes diese Ehrung nicht mehr entgegennehmen, auch zu einer pers\u00f6nlichen \u00dcberreichung bei Familie Grecher zu Hause ist es leider nicht mehr gekommen.<br>Karl Grecher war f\u00fcr \u00fcber unvorstellbare 70 Jahre (!!) Mitglied der Messerner Feuerwehr \u2013 f\u00fcr deine langj\u00e4hrige Treue zur Feuerwehr k\u00f6nnen wir nur danken. Die Kameraden der Feuerwehr Messern werden dir stets ein ehrenhaftes Andenken bewahren.<br>Das Begr\u00e4bnis findet am Freitag, den 30. August 2019 um 14:00 Uhr in der Pfarrkirche Messern statt.<\/p>\n\n\n\n<figure class=\"wp-block-gallery columns-3 is-cropped\"><ul class=\"blocks-gallery-grid\"><li class=\"blocks-gallery-item\"><figure><img loading=\"lazy\" width=\"1024\" height=\"768\" src=\"https:\/\/www.messern.at\/feuerwehr\/wp-content\/uploads\/2021\/11\/DSC02424-1024x768.jpg\" alt=\"\" data-id=\"659\" data-full-url=\"https:\/\/www.messern.at\/feuerwehr\/wp-content\/uploads\/2021\/11\/DSC02424-scaled.jpg\" data-link=\"https:\/\/www.messern.at\/feuerwehr\/?attachment_id=659\" class=\"wp-image-659\" srcset=\"https:\/\/www.messern.at\/feuerwehr\/wp-content\/uploads\/2021\/11\/DSC02424-1024x768.jpg 1024w, https:\/\/www.messern.at\/feuerwehr\/wp-content\/uploads\/2021\/11\/DSC02424-300x225.jpg 300w, https:\/\/www.messern.at\/feuerwehr\/wp-content\/uploads\/2021\/11\/DSC02424-768x576.jpg 768w, https:\/\/www.messern.at\/feuerwehr\/wp-content\/uploads\/2021\/11\/DSC02424-1536x1152.jpg 1536w, https:\/\/www.messern.at\/feuerwehr\/wp-content\/uploads\/2021\/11\/DSC02424-2048x1536.jpg 2048w\" sizes=\"(max-width: 1024px) 100vw, 1024px\" \/><\/figure><\/li><li class=\"blocks-gallery-item\"><figure><img loading=\"lazy\" width=\"1024\" height=\"768\" src=\"https:\/\/www.messern.at\/feuerwehr\/wp-content\/uploads\/2021\/11\/DSC02431-1024x768.jpg\" alt=\"\" data-id=\"660\" data-full-url=\"https:\/\/www.messern.at\/feuerwehr\/wp-content\/uploads\/2021\/11\/DSC02431-scaled.jpg\" data-link=\"https:\/\/www.messern.at\/feuerwehr\/?attachment_id=660\" class=\"wp-image-660\" srcset=\"https:\/\/www.messern.at\/feuerwehr\/wp-content\/uploads\/2021\/11\/DSC02431-1024x768.jpg 1024w, https:\/\/www.messern.at\/feuerwehr\/wp-content\/uploads\/2021\/11\/DSC02431-300x225.jpg 300w, https:\/\/www.messern.at\/feuerwehr\/wp-content\/uploads\/2021\/11\/DSC02431-768x576.jpg 768w, https:\/\/www.messern.at\/feuerwehr\/wp-content\/uploads\/2021\/11\/DSC02431-1536x1152.jpg 1536w, https:\/\/www.messern.at\/feuerwehr\/wp-content\/uploads\/2021\/11\/DSC02431-2048x1536.jpg 2048w\" sizes=\"(max-width: 1024px) 100vw, 1024px\" \/><\/figure><\/li><li class=\"blocks-gallery-item\"><figure><img loading=\"lazy\" width=\"1024\" height=\"768\" src=\"https:\/\/www.messern.at\/feuerwehr\/wp-content\/uploads\/2021\/11\/image001-2.jpg\" alt=\"\" data-id=\"661\" data-full-url=\"https:\/\/www.messern.at\/feuerwehr\/wp-content\/uploads\/2021\/11\/image001-2.jpg\" data-link=\"https:\/\/www.messern.at\/feuerwehr\/?attachment_id=661\" class=\"wp-image-661\" srcset=\"https:\/\/www.messern.at\/feuerwehr\/wp-content\/uploads\/2021\/11\/image001-2.jpg 1024w, https:\/\/www.messern.at\/feuerwehr\/wp-content\/uploads\/2021\/11\/image001-2-300x225.jpg 300w, https:\/\/www.messern.at\/feuerwehr\/wp-content\/uploads\/2021\/11\/image001-2-768x576.jpg 768w\" sizes=\"(max-width: 1024px) 100vw, 1024px\" \/><\/figure><\/li><li class=\"blocks-gallery-item\"><figure><img loading=\"lazy\" width=\"1024\" height=\"768\" src=\"https:\/\/www.messern.at\/feuerwehr\/wp-content\/uploads\/2021\/11\/image002-1.jpg\" alt=\"\" data-id=\"662\" data-full-url=\"https:\/\/www.messern.at\/feuerwehr\/wp-content\/uploads\/2021\/11\/image002-1.jpg\" data-link=\"https:\/\/www.messern.at\/feuerwehr\/?attachment_id=662\" class=\"wp-image-662\" srcset=\"https:\/\/www.messern.at\/feuerwehr\/wp-content\/uploads\/2021\/11\/image002-1.jpg 1024w, https:\/\/www.messern.at\/feuerwehr\/wp-content\/uploads\/2021\/11\/image002-1-300x225.jpg 300w, https:\/\/www.messern.at\/feuerwehr\/wp-content\/uploads\/2021\/11\/image002-1-768x576.jpg 768w\" sizes=\"(max-width: 1024px) 100vw, 1024px\" \/><\/figure><\/li><li class=\"blocks-gallery-item\"><figure><img loading=\"lazy\" width=\"111\" height=\"166\" src=\"https:\/\/www.messern.at\/feuerwehr\/wp-content\/uploads\/2021\/11\/image003.jpg\" alt=\"\" data-id=\"663\" data-full-url=\"https:\/\/www.messern.at\/feuerwehr\/wp-content\/uploads\/2021\/11\/image003.jpg\" data-link=\"https:\/\/www.messern.at\/feuerwehr\/?attachment_id=663\" class=\"wp-image-663\"\/><\/figure><\/li><\/ul><\/figure>\n","protected":false},"excerpt":{"rendered":"<p>Unser \u00e4ltestes Feuerwehrmitglied und \u00e4ltester Dorfbewohner Karl Grecher ist am 22.08.2019 im 94. Lebensjahr verstorben.Karl Grecher wurde am 26. Juli 1926 in Messern geboren und im jungen Alter musste er sogar noch in den Zweiten Weltkrieg ziehen. Karl Grecher arbeitete als Waldarbeiter beim Stift Altenburg \u2013 damals noch mit Arbeitsbedingungen, die man sich heute gar [&hellip;]<\/p>\n","protected":false},"author":6,"featured_media":663,"comment_status":"closed","ping_status":"closed","sticky":false,"template":"","format":"standard","meta":[],"categories":[10],"tags":[],"acf":[],"_links":{"self":[{"href":"https:\/\/www.messern.at\/feuerwehr\/wp-json\/wp\/v2\/posts\/658"}],"collection":[{"href":"https:\/\/www.messern.at\/feuerwehr\/wp-json\/wp\/v2\/posts"}],"about":[{"href":"https:\/\/www.messern.at\/feuerwehr\/wp-json\/wp\/v2\/types\/post"}],"author":[{"embeddable":true,"href":"https:\/\/www.messern.at\/feuerwehr\/wp-json\/wp\/v2\/users\/6"}],"replies":[{"embeddable":true,"href":"https:\/\/www.messern.at\/feuerwehr\/wp-json\/wp\/v2\/comments?post=658"}],"version-history":[{"count":1,"href":"https:\/\/www.messern.at\/feuerwehr\/wp-json\/wp\/v2\/posts\/658\/revisions"}],"predecessor-version":[{"id":664,"href":"https:\/\/www.messern.at\/feuerwehr\/wp-json\/wp\/v2\/posts\/658\/revisions\/664"}],"wp:featuredmedia":[{"embeddable":true,"href":"https:\/\/www.messern.at\/feuerwehr\/wp-json\/wp\/v2\/media\/663"}],"wp:attachment":[{"href":"https:\/\/www.messern.at\/feuerwehr\/wp-json\/wp\/v2\/media?parent=658"}],"wp:term":[{"taxonomy":"category","embeddable":true,"href":"https:\/\/www.messern.at\/feuerwehr\/wp-json\/wp\/v2\/categories?post=658"},{"taxonomy":"post_tag","embeddable":true,"href":"https:\/\/www.messern.at\/feuerwehr\/wp-json\/wp\/v2\/tags?post=658"}],"curies":[{"name":"wp","href":"https:\/\/api.w.org\/{rel}","templated":true}]}}