{"id":594,"date":"2017-05-07T20:30:00","date_gmt":"2017-05-07T18:30:00","guid":{"rendered":"https:\/\/www.messern.at\/feuerwehr\/?p=594"},"modified":"2021-11-04T14:30:56","modified_gmt":"2021-11-04T13:30:56","slug":"angelobung-von-patrick-lausch-und-florianifeier","status":"publish","type":"post","link":"https:\/\/www.messern.at\/feuerwehr\/allgemein\/angelobung-von-patrick-lausch-und-florianifeier\/","title":{"rendered":"Angelobung von Patrick Lausch und Florianifeier"},"content":{"rendered":"\n<p>Am Sonntag, den 7. Mai 2017, fand in der Pfarrkirche Messern die traditionelle Florianimesse zu Ehren des Hl. Florian statt. Unser Abt Michael Proh\u00e1zka zelebrierte den Gottesdienst und erw\u00e4hnte viele interessante Gedanken rund um den Hl. Florian im Hinblick auf die heutige Zeit.<\/p>\n\n\n\n<p>H\u00f6hepunkt dieser Messfeier war mit Sicherheit die Angelobung unseres neuen Feuerwehrmitgliedes Patrick Lausch aus Messern. Patrick besucht zurzeit die Handelsakademie in Horn und wird die Feuerwehr Messern in Zukunft verst\u00e4rken. Unser j\u00fcngstes Feuerwehrmitglied ist besonders bei den zahlreichen Arbeitseins\u00e4tzen rund um den Umbau des Feuerwehr- und Dorfgemeinschaftshauses ein unverzichtbarer Helfer geworden und leistet tolle Arbeit!<\/p>\n\n\n\n<figure class=\"wp-block-gallery columns-3 is-cropped\"><ul class=\"blocks-gallery-grid\"><li class=\"blocks-gallery-item\"><figure><a href=\"https:\/\/www.messern.at\/feuerwehr\/wp-content\/uploads\/2021\/11\/DSCN0838-scaled.jpg\"><img loading=\"lazy\" width=\"1024\" height=\"768\" src=\"https:\/\/www.messern.at\/feuerwehr\/wp-content\/uploads\/2021\/11\/DSCN0838-1024x768.jpg\" alt=\"\" data-id=\"595\" data-full-url=\"https:\/\/www.messern.at\/feuerwehr\/wp-content\/uploads\/2021\/11\/DSCN0838-scaled.jpg\" data-link=\"https:\/\/www.messern.at\/feuerwehr\/?attachment_id=595\" class=\"wp-image-595\" srcset=\"https:\/\/www.messern.at\/feuerwehr\/wp-content\/uploads\/2021\/11\/DSCN0838-1024x768.jpg 1024w, https:\/\/www.messern.at\/feuerwehr\/wp-content\/uploads\/2021\/11\/DSCN0838-300x225.jpg 300w, https:\/\/www.messern.at\/feuerwehr\/wp-content\/uploads\/2021\/11\/DSCN0838-768x576.jpg 768w, https:\/\/www.messern.at\/feuerwehr\/wp-content\/uploads\/2021\/11\/DSCN0838-1536x1152.jpg 1536w, https:\/\/www.messern.at\/feuerwehr\/wp-content\/uploads\/2021\/11\/DSCN0838-2048x1536.jpg 2048w\" sizes=\"(max-width: 1024px) 100vw, 1024px\" \/><\/a><\/figure><\/li><li class=\"blocks-gallery-item\"><figure><a href=\"https:\/\/www.messern.at\/feuerwehr\/wp-content\/uploads\/2021\/11\/DSCN0841-scaled.jpg\"><img loading=\"lazy\" width=\"1024\" height=\"768\" src=\"https:\/\/www.messern.at\/feuerwehr\/wp-content\/uploads\/2021\/11\/DSCN0841-1024x768.jpg\" alt=\"\" data-id=\"596\" data-full-url=\"https:\/\/www.messern.at\/feuerwehr\/wp-content\/uploads\/2021\/11\/DSCN0841-scaled.jpg\" data-link=\"https:\/\/www.messern.at\/feuerwehr\/?attachment_id=596\" class=\"wp-image-596\" srcset=\"https:\/\/www.messern.at\/feuerwehr\/wp-content\/uploads\/2021\/11\/DSCN0841-1024x768.jpg 1024w, https:\/\/www.messern.at\/feuerwehr\/wp-content\/uploads\/2021\/11\/DSCN0841-300x225.jpg 300w, https:\/\/www.messern.at\/feuerwehr\/wp-content\/uploads\/2021\/11\/DSCN0841-768x576.jpg 768w, https:\/\/www.messern.at\/feuerwehr\/wp-content\/uploads\/2021\/11\/DSCN0841-1536x1152.jpg 1536w, https:\/\/www.messern.at\/feuerwehr\/wp-content\/uploads\/2021\/11\/DSCN0841-2048x1536.jpg 2048w\" sizes=\"(max-width: 1024px) 100vw, 1024px\" \/><\/a><\/figure><\/li><li class=\"blocks-gallery-item\"><figure><a href=\"https:\/\/www.messern.at\/feuerwehr\/wp-content\/uploads\/2021\/11\/DSCN0845-scaled.jpg\"><img loading=\"lazy\" width=\"1024\" height=\"768\" src=\"https:\/\/www.messern.at\/feuerwehr\/wp-content\/uploads\/2021\/11\/DSCN0845-1024x768.jpg\" alt=\"\" data-id=\"597\" data-full-url=\"https:\/\/www.messern.at\/feuerwehr\/wp-content\/uploads\/2021\/11\/DSCN0845-scaled.jpg\" data-link=\"https:\/\/www.messern.at\/feuerwehr\/?attachment_id=597\" class=\"wp-image-597\" srcset=\"https:\/\/www.messern.at\/feuerwehr\/wp-content\/uploads\/2021\/11\/DSCN0845-1024x768.jpg 1024w, https:\/\/www.messern.at\/feuerwehr\/wp-content\/uploads\/2021\/11\/DSCN0845-300x225.jpg 300w, https:\/\/www.messern.at\/feuerwehr\/wp-content\/uploads\/2021\/11\/DSCN0845-768x576.jpg 768w, https:\/\/www.messern.at\/feuerwehr\/wp-content\/uploads\/2021\/11\/DSCN0845-1536x1152.jpg 1536w, https:\/\/www.messern.at\/feuerwehr\/wp-content\/uploads\/2021\/11\/DSCN0845-2048x1536.jpg 2048w\" sizes=\"(max-width: 1024px) 100vw, 1024px\" \/><\/a><\/figure><\/li><\/ul><\/figure>\n","protected":false},"excerpt":{"rendered":"<p>Am Sonntag, den 7. Mai 2017, fand in der Pfarrkirche Messern die traditionelle Florianimesse zu Ehren des Hl. Florian statt. Unser Abt Michael Proh\u00e1zka zelebrierte den Gottesdienst und erw\u00e4hnte viele interessante Gedanken rund um den Hl. Florian im Hinblick auf die heutige Zeit. H\u00f6hepunkt dieser Messfeier war mit Sicherheit die Angelobung unseres neuen Feuerwehrmitgliedes Patrick [&hellip;]<\/p>\n","protected":false},"author":8,"featured_media":598,"comment_status":"closed","ping_status":"closed","sticky":false,"template":"","format":"standard","meta":[],"categories":[10],"tags":[],"acf":[],"_links":{"self":[{"href":"https:\/\/www.messern.at\/feuerwehr\/wp-json\/wp\/v2\/posts\/594"}],"collection":[{"href":"https:\/\/www.messern.at\/feuerwehr\/wp-json\/wp\/v2\/posts"}],"about":[{"href":"https:\/\/www.messern.at\/feuerwehr\/wp-json\/wp\/v2\/types\/post"}],"author":[{"embeddable":true,"href":"https:\/\/www.messern.at\/feuerwehr\/wp-json\/wp\/v2\/users\/8"}],"replies":[{"embeddable":true,"href":"https:\/\/www.messern.at\/feuerwehr\/wp-json\/wp\/v2\/comments?post=594"}],"version-history":[{"count":1,"href":"https:\/\/www.messern.at\/feuerwehr\/wp-json\/wp\/v2\/posts\/594\/revisions"}],"predecessor-version":[{"id":599,"href":"https:\/\/www.messern.at\/feuerwehr\/wp-json\/wp\/v2\/posts\/594\/revisions\/599"}],"wp:featuredmedia":[{"embeddable":true,"href":"https:\/\/www.messern.at\/feuerwehr\/wp-json\/wp\/v2\/media\/598"}],"wp:attachment":[{"href":"https:\/\/www.messern.at\/feuerwehr\/wp-json\/wp\/v2\/media?parent=594"}],"wp:term":[{"taxonomy":"category","embeddable":true,"href":"https:\/\/www.messern.at\/feuerwehr\/wp-json\/wp\/v2\/categories?post=594"},{"taxonomy":"post_tag","embeddable":true,"href":"https:\/\/www.messern.at\/feuerwehr\/wp-json\/wp\/v2\/tags?post=594"}],"curies":[{"name":"wp","href":"https:\/\/api.w.org\/{rel}","templated":true}]}}