{"id":581,"date":"2017-04-11T20:22:00","date_gmt":"2017-04-11T18:22:00","guid":{"rendered":"https:\/\/www.messern.at\/feuerwehr\/?p=581"},"modified":"2021-11-04T14:23:03","modified_gmt":"2021-11-04T13:23:03","slug":"praesentation-des-neuen-feuerwehr-und-dorfgemeinschaftshauses","status":"publish","type":"post","link":"https:\/\/www.messern.at\/feuerwehr\/allgemein\/praesentation-des-neuen-feuerwehr-und-dorfgemeinschaftshauses\/","title":{"rendered":"Pr\u00e4sentation des neuen Feuerwehr- und Dorfgemeinschaftshauses"},"content":{"rendered":"\n<p>Nachdem die Feuerwehrmitglieder ja bereits im Zuge der Mitgliederversammlung und auch der Dorferneuerungsverein Messern \u00fcber das bevorstehende Projekt ausf\u00fchrlich informiert wurden, gab es am Dienstagabend nun f\u00fcr alle Interessierten einen Vortrag. Der Vortragende Klaus Ringl informierte zu Beginn die rund 40 anwesenden G\u00e4ste \u00fcber die Beweggr\u00fcnde des Umbaus, im Anschluss wurde der Plan erl\u00e4utert und zum Abschluss wurden die Finanzierungspl\u00e4ne pr\u00e4sentiert.<\/p>\n\n\n\n<p>Alle Besucher waren sehr interessiert und konnten eifrig Fragen stellen und sich genau \u00fcber die bevorstehenden Pl\u00e4ne informieren.<\/p>\n\n\n\n<p>Wir danken allen Besuchern und freuen uns \u00fcber jede hilfreiche Hand im Zuge des Umbaus &#8211; jeder Einzelne kann und soll seinen Beitrag zu diesem Projekt leisten!!!<\/p>\n\n\n\n<figure class=\"wp-block-gallery columns-3 is-cropped\"><ul class=\"blocks-gallery-grid\"><li class=\"blocks-gallery-item\"><figure><a href=\"https:\/\/www.messern.at\/feuerwehr\/wp-content\/uploads\/2021\/11\/DSCN0495-scaled.jpg\"><img loading=\"lazy\" width=\"1024\" height=\"768\" src=\"https:\/\/www.messern.at\/feuerwehr\/wp-content\/uploads\/2021\/11\/DSCN0495-1024x768.jpg\" alt=\"\" data-id=\"583\" data-full-url=\"https:\/\/www.messern.at\/feuerwehr\/wp-content\/uploads\/2021\/11\/DSCN0495-scaled.jpg\" data-link=\"https:\/\/www.messern.at\/feuerwehr\/?attachment_id=583\" class=\"wp-image-583\" srcset=\"https:\/\/www.messern.at\/feuerwehr\/wp-content\/uploads\/2021\/11\/DSCN0495-1024x768.jpg 1024w, https:\/\/www.messern.at\/feuerwehr\/wp-content\/uploads\/2021\/11\/DSCN0495-300x225.jpg 300w, https:\/\/www.messern.at\/feuerwehr\/wp-content\/uploads\/2021\/11\/DSCN0495-768x576.jpg 768w, https:\/\/www.messern.at\/feuerwehr\/wp-content\/uploads\/2021\/11\/DSCN0495-1536x1152.jpg 1536w, https:\/\/www.messern.at\/feuerwehr\/wp-content\/uploads\/2021\/11\/DSCN0495-2048x1536.jpg 2048w\" sizes=\"(max-width: 1024px) 100vw, 1024px\" \/><\/a><\/figure><\/li><li class=\"blocks-gallery-item\"><figure><a href=\"https:\/\/www.messern.at\/feuerwehr\/wp-content\/uploads\/2021\/11\/DSCN0499-1-scaled.jpg\"><img loading=\"lazy\" width=\"1024\" height=\"768\" src=\"https:\/\/www.messern.at\/feuerwehr\/wp-content\/uploads\/2021\/11\/DSCN0499-1-1024x768.jpg\" alt=\"\" data-id=\"585\" data-full-url=\"https:\/\/www.messern.at\/feuerwehr\/wp-content\/uploads\/2021\/11\/DSCN0499-1-scaled.jpg\" data-link=\"https:\/\/www.messern.at\/feuerwehr\/?attachment_id=585\" class=\"wp-image-585\" srcset=\"https:\/\/www.messern.at\/feuerwehr\/wp-content\/uploads\/2021\/11\/DSCN0499-1-1024x768.jpg 1024w, https:\/\/www.messern.at\/feuerwehr\/wp-content\/uploads\/2021\/11\/DSCN0499-1-300x225.jpg 300w, https:\/\/www.messern.at\/feuerwehr\/wp-content\/uploads\/2021\/11\/DSCN0499-1-768x576.jpg 768w, https:\/\/www.messern.at\/feuerwehr\/wp-content\/uploads\/2021\/11\/DSCN0499-1-1536x1152.jpg 1536w, https:\/\/www.messern.at\/feuerwehr\/wp-content\/uploads\/2021\/11\/DSCN0499-1-2048x1536.jpg 2048w\" sizes=\"(max-width: 1024px) 100vw, 1024px\" \/><\/a><\/figure><\/li><li class=\"blocks-gallery-item\"><figure><a href=\"https:\/\/www.messern.at\/feuerwehr\/wp-content\/uploads\/2021\/11\/DSCN0501-1-scaled.jpg\"><img loading=\"lazy\" width=\"1024\" height=\"768\" src=\"https:\/\/www.messern.at\/feuerwehr\/wp-content\/uploads\/2021\/11\/DSCN0501-1-1024x768.jpg\" alt=\"\" data-id=\"587\" data-full-url=\"https:\/\/www.messern.at\/feuerwehr\/wp-content\/uploads\/2021\/11\/DSCN0501-1-scaled.jpg\" data-link=\"https:\/\/www.messern.at\/feuerwehr\/?attachment_id=587\" class=\"wp-image-587\" srcset=\"https:\/\/www.messern.at\/feuerwehr\/wp-content\/uploads\/2021\/11\/DSCN0501-1-1024x768.jpg 1024w, https:\/\/www.messern.at\/feuerwehr\/wp-content\/uploads\/2021\/11\/DSCN0501-1-300x225.jpg 300w, https:\/\/www.messern.at\/feuerwehr\/wp-content\/uploads\/2021\/11\/DSCN0501-1-768x576.jpg 768w, https:\/\/www.messern.at\/feuerwehr\/wp-content\/uploads\/2021\/11\/DSCN0501-1-1536x1152.jpg 1536w, https:\/\/www.messern.at\/feuerwehr\/wp-content\/uploads\/2021\/11\/DSCN0501-1-2048x1536.jpg 2048w\" sizes=\"(max-width: 1024px) 100vw, 1024px\" \/><\/a><\/figure><\/li><\/ul><\/figure>\n","protected":false},"excerpt":{"rendered":"<p>Nachdem die Feuerwehrmitglieder ja bereits im Zuge der Mitgliederversammlung und auch der Dorferneuerungsverein Messern \u00fcber das bevorstehende Projekt ausf\u00fchrlich informiert wurden, gab es am Dienstagabend nun f\u00fcr alle Interessierten einen Vortrag. Der Vortragende Klaus Ringl informierte zu Beginn die rund 40 anwesenden G\u00e4ste \u00fcber die Beweggr\u00fcnde des Umbaus, im Anschluss wurde der Plan erl\u00e4utert und [&hellip;]<\/p>\n","protected":false},"author":8,"featured_media":588,"comment_status":"closed","ping_status":"closed","sticky":false,"template":"","format":"standard","meta":[],"categories":[10],"tags":[],"acf":[],"_links":{"self":[{"href":"https:\/\/www.messern.at\/feuerwehr\/wp-json\/wp\/v2\/posts\/581"}],"collection":[{"href":"https:\/\/www.messern.at\/feuerwehr\/wp-json\/wp\/v2\/posts"}],"about":[{"href":"https:\/\/www.messern.at\/feuerwehr\/wp-json\/wp\/v2\/types\/post"}],"author":[{"embeddable":true,"href":"https:\/\/www.messern.at\/feuerwehr\/wp-json\/wp\/v2\/users\/8"}],"replies":[{"embeddable":true,"href":"https:\/\/www.messern.at\/feuerwehr\/wp-json\/wp\/v2\/comments?post=581"}],"version-history":[{"count":1,"href":"https:\/\/www.messern.at\/feuerwehr\/wp-json\/wp\/v2\/posts\/581\/revisions"}],"predecessor-version":[{"id":589,"href":"https:\/\/www.messern.at\/feuerwehr\/wp-json\/wp\/v2\/posts\/581\/revisions\/589"}],"wp:featuredmedia":[{"embeddable":true,"href":"https:\/\/www.messern.at\/feuerwehr\/wp-json\/wp\/v2\/media\/588"}],"wp:attachment":[{"href":"https:\/\/www.messern.at\/feuerwehr\/wp-json\/wp\/v2\/media?parent=581"}],"wp:term":[{"taxonomy":"category","embeddable":true,"href":"https:\/\/www.messern.at\/feuerwehr\/wp-json\/wp\/v2\/categories?post=581"},{"taxonomy":"post_tag","embeddable":true,"href":"https:\/\/www.messern.at\/feuerwehr\/wp-json\/wp\/v2\/tags?post=581"}],"curies":[{"name":"wp","href":"https:\/\/api.w.org\/{rel}","templated":true}]}}