{"id":577,"date":"2017-07-07T21:15:00","date_gmt":"2017-07-07T19:15:00","guid":{"rendered":"https:\/\/www.messern.at\/feuerwehr\/?p=577"},"modified":"2021-11-04T14:16:25","modified_gmt":"2021-11-04T13:16:25","slug":"feuerwehrmitglied-johann-polt-verstorben","status":"publish","type":"post","link":"https:\/\/www.messern.at\/feuerwehr\/allgemein\/feuerwehrmitglied-johann-polt-verstorben\/","title":{"rendered":"Feuerwehrmitglied Johann Polt verstorben"},"content":{"rendered":"\n<p>Mit gro\u00dfer Trauer erhielten die Mitglieder der Feuerwehr Messern die Nachricht, dass unser Kamerad Johann Polt (29. Mai 1932 \u2013 7. Juli 2017) kurz nach seinem 85. Geburtstag verstorben ist.<\/p>\n\n\n\n<p>Johann Polt trat bereits am 6. J\u00e4nner 1950 der Freiwilligen Feuerwehr Messern bei und war somit eines der \u00e4ltesten und l\u00e4ngst dienenden Feuerwehrmitglieder. Mit seinen 67 Jahren (!!) Mitgliedschaft war er also \u00fcber die H\u00e4lfte der Zeitspanne seit Bestehen unserer Wehr im Jahr 1886 immer der Feuerwehr treu.<\/p>\n\n\n\n<p>Kamerad Polt erhielt die \u201eEhrenzeichen f\u00fcr vielj\u00e4hrige verdienstvolle T\u00e4tigkeit auf dem Gebiete des Feuerwehr- und Rettungswesens\u201c f\u00fcr 40 Jahre, 50 Jahre und im Jahr 2010 sogar f\u00fcr 60 Jahre!<\/p>\n\n\n\n<p>Johann Polt war bis ins hohe Alter immer der Feuerwehr treu und war bei Ausr\u00fcckungen ebenso dabei als auch bei baulichen Aktivit\u00e4ten unserer Feuerwehrh\u00e4user in Sitzendorf und Messern.<\/p>\n\n\n\n<p>Durch das Ableben unseres Kameraden Johann verlieren wir ein langj\u00e4hriges Mitglied unserer Feuerwehr und wir danken dir f\u00fcr deine T\u00e4tigkeiten rund um das Feuerwehrwesen. Bei dem&nbsp;einen oder anderen &#8222;Vierterl Ganzwein&#8220;, wie unser Hans es immer so sch\u00f6n sagte,&nbsp;werden wir gerne an dich zur\u00fcck denken!<\/p>\n\n\n\n<p>Das Begr\u00e4bnis findet kommenden Freitag, den 14. Juli 2017, um 14:00 Uhr in Messern statt.<\/p>\n\n\n\n<figure class=\"wp-block-gallery columns-1 is-cropped\"><ul class=\"blocks-gallery-grid\"><li class=\"blocks-gallery-item\"><figure><a href=\"https:\/\/www.messern.at\/feuerwehr\/wp-content\/uploads\/2021\/11\/Frauenhofen.jpg\"><img loading=\"lazy\" width=\"1024\" height=\"683\" src=\"https:\/\/www.messern.at\/feuerwehr\/wp-content\/uploads\/2021\/11\/Frauenhofen-1024x683.jpg\" alt=\"\" data-id=\"578\" data-full-url=\"https:\/\/www.messern.at\/feuerwehr\/wp-content\/uploads\/2021\/11\/Frauenhofen.jpg\" data-link=\"https:\/\/www.messern.at\/feuerwehr\/?attachment_id=578\" class=\"wp-image-578\" srcset=\"https:\/\/www.messern.at\/feuerwehr\/wp-content\/uploads\/2021\/11\/Frauenhofen-1024x683.jpg 1024w, https:\/\/www.messern.at\/feuerwehr\/wp-content\/uploads\/2021\/11\/Frauenhofen-300x200.jpg 300w, https:\/\/www.messern.at\/feuerwehr\/wp-content\/uploads\/2021\/11\/Frauenhofen-768x512.jpg 768w, https:\/\/www.messern.at\/feuerwehr\/wp-content\/uploads\/2021\/11\/Frauenhofen-1536x1024.jpg 1536w, https:\/\/www.messern.at\/feuerwehr\/wp-content\/uploads\/2021\/11\/Frauenhofen-2048x1365.jpg 2048w\" sizes=\"(max-width: 1024px) 100vw, 1024px\" \/><\/a><\/figure><\/li><\/ul><\/figure>\n","protected":false},"excerpt":{"rendered":"<p>Mit gro\u00dfer Trauer erhielten die Mitglieder der Feuerwehr Messern die Nachricht, dass unser Kamerad Johann Polt (29. Mai 1932 \u2013 7. Juli 2017) kurz nach seinem 85. Geburtstag verstorben ist. Johann Polt trat bereits am 6. J\u00e4nner 1950 der Freiwilligen Feuerwehr Messern bei und war somit eines der \u00e4ltesten und l\u00e4ngst dienenden Feuerwehrmitglieder. Mit seinen [&hellip;]<\/p>\n","protected":false},"author":8,"featured_media":579,"comment_status":"closed","ping_status":"closed","sticky":false,"template":"","format":"standard","meta":[],"categories":[10],"tags":[],"acf":[],"_links":{"self":[{"href":"https:\/\/www.messern.at\/feuerwehr\/wp-json\/wp\/v2\/posts\/577"}],"collection":[{"href":"https:\/\/www.messern.at\/feuerwehr\/wp-json\/wp\/v2\/posts"}],"about":[{"href":"https:\/\/www.messern.at\/feuerwehr\/wp-json\/wp\/v2\/types\/post"}],"author":[{"embeddable":true,"href":"https:\/\/www.messern.at\/feuerwehr\/wp-json\/wp\/v2\/users\/8"}],"replies":[{"embeddable":true,"href":"https:\/\/www.messern.at\/feuerwehr\/wp-json\/wp\/v2\/comments?post=577"}],"version-history":[{"count":1,"href":"https:\/\/www.messern.at\/feuerwehr\/wp-json\/wp\/v2\/posts\/577\/revisions"}],"predecessor-version":[{"id":580,"href":"https:\/\/www.messern.at\/feuerwehr\/wp-json\/wp\/v2\/posts\/577\/revisions\/580"}],"wp:featuredmedia":[{"embeddable":true,"href":"https:\/\/www.messern.at\/feuerwehr\/wp-json\/wp\/v2\/media\/579"}],"wp:attachment":[{"href":"https:\/\/www.messern.at\/feuerwehr\/wp-json\/wp\/v2\/media?parent=577"}],"wp:term":[{"taxonomy":"category","embeddable":true,"href":"https:\/\/www.messern.at\/feuerwehr\/wp-json\/wp\/v2\/categories?post=577"},{"taxonomy":"post_tag","embeddable":true,"href":"https:\/\/www.messern.at\/feuerwehr\/wp-json\/wp\/v2\/tags?post=577"}],"curies":[{"name":"wp","href":"https:\/\/api.w.org\/{rel}","templated":true}]}}