{"id":560,"date":"2017-11-10T14:02:00","date_gmt":"2017-11-10T13:02:00","guid":{"rendered":"https:\/\/www.messern.at\/feuerwehr\/?p=560"},"modified":"2021-11-04T14:02:51","modified_gmt":"2021-11-04T13:02:51","slug":"feuerwehrmitglied-herbert-weinberger-verstorben","status":"publish","type":"post","link":"https:\/\/www.messern.at\/feuerwehr\/allgemein\/feuerwehrmitglied-herbert-weinberger-verstorben\/","title":{"rendered":"Feuerwehrmitglied Herbert Weinberger verstorben"},"content":{"rendered":"\n<p>Mit gro\u00dfer Trauer erreichte uns die Nachricht vom Ableben unseres Kameraden Herbert Weinberger (26. August 1943 \u2013 7. November 2017).<\/p>\n\n\n\n<p>Herbert Weinberger trat am 6. J\u00e4nner 1967 der Freiwilligen Feuerwehr Messern bei und war somit \u00fcber ein halbes Jahrhundert Mitglied unserer Wehr!<\/p>\n\n\n\n<p>Wie in einem Bericht auf der Homepage informiert, \u00fcbergaben unser Kommandant Klaus Ringl und sein Stellvertreter Otto Fischer im April die Auszeichnung f\u00fcr 50-j\u00e4hrige Mitgliedschaft bei der Feuerwehr im kleinen Rahmen zu Hause bei der Familie Weinberger. Sein Gesundheitszustand erlaubte es bereits damals nicht mehr diese Ehrung im Zuge des Abschnittsfeuerwehrtages zu erhalten.<\/p>\n\n\n\n<p>Unser Herbert war nur sehr selten \u201ean vorderster Front\u201c als Feuerwehrmitglied dabei und doch war er bei so gut wie jeder Feuerwehrveranstaltung mit von der Partie \u2013 mit seiner Musik. Egal ob bei Kirtagen mit seiner eigenen Blasmusikkapelle oder in der Kirche bei vielen sch\u00f6nen und traurigen Anl\u00e4ssen war unser Kamerad Herbert als Organist t\u00e4tig oder begleitete viele Ortsbewohner und Kameraden mit der Trompete bei ihrem letzten Weg.<\/p>\n\n\n\n<p>Die fortschreitende Parkinson- sowie die Alzheimer-Krankheit l\u00f6schten in den vergangen Monaten alles aus, was f\u00fcr Herbert immer so wichtig war:<\/p>\n\n\n\n<p>Seine Familie, seine Arbeit, seine Tiere und seine Musik!<\/p>\n\n\n\n<p>Durch das Ableben unseres Kameraden Herbert verlieren wir ein langj\u00e4hriges Mitglied unserer Feuerwehr. Wir danken dir f\u00fcr deine T\u00e4tigkeiten rund um das Feuerwehrwesen.<\/p>\n\n\n\n<p>Deine Hilfsbereitschaft, Kameradschaft, Fr\u00f6hlichkeit und deine Musik werden uns immer in Erinnerung bleiben!<\/p>\n\n\n\n<p>Die feierliche Verabschiedung findet am Samstag, den 18. November 2017 um 14:00 Uhr in Messern statt.<\/p>\n\n\n\n<figure class=\"wp-block-gallery columns-2 is-cropped\"><ul class=\"blocks-gallery-grid\"><li class=\"blocks-gallery-item\"><figure><a href=\"https:\/\/www.messern.at\/feuerwehr\/wp-content\/uploads\/2021\/11\/DSCN0717-scaled.jpg\"><img loading=\"lazy\" width=\"1024\" height=\"768\" src=\"https:\/\/www.messern.at\/feuerwehr\/wp-content\/uploads\/2021\/11\/DSCN0717-1024x768.jpg\" alt=\"\" data-id=\"561\" data-full-url=\"https:\/\/www.messern.at\/feuerwehr\/wp-content\/uploads\/2021\/11\/DSCN0717-scaled.jpg\" data-link=\"https:\/\/www.messern.at\/feuerwehr\/?attachment_id=561\" class=\"wp-image-561\" srcset=\"https:\/\/www.messern.at\/feuerwehr\/wp-content\/uploads\/2021\/11\/DSCN0717-1024x768.jpg 1024w, https:\/\/www.messern.at\/feuerwehr\/wp-content\/uploads\/2021\/11\/DSCN0717-300x225.jpg 300w, https:\/\/www.messern.at\/feuerwehr\/wp-content\/uploads\/2021\/11\/DSCN0717-768x576.jpg 768w, https:\/\/www.messern.at\/feuerwehr\/wp-content\/uploads\/2021\/11\/DSCN0717-1536x1152.jpg 1536w, https:\/\/www.messern.at\/feuerwehr\/wp-content\/uploads\/2021\/11\/DSCN0717-2048x1536.jpg 2048w\" sizes=\"(max-width: 1024px) 100vw, 1024px\" \/><\/a><\/figure><\/li><li class=\"blocks-gallery-item\"><figure><a href=\"https:\/\/www.messern.at\/feuerwehr\/wp-content\/uploads\/2021\/11\/Weinberger-Herbert1-scaled.jpg\"><img loading=\"lazy\" width=\"1024\" height=\"768\" src=\"https:\/\/www.messern.at\/feuerwehr\/wp-content\/uploads\/2021\/11\/Weinberger-Herbert1-1024x768.jpg\" alt=\"\" data-id=\"562\" data-full-url=\"https:\/\/www.messern.at\/feuerwehr\/wp-content\/uploads\/2021\/11\/Weinberger-Herbert1-scaled.jpg\" data-link=\"https:\/\/www.messern.at\/feuerwehr\/?attachment_id=562\" class=\"wp-image-562\" srcset=\"https:\/\/www.messern.at\/feuerwehr\/wp-content\/uploads\/2021\/11\/Weinberger-Herbert1-1024x768.jpg 1024w, https:\/\/www.messern.at\/feuerwehr\/wp-content\/uploads\/2021\/11\/Weinberger-Herbert1-300x225.jpg 300w, https:\/\/www.messern.at\/feuerwehr\/wp-content\/uploads\/2021\/11\/Weinberger-Herbert1-768x576.jpg 768w, https:\/\/www.messern.at\/feuerwehr\/wp-content\/uploads\/2021\/11\/Weinberger-Herbert1-1536x1152.jpg 1536w, https:\/\/www.messern.at\/feuerwehr\/wp-content\/uploads\/2021\/11\/Weinberger-Herbert1-2048x1536.jpg 2048w\" sizes=\"(max-width: 1024px) 100vw, 1024px\" \/><\/a><\/figure><\/li><\/ul><\/figure>\n","protected":false},"excerpt":{"rendered":"<p>Mit gro\u00dfer Trauer erreichte uns die Nachricht vom Ableben unseres Kameraden Herbert Weinberger (26. August 1943 \u2013 7. November 2017). Herbert Weinberger trat am 6. J\u00e4nner 1967 der Freiwilligen Feuerwehr Messern bei und war somit \u00fcber ein halbes Jahrhundert Mitglied unserer Wehr! Wie in einem Bericht auf der Homepage informiert, \u00fcbergaben unser Kommandant Klaus Ringl [&hellip;]<\/p>\n","protected":false},"author":8,"featured_media":563,"comment_status":"closed","ping_status":"closed","sticky":false,"template":"","format":"standard","meta":[],"categories":[10],"tags":[],"acf":[],"_links":{"self":[{"href":"https:\/\/www.messern.at\/feuerwehr\/wp-json\/wp\/v2\/posts\/560"}],"collection":[{"href":"https:\/\/www.messern.at\/feuerwehr\/wp-json\/wp\/v2\/posts"}],"about":[{"href":"https:\/\/www.messern.at\/feuerwehr\/wp-json\/wp\/v2\/types\/post"}],"author":[{"embeddable":true,"href":"https:\/\/www.messern.at\/feuerwehr\/wp-json\/wp\/v2\/users\/8"}],"replies":[{"embeddable":true,"href":"https:\/\/www.messern.at\/feuerwehr\/wp-json\/wp\/v2\/comments?post=560"}],"version-history":[{"count":1,"href":"https:\/\/www.messern.at\/feuerwehr\/wp-json\/wp\/v2\/posts\/560\/revisions"}],"predecessor-version":[{"id":564,"href":"https:\/\/www.messern.at\/feuerwehr\/wp-json\/wp\/v2\/posts\/560\/revisions\/564"}],"wp:featuredmedia":[{"embeddable":true,"href":"https:\/\/www.messern.at\/feuerwehr\/wp-json\/wp\/v2\/media\/563"}],"wp:attachment":[{"href":"https:\/\/www.messern.at\/feuerwehr\/wp-json\/wp\/v2\/media?parent=560"}],"wp:term":[{"taxonomy":"category","embeddable":true,"href":"https:\/\/www.messern.at\/feuerwehr\/wp-json\/wp\/v2\/categories?post=560"},{"taxonomy":"post_tag","embeddable":true,"href":"https:\/\/www.messern.at\/feuerwehr\/wp-json\/wp\/v2\/tags?post=560"}],"curies":[{"name":"wp","href":"https:\/\/api.w.org\/{rel}","templated":true}]}}