{"id":557,"date":"2017-03-19T18:59:00","date_gmt":"2017-03-19T17:59:00","guid":{"rendered":"https:\/\/www.messern.at\/feuerwehr\/?p=557"},"modified":"2021-11-04T13:59:29","modified_gmt":"2021-11-04T12:59:29","slug":"patrick-lausch-ist-neues-feuerwehrmitglied","status":"publish","type":"post","link":"https:\/\/www.messern.at\/feuerwehr\/allgemein\/patrick-lausch-ist-neues-feuerwehrmitglied\/","title":{"rendered":"Patrick Lausch ist neues Feuerwehrmitglied"},"content":{"rendered":"\n<p>Es freut uns dar\u00fcber berichten zu k\u00f6nnen, dass wir seit wenigen Tagen ein neues Feuerwehrmitglied in unseren Reihen begr\u00fc\u00dfen d\u00fcrfen: Patrick Lausch &#8211; \u00e4ltester Sohn unseres Verwalters J\u00fcrgen Lausch \u2013 wurde am 17. J\u00e4nner 2002 geboren, besucht derzeit die Handelsakademie in Horn und wird in Zukunft unser Feuerwehrteam unterst\u00fctzen. Patrick ist unser j\u00fcngster Feuerwehrkamerad und ist durch seinen Opa Erwin somit in 3. Generation der Familie Lausch Mitglied unserer Feuerwehr. Herzlich willkommen und wir freuen uns auf eine erfolgreiche Zeit bei der Feuerwehr Messern!<\/p>\n\n\n\n<p><\/p>\n","protected":false},"excerpt":{"rendered":"<p>Es freut uns dar\u00fcber berichten zu k\u00f6nnen, dass wir seit wenigen Tagen ein neues Feuerwehrmitglied in unseren Reihen begr\u00fc\u00dfen d\u00fcrfen: Patrick Lausch &#8211; \u00e4ltester Sohn unseres Verwalters J\u00fcrgen Lausch \u2013 wurde am 17. J\u00e4nner 2002 geboren, besucht derzeit die Handelsakademie in Horn und wird in Zukunft unser Feuerwehrteam unterst\u00fctzen. Patrick ist unser j\u00fcngster Feuerwehrkamerad und [&hellip;]<\/p>\n","protected":false},"author":8,"featured_media":558,"comment_status":"closed","ping_status":"closed","sticky":false,"template":"","format":"standard","meta":[],"categories":[10],"tags":[],"acf":[],"_links":{"self":[{"href":"https:\/\/www.messern.at\/feuerwehr\/wp-json\/wp\/v2\/posts\/557"}],"collection":[{"href":"https:\/\/www.messern.at\/feuerwehr\/wp-json\/wp\/v2\/posts"}],"about":[{"href":"https:\/\/www.messern.at\/feuerwehr\/wp-json\/wp\/v2\/types\/post"}],"author":[{"embeddable":true,"href":"https:\/\/www.messern.at\/feuerwehr\/wp-json\/wp\/v2\/users\/8"}],"replies":[{"embeddable":true,"href":"https:\/\/www.messern.at\/feuerwehr\/wp-json\/wp\/v2\/comments?post=557"}],"version-history":[{"count":1,"href":"https:\/\/www.messern.at\/feuerwehr\/wp-json\/wp\/v2\/posts\/557\/revisions"}],"predecessor-version":[{"id":559,"href":"https:\/\/www.messern.at\/feuerwehr\/wp-json\/wp\/v2\/posts\/557\/revisions\/559"}],"wp:featuredmedia":[{"embeddable":true,"href":"https:\/\/www.messern.at\/feuerwehr\/wp-json\/wp\/v2\/media\/558"}],"wp:attachment":[{"href":"https:\/\/www.messern.at\/feuerwehr\/wp-json\/wp\/v2\/media?parent=557"}],"wp:term":[{"taxonomy":"category","embeddable":true,"href":"https:\/\/www.messern.at\/feuerwehr\/wp-json\/wp\/v2\/categories?post=557"},{"taxonomy":"post_tag","embeddable":true,"href":"https:\/\/www.messern.at\/feuerwehr\/wp-json\/wp\/v2\/tags?post=557"}],"curies":[{"name":"wp","href":"https:\/\/api.w.org\/{rel}","templated":true}]}}