{"id":551,"date":"2017-03-07T20:56:00","date_gmt":"2017-03-07T19:56:00","guid":{"rendered":"https:\/\/www.messern.at\/feuerwehr\/?p=551"},"modified":"2021-11-04T13:56:41","modified_gmt":"2021-11-04T12:56:41","slug":"winterschulung-2017","status":"publish","type":"post","link":"https:\/\/www.messern.at\/feuerwehr\/allgemein\/winterschulung-2017\/","title":{"rendered":"Winterschulung 2017"},"content":{"rendered":"\n<p>Am 7. M\u00e4rz 2017 fand die diesj\u00e4hrige Winterschulung aller unserer Feuerwehren der Gemeinde in der Galerie des Mehrzwecksaals in Irnfritz statt.<\/p>\n\n\n\n<p>Themen waren vor allem die neue Untersuchung von Atemschutzger\u00e4tetr\u00e4gern bei uns in Nieder\u00f6sterreich. Seit heuer wurden die Vorschriften f\u00fcr die sogenannte \u201eTauglichkeitsuntersuchung\u201c v\u00f6llig neu geregelt. Ein j\u00e4hrlicher Leistungstest in den Feuerwehren und eine periodische Vorsorgeuntersuchung bilden die Grundlage dieser Untersuchung. Das sich daraus ergebende Mehr an Zeitaufwand begr\u00fcndet sich durch die umfangreichere Untersuchung \u2013die Gesundheit jedes Feuerwehrmitglied und nat\u00fcrlich auch die Tauglichkeit jedes Atemschutzger\u00e4tetr\u00e4gers muss im Vordergrund stehen. Der erste Leistungstest dieser Art in der Feuerwehr Messern wird am Ostermontag, 17. April beim Feuerwehrhaus durchgef\u00fchrt.<\/p>\n\n\n\n<p>Ein weiterer Schwerpunkt der Schulung war die F\u00fchrung von Pr\u00fcfkarteibl\u00e4ttern aller sicherheitsrelevanten Feuerwehrger\u00e4te. Im Ernstfall m\u00fcssen diese ja ohne Probleme zum Einsatz kommen und bei m\u00f6glichen Unf\u00e4llen werden diese Unterlagen als Grundlage f\u00fcr weitere Untersuchungen herangezogen. Daher sind eine sorgf\u00e4ltige Untersuchung solcher Ger\u00e4tschaften (Atemschutzger\u00e4te, Leitern, Ketten, Seilen, usw) sowie die Dokumentation der Begutachtung besonders wichtig.<\/p>\n\n\n\n<p>Wir danken dem Vortragenden und Abschnittskommandanten Klaus Ringl f\u00fcr den interessanten Vortrag!<\/p>\n\n\n\n<figure class=\"wp-block-gallery columns-2 is-cropped\"><ul class=\"blocks-gallery-grid\"><li class=\"blocks-gallery-item\"><figure><a href=\"https:\/\/www.messern.at\/feuerwehr\/wp-content\/uploads\/2021\/11\/DSCN0237-scaled.jpg\"><img loading=\"lazy\" width=\"1024\" height=\"768\" src=\"https:\/\/www.messern.at\/feuerwehr\/wp-content\/uploads\/2021\/11\/DSCN0237-1024x768.jpg\" alt=\"\" data-id=\"552\" data-full-url=\"https:\/\/www.messern.at\/feuerwehr\/wp-content\/uploads\/2021\/11\/DSCN0237-scaled.jpg\" data-link=\"https:\/\/www.messern.at\/feuerwehr\/?attachment_id=552\" class=\"wp-image-552\" srcset=\"https:\/\/www.messern.at\/feuerwehr\/wp-content\/uploads\/2021\/11\/DSCN0237-1024x768.jpg 1024w, https:\/\/www.messern.at\/feuerwehr\/wp-content\/uploads\/2021\/11\/DSCN0237-300x225.jpg 300w, https:\/\/www.messern.at\/feuerwehr\/wp-content\/uploads\/2021\/11\/DSCN0237-768x576.jpg 768w, https:\/\/www.messern.at\/feuerwehr\/wp-content\/uploads\/2021\/11\/DSCN0237-1536x1152.jpg 1536w, https:\/\/www.messern.at\/feuerwehr\/wp-content\/uploads\/2021\/11\/DSCN0237-2048x1536.jpg 2048w\" sizes=\"(max-width: 1024px) 100vw, 1024px\" \/><\/a><\/figure><\/li><li class=\"blocks-gallery-item\"><figure><a href=\"https:\/\/www.messern.at\/feuerwehr\/wp-content\/uploads\/2021\/11\/Winterschulung_07-03-2017-scaled.jpg\"><img loading=\"lazy\" width=\"1024\" height=\"768\" src=\"https:\/\/www.messern.at\/feuerwehr\/wp-content\/uploads\/2021\/11\/Winterschulung_07-03-2017-1024x768.jpg\" alt=\"\" data-id=\"553\" data-full-url=\"https:\/\/www.messern.at\/feuerwehr\/wp-content\/uploads\/2021\/11\/Winterschulung_07-03-2017-scaled.jpg\" data-link=\"https:\/\/www.messern.at\/feuerwehr\/?attachment_id=553\" class=\"wp-image-553\" srcset=\"https:\/\/www.messern.at\/feuerwehr\/wp-content\/uploads\/2021\/11\/Winterschulung_07-03-2017-1024x768.jpg 1024w, https:\/\/www.messern.at\/feuerwehr\/wp-content\/uploads\/2021\/11\/Winterschulung_07-03-2017-300x225.jpg 300w, https:\/\/www.messern.at\/feuerwehr\/wp-content\/uploads\/2021\/11\/Winterschulung_07-03-2017-768x576.jpg 768w, https:\/\/www.messern.at\/feuerwehr\/wp-content\/uploads\/2021\/11\/Winterschulung_07-03-2017-1536x1152.jpg 1536w, https:\/\/www.messern.at\/feuerwehr\/wp-content\/uploads\/2021\/11\/Winterschulung_07-03-2017-2048x1536.jpg 2048w\" sizes=\"(max-width: 1024px) 100vw, 1024px\" \/><\/a><\/figure><\/li><\/ul><\/figure>\n","protected":false},"excerpt":{"rendered":"<p>Am 7. M\u00e4rz 2017 fand die diesj\u00e4hrige Winterschulung aller unserer Feuerwehren der Gemeinde in der Galerie des Mehrzwecksaals in Irnfritz statt. Themen waren vor allem die neue Untersuchung von Atemschutzger\u00e4tetr\u00e4gern bei uns in Nieder\u00f6sterreich. Seit heuer wurden die Vorschriften f\u00fcr die sogenannte \u201eTauglichkeitsuntersuchung\u201c v\u00f6llig neu geregelt. Ein j\u00e4hrlicher Leistungstest in den Feuerwehren und eine periodische [&hellip;]<\/p>\n","protected":false},"author":8,"featured_media":554,"comment_status":"closed","ping_status":"closed","sticky":false,"template":"","format":"standard","meta":[],"categories":[10],"tags":[],"acf":[],"_links":{"self":[{"href":"https:\/\/www.messern.at\/feuerwehr\/wp-json\/wp\/v2\/posts\/551"}],"collection":[{"href":"https:\/\/www.messern.at\/feuerwehr\/wp-json\/wp\/v2\/posts"}],"about":[{"href":"https:\/\/www.messern.at\/feuerwehr\/wp-json\/wp\/v2\/types\/post"}],"author":[{"embeddable":true,"href":"https:\/\/www.messern.at\/feuerwehr\/wp-json\/wp\/v2\/users\/8"}],"replies":[{"embeddable":true,"href":"https:\/\/www.messern.at\/feuerwehr\/wp-json\/wp\/v2\/comments?post=551"}],"version-history":[{"count":1,"href":"https:\/\/www.messern.at\/feuerwehr\/wp-json\/wp\/v2\/posts\/551\/revisions"}],"predecessor-version":[{"id":555,"href":"https:\/\/www.messern.at\/feuerwehr\/wp-json\/wp\/v2\/posts\/551\/revisions\/555"}],"wp:featuredmedia":[{"embeddable":true,"href":"https:\/\/www.messern.at\/feuerwehr\/wp-json\/wp\/v2\/media\/554"}],"wp:attachment":[{"href":"https:\/\/www.messern.at\/feuerwehr\/wp-json\/wp\/v2\/media?parent=551"}],"wp:term":[{"taxonomy":"category","embeddable":true,"href":"https:\/\/www.messern.at\/feuerwehr\/wp-json\/wp\/v2\/categories?post=551"},{"taxonomy":"post_tag","embeddable":true,"href":"https:\/\/www.messern.at\/feuerwehr\/wp-json\/wp\/v2\/tags?post=551"}],"curies":[{"name":"wp","href":"https:\/\/api.w.org\/{rel}","templated":true}]}}