{"id":340,"date":"2018-07-07T20:25:00","date_gmt":"2018-07-07T18:25:00","guid":{"rendered":"https:\/\/www.messern.at\/feuerwehr\/?p=340"},"modified":"2021-11-11T17:28:21","modified_gmt":"2021-11-11T16:28:21","slug":"ff-messern-besucht-partnerfeuerwehr-im-tschechischen-misov","status":"publish","type":"post","link":"https:\/\/www.messern.at\/feuerwehr\/allgemein\/ff-messern-besucht-partnerfeuerwehr-im-tschechischen-misov\/","title":{"rendered":"FF Messern besucht Partnerfeuerwehr im tschechischen Misov"},"content":{"rendered":"\n<p>Seit einigen Jahren besteht die Freundschaft zwischen der Messerner Feuerwehr und der tschechischen Feuerwehr aus Misov. Das 110-j\u00e4hrige Gr\u00fcndungsjubil\u00e4um der FF Misov war Anlass f\u00fcr einen Besuch der tschechischen Partnerfeuerwehr.<br>Am Samstag, den 7. Juli 2018, fand das Fest statt und nach dem Festakt gab es kurze Schau\u00fcbungen, die M\u00f6glichkeit ausgestellte neue und alte Feuerwehrfahrzeuge zu besichtigen oder ganz einfach nur das Fest unserer tschechischen Freunde zu genie\u00dfen und mitzufeiern. Die tschechische Gastfreundschaft und die bekanntlich ausgezeichnete K\u00fcche lie\u00dfen den Tag wie im Flug vergehen.<br>Am Sonntag ging es dann in die malerische Stadt Krumau, die auch auf der Liste der UNESCO als Weltkulturerbe zu finden ist. Die Stadt an der Moldau wurde zu Fu\u00df besichtigt und nach einer St\u00e4rkung in der Eggenberger Brauerei wurde wieder die Heimreise angetreten.<\/p>\n\n\n\n<div class=\"wp-container-1 wp-block-group\"><div class=\"wp-block-group__inner-container\">\n<figure class=\"wp-block-image size-full is-resized\"><a href=\"https:\/\/www.messern.at\/feuerwehr\/wp-content\/uploads\/2021\/10\/image027.jpg\"><img loading=\"lazy\" src=\"https:\/\/www.messern.at\/feuerwehr\/wp-content\/uploads\/2021\/10\/image027.jpg\" alt=\"\" class=\"wp-image-349\" width=\"256\" height=\"170\" srcset=\"https:\/\/www.messern.at\/feuerwehr\/wp-content\/uploads\/2021\/10\/image027.jpg 1024w, https:\/\/www.messern.at\/feuerwehr\/wp-content\/uploads\/2021\/10\/image027-300x199.jpg 300w, https:\/\/www.messern.at\/feuerwehr\/wp-content\/uploads\/2021\/10\/image027-768x510.jpg 768w\" sizes=\"(max-width: 256px) 100vw, 256px\" \/><\/a><\/figure>\n\n\n\n<figure class=\"wp-block-image size-large\"><img loading=\"lazy\" width=\"1024\" height=\"680\" src=\"https:\/\/www.messern.at\/feuerwehr\/wp-content\/uploads\/2021\/10\/image127.jpg\" alt=\"\" class=\"wp-image-343\" srcset=\"https:\/\/www.messern.at\/feuerwehr\/wp-content\/uploads\/2021\/10\/image127.jpg 1024w, https:\/\/www.messern.at\/feuerwehr\/wp-content\/uploads\/2021\/10\/image127-300x199.jpg 300w, https:\/\/www.messern.at\/feuerwehr\/wp-content\/uploads\/2021\/10\/image127-768x510.jpg 768w\" sizes=\"(max-width: 1024px) 100vw, 1024px\" \/><\/figure>\n\n\n\n<figure class=\"wp-block-image size-large\"><img loading=\"lazy\" width=\"1024\" height=\"680\" src=\"https:\/\/www.messern.at\/feuerwehr\/wp-content\/uploads\/2021\/10\/image112.jpg\" alt=\"\" class=\"wp-image-342\" srcset=\"https:\/\/www.messern.at\/feuerwehr\/wp-content\/uploads\/2021\/10\/image112.jpg 1024w, https:\/\/www.messern.at\/feuerwehr\/wp-content\/uploads\/2021\/10\/image112-300x199.jpg 300w, https:\/\/www.messern.at\/feuerwehr\/wp-content\/uploads\/2021\/10\/image112-768x510.jpg 768w\" sizes=\"(max-width: 1024px) 100vw, 1024px\" \/><\/figure>\n\n\n\n<figure class=\"wp-block-image size-large\"><a href=\"https:\/\/www.messern.at\/feuerwehr\/wp-content\/uploads\/2021\/10\/image160.jpg\"><img loading=\"lazy\" width=\"1024\" height=\"680\" src=\"https:\/\/www.messern.at\/feuerwehr\/wp-content\/uploads\/2021\/10\/image160.jpg\" alt=\"\" class=\"wp-image-344\" srcset=\"https:\/\/www.messern.at\/feuerwehr\/wp-content\/uploads\/2021\/10\/image160.jpg 1024w, https:\/\/www.messern.at\/feuerwehr\/wp-content\/uploads\/2021\/10\/image160-300x199.jpg 300w, https:\/\/www.messern.at\/feuerwehr\/wp-content\/uploads\/2021\/10\/image160-768x510.jpg 768w\" sizes=\"(max-width: 1024px) 100vw, 1024px\" \/><\/a><\/figure>\n\n\n\n<figure class=\"wp-block-image size-large\"><a href=\"https:\/\/www.messern.at\/feuerwehr\/uncategorized\/ff-messern-besucht-partnerfeuerwehr-im-tschechischen-misov\/attachment\/image186\/\"><img loading=\"lazy\" width=\"680\" height=\"1024\" src=\"https:\/\/www.messern.at\/feuerwehr\/wp-content\/uploads\/2021\/10\/image186-680x1024.jpg\" alt=\"\" class=\"wp-image-345\" srcset=\"https:\/\/www.messern.at\/feuerwehr\/wp-content\/uploads\/2021\/10\/image186-680x1024.jpg 680w, https:\/\/www.messern.at\/feuerwehr\/wp-content\/uploads\/2021\/10\/image186-199x300.jpg 199w, https:\/\/www.messern.at\/feuerwehr\/wp-content\/uploads\/2021\/10\/image186-768x1157.jpg 768w, https:\/\/www.messern.at\/feuerwehr\/wp-content\/uploads\/2021\/10\/image186-1020x1536.jpg 1020w, https:\/\/www.messern.at\/feuerwehr\/wp-content\/uploads\/2021\/10\/image186.jpg 1024w\" sizes=\"(max-width: 680px) 100vw, 680px\" \/><\/a><\/figure>\n\n\n\n<figure class=\"wp-block-image size-large\"><img loading=\"lazy\" width=\"1024\" height=\"680\" src=\"https:\/\/www.messern.at\/feuerwehr\/wp-content\/uploads\/2021\/10\/image189.jpg\" alt=\"\" class=\"wp-image-346\" srcset=\"https:\/\/www.messern.at\/feuerwehr\/wp-content\/uploads\/2021\/10\/image189.jpg 1024w, https:\/\/www.messern.at\/feuerwehr\/wp-content\/uploads\/2021\/10\/image189-300x199.jpg 300w, https:\/\/www.messern.at\/feuerwehr\/wp-content\/uploads\/2021\/10\/image189-768x510.jpg 768w\" sizes=\"(max-width: 1024px) 100vw, 1024px\" \/><\/figure>\n\n\n\n<figure class=\"wp-block-image size-large\"><img loading=\"lazy\" width=\"1024\" height=\"511\" src=\"https:\/\/www.messern.at\/feuerwehr\/wp-content\/uploads\/2021\/10\/Ausflug-Misov_07-07-2018-1024x511.jpg\" alt=\"\" class=\"wp-image-347\" srcset=\"https:\/\/www.messern.at\/feuerwehr\/wp-content\/uploads\/2021\/10\/Ausflug-Misov_07-07-2018-1024x511.jpg 1024w, https:\/\/www.messern.at\/feuerwehr\/wp-content\/uploads\/2021\/10\/Ausflug-Misov_07-07-2018-300x150.jpg 300w, https:\/\/www.messern.at\/feuerwehr\/wp-content\/uploads\/2021\/10\/Ausflug-Misov_07-07-2018-768x383.jpg 768w, https:\/\/www.messern.at\/feuerwehr\/wp-content\/uploads\/2021\/10\/Ausflug-Misov_07-07-2018-1536x767.jpg 1536w, https:\/\/www.messern.at\/feuerwehr\/wp-content\/uploads\/2021\/10\/Ausflug-Misov_07-07-2018-2048x1022.jpg 2048w\" sizes=\"(max-width: 1024px) 100vw, 1024px\" \/><\/figure>\n\n\n\n<figure class=\"wp-block-image size-large\"><img loading=\"lazy\" width=\"1024\" height=\"680\" src=\"https:\/\/www.messern.at\/feuerwehr\/wp-content\/uploads\/2021\/10\/image010.jpg\" alt=\"\" class=\"wp-image-348\" srcset=\"https:\/\/www.messern.at\/feuerwehr\/wp-content\/uploads\/2021\/10\/image010.jpg 1024w, https:\/\/www.messern.at\/feuerwehr\/wp-content\/uploads\/2021\/10\/image010-300x199.jpg 300w, https:\/\/www.messern.at\/feuerwehr\/wp-content\/uploads\/2021\/10\/image010-768x510.jpg 768w\" sizes=\"(max-width: 1024px) 100vw, 1024px\" \/><\/figure>\n\n\n\n<figure class=\"wp-block-image size-large\"><img loading=\"lazy\" width=\"1024\" height=\"680\" src=\"https:\/\/www.messern.at\/feuerwehr\/wp-content\/uploads\/2021\/10\/image027.jpg\" alt=\"\" class=\"wp-image-349\" srcset=\"https:\/\/www.messern.at\/feuerwehr\/wp-content\/uploads\/2021\/10\/image027.jpg 1024w, https:\/\/www.messern.at\/feuerwehr\/wp-content\/uploads\/2021\/10\/image027-300x199.jpg 300w, https:\/\/www.messern.at\/feuerwehr\/wp-content\/uploads\/2021\/10\/image027-768x510.jpg 768w\" sizes=\"(max-width: 1024px) 100vw, 1024px\" \/><\/figure>\n\n\n\n<figure class=\"wp-block-image size-large\"><img loading=\"lazy\" width=\"1024\" height=\"680\" src=\"https:\/\/www.messern.at\/feuerwehr\/wp-content\/uploads\/2021\/10\/image091.jpg\" alt=\"\" class=\"wp-image-351\" srcset=\"https:\/\/www.messern.at\/feuerwehr\/wp-content\/uploads\/2021\/10\/image091.jpg 1024w, https:\/\/www.messern.at\/feuerwehr\/wp-content\/uploads\/2021\/10\/image091-300x199.jpg 300w, https:\/\/www.messern.at\/feuerwehr\/wp-content\/uploads\/2021\/10\/image091-768x510.jpg 768w\" sizes=\"(max-width: 1024px) 100vw, 1024px\" \/><\/figure>\n\n\n\n<figure class=\"wp-block-image size-large\"><img loading=\"lazy\" width=\"1024\" height=\"680\" src=\"https:\/\/www.messern.at\/feuerwehr\/wp-content\/uploads\/2021\/10\/image041.jpg\" alt=\"\" class=\"wp-image-350\" srcset=\"https:\/\/www.messern.at\/feuerwehr\/wp-content\/uploads\/2021\/10\/image041.jpg 1024w, https:\/\/www.messern.at\/feuerwehr\/wp-content\/uploads\/2021\/10\/image041-300x199.jpg 300w, https:\/\/www.messern.at\/feuerwehr\/wp-content\/uploads\/2021\/10\/image041-768x510.jpg 768w\" sizes=\"(max-width: 1024px) 100vw, 1024px\" \/><\/figure>\n<\/div><\/div>\n\n\n\n<p><\/p>\n","protected":false},"excerpt":{"rendered":"<p>Seit einigen Jahren besteht die Freundschaft zwischen der Messerner Feuerwehr und der tschechischen Feuerwehr aus Misov. Das 110-j\u00e4hrige Gr\u00fcndungsjubil\u00e4um der FF Misov war Anlass f\u00fcr einen Besuch der tschechischen Partnerfeuerwehr.Am Samstag, den 7. Juli 2018, fand das Fest statt und nach dem Festakt gab es kurze Schau\u00fcbungen, die M\u00f6glichkeit ausgestellte neue und alte Feuerwehrfahrzeuge zu [&hellip;]<\/p>\n","protected":false},"author":7,"featured_media":350,"comment_status":"open","ping_status":"closed","sticky":false,"template":"","format":"standard","meta":[],"categories":[10],"tags":[],"acf":[],"_links":{"self":[{"href":"https:\/\/www.messern.at\/feuerwehr\/wp-json\/wp\/v2\/posts\/340"}],"collection":[{"href":"https:\/\/www.messern.at\/feuerwehr\/wp-json\/wp\/v2\/posts"}],"about":[{"href":"https:\/\/www.messern.at\/feuerwehr\/wp-json\/wp\/v2\/types\/post"}],"author":[{"embeddable":true,"href":"https:\/\/www.messern.at\/feuerwehr\/wp-json\/wp\/v2\/users\/7"}],"replies":[{"embeddable":true,"href":"https:\/\/www.messern.at\/feuerwehr\/wp-json\/wp\/v2\/comments?post=340"}],"version-history":[{"count":7,"href":"https:\/\/www.messern.at\/feuerwehr\/wp-json\/wp\/v2\/posts\/340\/revisions"}],"predecessor-version":[{"id":364,"href":"https:\/\/www.messern.at\/feuerwehr\/wp-json\/wp\/v2\/posts\/340\/revisions\/364"}],"wp:featuredmedia":[{"embeddable":true,"href":"https:\/\/www.messern.at\/feuerwehr\/wp-json\/wp\/v2\/media\/350"}],"wp:attachment":[{"href":"https:\/\/www.messern.at\/feuerwehr\/wp-json\/wp\/v2\/media?parent=340"}],"wp:term":[{"taxonomy":"category","embeddable":true,"href":"https:\/\/www.messern.at\/feuerwehr\/wp-json\/wp\/v2\/categories?post=340"},{"taxonomy":"post_tag","embeddable":true,"href":"https:\/\/www.messern.at\/feuerwehr\/wp-json\/wp\/v2\/tags?post=340"}],"curies":[{"name":"wp","href":"https:\/\/api.w.org\/{rel}","templated":true}]}}