{"id":269,"date":"2017-02-28T19:48:00","date_gmt":"2017-02-28T18:48:00","guid":{"rendered":"https:\/\/www.messern.at\/feuerwehr\/?p=269"},"modified":"2021-11-04T14:44:37","modified_gmt":"2021-11-04T13:44:37","slug":"fasching-2017","status":"publish","type":"post","link":"https:\/\/www.messern.at\/feuerwehr\/allgemein\/fasching-2017\/","title":{"rendered":"Fasching 2017"},"content":{"rendered":"\t\t<div data-elementor-type=\"wp-post\" data-elementor-id=\"269\" class=\"elementor elementor-269\" data-elementor-settings=\"[]\">\n\t\t\t\t\t\t\t<div class=\"elementor-section-wrap\">\n\t\t\t\t\t\t\t<section class=\"elementor-section elementor-top-section elementor-element elementor-element-1fb3c08e elementor-section-boxed elementor-section-height-default elementor-section-height-default\" data-id=\"1fb3c08e\" data-element_type=\"section\">\n\t\t\t\t\t\t<div class=\"elementor-container elementor-column-gap-default\">\n\t\t\t\t\t<div class=\"elementor-column elementor-col-100 elementor-top-column elementor-element elementor-element-5271a441\" data-id=\"5271a441\" data-element_type=\"column\">\n\t\t\t<div class=\"elementor-widget-wrap elementor-element-populated\">\n\t\t\t\t\t\t\t\t<div class=\"elementor-element elementor-element-40206dcf elementor-widget elementor-widget-text-editor\" data-id=\"40206dcf\" data-element_type=\"widget\" data-widget_type=\"text-editor.default\">\n\t\t\t\t<div class=\"elementor-widget-container\">\n\t\t\t<style>\/*! elementor - v3.5.4 - 23-01-2022 *\/\n.elementor-widget-text-editor.elementor-drop-cap-view-stacked .elementor-drop-cap{background-color:#818a91;color:#fff}.elementor-widget-text-editor.elementor-drop-cap-view-framed .elementor-drop-cap{color:#818a91;border:3px solid;background-color:transparent}.elementor-widget-text-editor:not(.elementor-drop-cap-view-default) .elementor-drop-cap{margin-top:8px}.elementor-widget-text-editor:not(.elementor-drop-cap-view-default) .elementor-drop-cap-letter{width:1em;height:1em}.elementor-widget-text-editor .elementor-drop-cap{float:left;text-align:center;line-height:1;font-size:50px}.elementor-widget-text-editor .elementor-drop-cap-letter{display:inline-block}<\/style>\t\t\t\t<p><!-- wp:paragraph --><\/p>\n<p>Dieses Jahr wurde der Fasching in Messern ganz besonders gefeiert. Am Faschingssamstag gab es ein \u201eGschnas\u201c im Feuerwehrhaus, bei dem mit Spielen \u2013 angelehnt an das sogenannte \u201eDschungel-Camp\u201c im Fernsehen \u2013 die Besucher ihren Spa\u00df hatten.<br>Am Sonntag gab es wie auch schon in den letzten Jahren einen Kindermaskenball, bei dem wieder knapp 40 Kinder ihren Spa\u00df hatten und einen gem\u00fctlichen Nachmittag verbrachten. Die vielen lustigen Spiele und die allj\u00e4hrliche Tombola, bei der wieder viele sch\u00f6ne Preise verlost wurden, kamen besonders gut an.<br>Am Faschingsdienstag fuhren ein Wagen der \u201eMesserner Rocker der 80er\u201c und ein Wagen der \u201eGrubianer\u201c mit beim Faschingsumzug in Irnfritz. Besonders das Jacuzzi unserer Gruber fand besonderen Anklang und war mit Sicherheit das beliebteste Fotomotiv des Tages.<br>Am Abend wurde dann in Messern auf der Wiese beim Feuerwehrhaus der alte Brauch des \u201eFaschingsverbrennen\u201c wieder ins Leben gerufen und der Fasching 2017 somit als \u201eoffiziell beendet\u201c erkl\u00e4rt.<br>Wir danken allen Helfern, die zum Gelingen dieser Veranstaltungen beigetragen haben. Aber neben der Arbeit und den Vorbereitungen stand bei allen Beteiligten und G\u00e4sten nat\u00fcrlich der Spa\u00df im Vordergrund.<\/p>\n<p><!-- \/wp:paragraph --><\/p>\n<p><!-- wp:paragraph --><\/p>\n<p><!-- \/wp:paragraph --><\/p>\n<p><!-- wp:image {\"id\":286,\"sizeSlug\":\"large\",\"linkDestination\":\"media\"} --><\/p>\n<figure class=\"wp-block-image size-large\"><a href=\"https:\/\/www.messern.at\/feuerwehr\/wp-content\/uploads\/2021\/10\/DSC_6034-scaled.jpg\"><img loading=\"lazy\" width=\"1024\" height=\"681\" src=\"https:\/\/www.messern.at\/feuerwehr\/wp-content\/uploads\/2021\/10\/DSC_6034-1024x681.jpg\" alt=\"\" class=\"wp-image-286\" srcset=\"https:\/\/www.messern.at\/feuerwehr\/wp-content\/uploads\/2021\/10\/DSC_6034-1024x681.jpg 1024w, https:\/\/www.messern.at\/feuerwehr\/wp-content\/uploads\/2021\/10\/DSC_6034-300x199.jpg 300w, https:\/\/www.messern.at\/feuerwehr\/wp-content\/uploads\/2021\/10\/DSC_6034-768x511.jpg 768w, https:\/\/www.messern.at\/feuerwehr\/wp-content\/uploads\/2021\/10\/DSC_6034-1536x1021.jpg 1536w, https:\/\/www.messern.at\/feuerwehr\/wp-content\/uploads\/2021\/10\/DSC_6034-2048x1362.jpg 2048w\" sizes=\"(max-width: 1024px) 100vw, 1024px\" \/><\/a><\/figure>\n<p><!-- \/wp:image --><\/p>\n<p><!-- wp:image {\"id\":287,\"sizeSlug\":\"large\",\"linkDestination\":\"media\"} --><\/p>\n<figure class=\"wp-block-image size-large\"><a href=\"https:\/\/www.messern.at\/feuerwehr\/wp-content\/uploads\/2021\/10\/DSC_6035-1024x681.jpg\"><img loading=\"lazy\" width=\"1024\" height=\"681\" src=\"https:\/\/www.messern.at\/feuerwehr\/wp-content\/uploads\/2021\/10\/DSC_6035-1024x681.jpg\" alt=\"\" class=\"wp-image-287\" srcset=\"https:\/\/www.messern.at\/feuerwehr\/wp-content\/uploads\/2021\/10\/DSC_6035-1024x681.jpg 1024w, https:\/\/www.messern.at\/feuerwehr\/wp-content\/uploads\/2021\/10\/DSC_6035-300x199.jpg 300w, https:\/\/www.messern.at\/feuerwehr\/wp-content\/uploads\/2021\/10\/DSC_6035-768x511.jpg 768w, https:\/\/www.messern.at\/feuerwehr\/wp-content\/uploads\/2021\/10\/DSC_6035-1536x1021.jpg 1536w, https:\/\/www.messern.at\/feuerwehr\/wp-content\/uploads\/2021\/10\/DSC_6035-2048x1362.jpg 2048w\" sizes=\"(max-width: 1024px) 100vw, 1024px\" \/><\/a><\/figure>\n<p><!-- \/wp:image --><\/p>\n<p><!-- wp:image {\"id\":288,\"sizeSlug\":\"large\",\"linkDestination\":\"media\"} --><\/p>\n<figure class=\"wp-block-image size-large\"><a href=\"https:\/\/www.messern.at\/feuerwehr\/wp-content\/uploads\/2021\/10\/DSC_6040-scaled.jpg\"><img loading=\"lazy\" width=\"1024\" height=\"681\" src=\"https:\/\/www.messern.at\/feuerwehr\/wp-content\/uploads\/2021\/10\/DSC_6040-1024x681.jpg\" alt=\"\" class=\"wp-image-288\" srcset=\"https:\/\/www.messern.at\/feuerwehr\/wp-content\/uploads\/2021\/10\/DSC_6040-1024x681.jpg 1024w, https:\/\/www.messern.at\/feuerwehr\/wp-content\/uploads\/2021\/10\/DSC_6040-300x199.jpg 300w, https:\/\/www.messern.at\/feuerwehr\/wp-content\/uploads\/2021\/10\/DSC_6040-768x511.jpg 768w, https:\/\/www.messern.at\/feuerwehr\/wp-content\/uploads\/2021\/10\/DSC_6040-1536x1021.jpg 1536w, https:\/\/www.messern.at\/feuerwehr\/wp-content\/uploads\/2021\/10\/DSC_6040-2048x1362.jpg 2048w\" sizes=\"(max-width: 1024px) 100vw, 1024px\" \/><\/a><\/figure>\n<p><!-- \/wp:image --><\/p>\n<p><!-- wp:image {\"id\":289,\"sizeSlug\":\"large\",\"linkDestination\":\"media\"} --><\/p>\n<figure class=\"wp-block-image size-large\"><a href=\"https:\/\/www.messern.at\/feuerwehr\/wp-content\/uploads\/2021\/10\/DSC_6045-1-1024x681.jpg\"><img loading=\"lazy\" width=\"1024\" height=\"681\" src=\"https:\/\/www.messern.at\/feuerwehr\/wp-content\/uploads\/2021\/10\/DSC_6045-1-1024x681.jpg\" alt=\"\" class=\"wp-image-289\" srcset=\"https:\/\/www.messern.at\/feuerwehr\/wp-content\/uploads\/2021\/10\/DSC_6045-1-1024x681.jpg 1024w, https:\/\/www.messern.at\/feuerwehr\/wp-content\/uploads\/2021\/10\/DSC_6045-1-300x199.jpg 300w, https:\/\/www.messern.at\/feuerwehr\/wp-content\/uploads\/2021\/10\/DSC_6045-1-768x511.jpg 768w, https:\/\/www.messern.at\/feuerwehr\/wp-content\/uploads\/2021\/10\/DSC_6045-1-1536x1021.jpg 1536w, https:\/\/www.messern.at\/feuerwehr\/wp-content\/uploads\/2021\/10\/DSC_6045-1-2048x1362.jpg 2048w\" sizes=\"(max-width: 1024px) 100vw, 1024px\" \/><\/a><\/figure>\n<p><!-- \/wp:image --><\/p>\n<p><!-- wp:image {\"id\":290,\"sizeSlug\":\"large\",\"linkDestination\":\"media\"} --><\/p>\n<figure class=\"wp-block-image size-large\"><a href=\"https:\/\/www.messern.at\/feuerwehr\/wp-content\/uploads\/2021\/10\/DSC_6046-1-1024x681.jpg\"><img loading=\"lazy\" width=\"1024\" height=\"681\" src=\"https:\/\/www.messern.at\/feuerwehr\/wp-content\/uploads\/2021\/10\/DSC_6046-1-1024x681.jpg\" alt=\"\" class=\"wp-image-290\" srcset=\"https:\/\/www.messern.at\/feuerwehr\/wp-content\/uploads\/2021\/10\/DSC_6046-1-1024x681.jpg 1024w, https:\/\/www.messern.at\/feuerwehr\/wp-content\/uploads\/2021\/10\/DSC_6046-1-300x199.jpg 300w, https:\/\/www.messern.at\/feuerwehr\/wp-content\/uploads\/2021\/10\/DSC_6046-1-768x511.jpg 768w, https:\/\/www.messern.at\/feuerwehr\/wp-content\/uploads\/2021\/10\/DSC_6046-1-1536x1021.jpg 1536w, https:\/\/www.messern.at\/feuerwehr\/wp-content\/uploads\/2021\/10\/DSC_6046-1-2048x1362.jpg 2048w\" sizes=\"(max-width: 1024px) 100vw, 1024px\" \/><\/a><\/figure>\n<p><!-- \/wp:image --><\/p>\n<p><!-- wp:image {\"id\":291,\"sizeSlug\":\"large\",\"linkDestination\":\"media\"} --><\/p>\n<figure class=\"wp-block-image size-large\"><a href=\"https:\/\/www.messern.at\/feuerwehr\/wp-content\/uploads\/2021\/10\/DSC_6050-1-1024x681.jpg\"><img loading=\"lazy\" width=\"1024\" height=\"681\" src=\"https:\/\/www.messern.at\/feuerwehr\/wp-content\/uploads\/2021\/10\/DSC_6050-1-1024x681.jpg\" alt=\"\" class=\"wp-image-291\" srcset=\"https:\/\/www.messern.at\/feuerwehr\/wp-content\/uploads\/2021\/10\/DSC_6050-1-1024x681.jpg 1024w, https:\/\/www.messern.at\/feuerwehr\/wp-content\/uploads\/2021\/10\/DSC_6050-1-300x199.jpg 300w, https:\/\/www.messern.at\/feuerwehr\/wp-content\/uploads\/2021\/10\/DSC_6050-1-768x511.jpg 768w, https:\/\/www.messern.at\/feuerwehr\/wp-content\/uploads\/2021\/10\/DSC_6050-1-1536x1021.jpg 1536w, https:\/\/www.messern.at\/feuerwehr\/wp-content\/uploads\/2021\/10\/DSC_6050-1-2048x1362.jpg 2048w\" sizes=\"(max-width: 1024px) 100vw, 1024px\" \/><\/a><\/figure>\n<p><!-- \/wp:image --><\/p>\n<p><!-- wp:image {\"id\":292,\"sizeSlug\":\"large\",\"linkDestination\":\"media\"} --><\/p>\n<figure class=\"wp-block-image size-large\"><a href=\"https:\/\/www.messern.at\/feuerwehr\/wp-content\/uploads\/2021\/10\/DSC_6053-1024x681.jpg\"><img loading=\"lazy\" width=\"1024\" height=\"681\" src=\"https:\/\/www.messern.at\/feuerwehr\/wp-content\/uploads\/2021\/10\/DSC_6053-1024x681.jpg\" alt=\"\" class=\"wp-image-292\" srcset=\"https:\/\/www.messern.at\/feuerwehr\/wp-content\/uploads\/2021\/10\/DSC_6053-1024x681.jpg 1024w, https:\/\/www.messern.at\/feuerwehr\/wp-content\/uploads\/2021\/10\/DSC_6053-300x199.jpg 300w, https:\/\/www.messern.at\/feuerwehr\/wp-content\/uploads\/2021\/10\/DSC_6053-768x511.jpg 768w, https:\/\/www.messern.at\/feuerwehr\/wp-content\/uploads\/2021\/10\/DSC_6053-1536x1021.jpg 1536w, https:\/\/www.messern.at\/feuerwehr\/wp-content\/uploads\/2021\/10\/DSC_6053-2048x1362.jpg 2048w\" sizes=\"(max-width: 1024px) 100vw, 1024px\" \/><\/a><\/figure>\n<p><!-- \/wp:image --><\/p>\n<p><!-- wp:image {\"id\":293,\"sizeSlug\":\"large\",\"linkDestination\":\"media\"} --><\/p>\n<figure class=\"wp-block-image size-large\"><a href=\"https:\/\/www.messern.at\/feuerwehr\/wp-content\/uploads\/2021\/10\/DSC_6065-1024x681.jpg\"><img loading=\"lazy\" width=\"1024\" height=\"681\" src=\"https:\/\/www.messern.at\/feuerwehr\/wp-content\/uploads\/2021\/10\/DSC_6065-1024x681.jpg\" alt=\"\" class=\"wp-image-293\" srcset=\"https:\/\/www.messern.at\/feuerwehr\/wp-content\/uploads\/2021\/10\/DSC_6065-1024x681.jpg 1024w, https:\/\/www.messern.at\/feuerwehr\/wp-content\/uploads\/2021\/10\/DSC_6065-300x199.jpg 300w, https:\/\/www.messern.at\/feuerwehr\/wp-content\/uploads\/2021\/10\/DSC_6065-768x511.jpg 768w, https:\/\/www.messern.at\/feuerwehr\/wp-content\/uploads\/2021\/10\/DSC_6065-1536x1021.jpg 1536w, https:\/\/www.messern.at\/feuerwehr\/wp-content\/uploads\/2021\/10\/DSC_6065-2048x1362.jpg 2048w\" sizes=\"(max-width: 1024px) 100vw, 1024px\" \/><\/a><\/figure>\n<p><!-- \/wp:image --><\/p>\n<p><!-- wp:image {\"id\":294,\"sizeSlug\":\"large\",\"linkDestination\":\"media\"} --><\/p>\n<figure class=\"wp-block-image size-large\"><a href=\"https:\/\/www.messern.at\/feuerwehr\/wp-content\/uploads\/2021\/10\/DSC_6066-1024x681.jpg\"><img loading=\"lazy\" width=\"1024\" height=\"681\" src=\"https:\/\/www.messern.at\/feuerwehr\/wp-content\/uploads\/2021\/10\/DSC_6066-1024x681.jpg\" alt=\"\" class=\"wp-image-294\" srcset=\"https:\/\/www.messern.at\/feuerwehr\/wp-content\/uploads\/2021\/10\/DSC_6066-1024x681.jpg 1024w, https:\/\/www.messern.at\/feuerwehr\/wp-content\/uploads\/2021\/10\/DSC_6066-300x199.jpg 300w, https:\/\/www.messern.at\/feuerwehr\/wp-content\/uploads\/2021\/10\/DSC_6066-768x511.jpg 768w, https:\/\/www.messern.at\/feuerwehr\/wp-content\/uploads\/2021\/10\/DSC_6066-1536x1021.jpg 1536w, https:\/\/www.messern.at\/feuerwehr\/wp-content\/uploads\/2021\/10\/DSC_6066-2048x1362.jpg 2048w\" sizes=\"(max-width: 1024px) 100vw, 1024px\" \/><\/a><\/figure>\n<p><!-- \/wp:image --><\/p>\n<p><!-- wp:image {\"id\":295,\"sizeSlug\":\"large\",\"linkDestination\":\"media\"} --><\/p>\n<figure class=\"wp-block-image size-large\"><a href=\"https:\/\/www.messern.at\/feuerwehr\/wp-content\/uploads\/2021\/10\/DSC_6078-1024x681.jpg\"><img loading=\"lazy\" width=\"1024\" height=\"681\" src=\"https:\/\/www.messern.at\/feuerwehr\/wp-content\/uploads\/2021\/10\/DSC_6078-1024x681.jpg\" alt=\"\" class=\"wp-image-295\" srcset=\"https:\/\/www.messern.at\/feuerwehr\/wp-content\/uploads\/2021\/10\/DSC_6078-1024x681.jpg 1024w, https:\/\/www.messern.at\/feuerwehr\/wp-content\/uploads\/2021\/10\/DSC_6078-300x199.jpg 300w, https:\/\/www.messern.at\/feuerwehr\/wp-content\/uploads\/2021\/10\/DSC_6078-768x511.jpg 768w, https:\/\/www.messern.at\/feuerwehr\/wp-content\/uploads\/2021\/10\/DSC_6078-1536x1021.jpg 1536w, https:\/\/www.messern.at\/feuerwehr\/wp-content\/uploads\/2021\/10\/DSC_6078-2048x1362.jpg 2048w\" sizes=\"(max-width: 1024px) 100vw, 1024px\" \/><\/a><\/figure>\n<p><!-- \/wp:image --><\/p>\n<p><!-- wp:image {\"id\":296,\"sizeSlug\":\"large\",\"linkDestination\":\"media\"} --><\/p>\n<figure class=\"wp-block-image size-large\"><a href=\"https:\/\/www.messern.at\/feuerwehr\/wp-content\/uploads\/2021\/10\/DSC_6082-scaled.jpg\"><img loading=\"lazy\" width=\"1024\" height=\"681\" src=\"https:\/\/www.messern.at\/feuerwehr\/wp-content\/uploads\/2021\/10\/DSC_6082-1024x681.jpg\" alt=\"\" class=\"wp-image-296\" srcset=\"https:\/\/www.messern.at\/feuerwehr\/wp-content\/uploads\/2021\/10\/DSC_6082-1024x681.jpg 1024w, https:\/\/www.messern.at\/feuerwehr\/wp-content\/uploads\/2021\/10\/DSC_6082-300x199.jpg 300w, https:\/\/www.messern.at\/feuerwehr\/wp-content\/uploads\/2021\/10\/DSC_6082-768x511.jpg 768w, https:\/\/www.messern.at\/feuerwehr\/wp-content\/uploads\/2021\/10\/DSC_6082-1536x1021.jpg 1536w, https:\/\/www.messern.at\/feuerwehr\/wp-content\/uploads\/2021\/10\/DSC_6082-2048x1362.jpg 2048w\" sizes=\"(max-width: 1024px) 100vw, 1024px\" \/><\/a><\/figure>\n<p><!-- \/wp:image --><\/p>\n<p><!-- wp:image {\"id\":297,\"sizeSlug\":\"large\",\"linkDestination\":\"media\"} --><\/p>\n<figure class=\"wp-block-image size-large\"><a href=\"https:\/\/www.messern.at\/feuerwehr\/wp-content\/uploads\/2021\/10\/DSC_6083-1024x681.jpg\"><img loading=\"lazy\" width=\"1024\" height=\"681\" src=\"https:\/\/www.messern.at\/feuerwehr\/wp-content\/uploads\/2021\/10\/DSC_6083-1024x681.jpg\" alt=\"\" class=\"wp-image-297\" srcset=\"https:\/\/www.messern.at\/feuerwehr\/wp-content\/uploads\/2021\/10\/DSC_6083-1024x681.jpg 1024w, https:\/\/www.messern.at\/feuerwehr\/wp-content\/uploads\/2021\/10\/DSC_6083-300x199.jpg 300w, https:\/\/www.messern.at\/feuerwehr\/wp-content\/uploads\/2021\/10\/DSC_6083-768x511.jpg 768w, https:\/\/www.messern.at\/feuerwehr\/wp-content\/uploads\/2021\/10\/DSC_6083-1536x1021.jpg 1536w, https:\/\/www.messern.at\/feuerwehr\/wp-content\/uploads\/2021\/10\/DSC_6083-2048x1362.jpg 2048w\" sizes=\"(max-width: 1024px) 100vw, 1024px\" \/><\/a><\/figure>\n<p><!-- \/wp:image --><\/p>\n<p><!-- wp:image {\"id\":298,\"sizeSlug\":\"large\",\"linkDestination\":\"media\"} --><\/p>\n<figure class=\"wp-block-image size-large\"><a href=\"https:\/\/www.messern.at\/feuerwehr\/wp-content\/uploads\/2021\/10\/DSC_6088-1024x681.jpg\"><img loading=\"lazy\" width=\"1024\" height=\"681\" src=\"https:\/\/www.messern.at\/feuerwehr\/wp-content\/uploads\/2021\/10\/DSC_6088-1024x681.jpg\" alt=\"\" class=\"wp-image-298\" srcset=\"https:\/\/www.messern.at\/feuerwehr\/wp-content\/uploads\/2021\/10\/DSC_6088-1024x681.jpg 1024w, https:\/\/www.messern.at\/feuerwehr\/wp-content\/uploads\/2021\/10\/DSC_6088-300x199.jpg 300w, https:\/\/www.messern.at\/feuerwehr\/wp-content\/uploads\/2021\/10\/DSC_6088-768x511.jpg 768w, https:\/\/www.messern.at\/feuerwehr\/wp-content\/uploads\/2021\/10\/DSC_6088-1536x1021.jpg 1536w, https:\/\/www.messern.at\/feuerwehr\/wp-content\/uploads\/2021\/10\/DSC_6088-2048x1362.jpg 2048w\" sizes=\"(max-width: 1024px) 100vw, 1024px\" \/><\/a><\/figure>\n<p><!-- \/wp:image --><\/p>\n<p><!-- wp:image {\"id\":299,\"sizeSlug\":\"large\",\"linkDestination\":\"media\"} --><\/p>\n<figure class=\"wp-block-image size-large\"><a href=\"https:\/\/www.messern.at\/feuerwehr\/wp-content\/uploads\/2021\/10\/DSC_6089-scaled.jpg\"><img loading=\"lazy\" width=\"1024\" height=\"681\" src=\"https:\/\/www.messern.at\/feuerwehr\/wp-content\/uploads\/2021\/10\/DSC_6089-1024x681.jpg\" alt=\"\" class=\"wp-image-299\" srcset=\"https:\/\/www.messern.at\/feuerwehr\/wp-content\/uploads\/2021\/10\/DSC_6089-1024x681.jpg 1024w, https:\/\/www.messern.at\/feuerwehr\/wp-content\/uploads\/2021\/10\/DSC_6089-300x199.jpg 300w, https:\/\/www.messern.at\/feuerwehr\/wp-content\/uploads\/2021\/10\/DSC_6089-768x511.jpg 768w, https:\/\/www.messern.at\/feuerwehr\/wp-content\/uploads\/2021\/10\/DSC_6089-1536x1021.jpg 1536w, https:\/\/www.messern.at\/feuerwehr\/wp-content\/uploads\/2021\/10\/DSC_6089-2048x1362.jpg 2048w\" sizes=\"(max-width: 1024px) 100vw, 1024px\" \/><\/a><\/figure>\n<p><!-- \/wp:image --><\/p>\n<p><!-- wp:image {\"id\":300,\"sizeSlug\":\"large\",\"linkDestination\":\"media\"} --><\/p>\n<figure class=\"wp-block-image size-large\"><a href=\"https:\/\/www.messern.at\/feuerwehr\/wp-content\/uploads\/2021\/10\/DSC_6090-1024x681.jpg\"><img loading=\"lazy\" width=\"1024\" height=\"681\" src=\"https:\/\/www.messern.at\/feuerwehr\/wp-content\/uploads\/2021\/10\/DSC_6090-1024x681.jpg\" alt=\"\" class=\"wp-image-300\" srcset=\"https:\/\/www.messern.at\/feuerwehr\/wp-content\/uploads\/2021\/10\/DSC_6090-1024x681.jpg 1024w, https:\/\/www.messern.at\/feuerwehr\/wp-content\/uploads\/2021\/10\/DSC_6090-300x199.jpg 300w, https:\/\/www.messern.at\/feuerwehr\/wp-content\/uploads\/2021\/10\/DSC_6090-768x511.jpg 768w, https:\/\/www.messern.at\/feuerwehr\/wp-content\/uploads\/2021\/10\/DSC_6090-1536x1021.jpg 1536w, https:\/\/www.messern.at\/feuerwehr\/wp-content\/uploads\/2021\/10\/DSC_6090-2048x1362.jpg 2048w\" sizes=\"(max-width: 1024px) 100vw, 1024px\" \/><\/a><\/figure>\n<p><!-- \/wp:image --><\/p>\n<p><!-- wp:image {\"id\":301,\"sizeSlug\":\"large\",\"linkDestination\":\"media\"} --><\/p>\n<figure class=\"wp-block-image size-large\"><a href=\"https:\/\/www.messern.at\/feuerwehr\/wp-content\/uploads\/2021\/10\/DSC_6098-1024x681.jpg\"><img loading=\"lazy\" width=\"1024\" height=\"681\" src=\"https:\/\/www.messern.at\/feuerwehr\/wp-content\/uploads\/2021\/10\/DSC_6098-1024x681.jpg\" alt=\"\" class=\"wp-image-301\" srcset=\"https:\/\/www.messern.at\/feuerwehr\/wp-content\/uploads\/2021\/10\/DSC_6098-1024x681.jpg 1024w, https:\/\/www.messern.at\/feuerwehr\/wp-content\/uploads\/2021\/10\/DSC_6098-300x199.jpg 300w, https:\/\/www.messern.at\/feuerwehr\/wp-content\/uploads\/2021\/10\/DSC_6098-768x511.jpg 768w, https:\/\/www.messern.at\/feuerwehr\/wp-content\/uploads\/2021\/10\/DSC_6098-1536x1021.jpg 1536w, https:\/\/www.messern.at\/feuerwehr\/wp-content\/uploads\/2021\/10\/DSC_6098-2048x1362.jpg 2048w\" sizes=\"(max-width: 1024px) 100vw, 1024px\" \/><\/a><\/figure>\n<p><!-- \/wp:image --><\/p>\n<p><!-- wp:image {\"id\":302,\"sizeSlug\":\"large\",\"linkDestination\":\"media\"} --><\/p>\n<figure class=\"wp-block-image size-large\"><a href=\"https:\/\/www.messern.at\/feuerwehr\/wp-content\/uploads\/2021\/10\/DSC_6105-1024x681.jpg\"><img loading=\"lazy\" width=\"1024\" height=\"681\" src=\"https:\/\/www.messern.at\/feuerwehr\/wp-content\/uploads\/2021\/10\/DSC_6105-1024x681.jpg\" alt=\"\" class=\"wp-image-302\" srcset=\"https:\/\/www.messern.at\/feuerwehr\/wp-content\/uploads\/2021\/10\/DSC_6105-1024x681.jpg 1024w, https:\/\/www.messern.at\/feuerwehr\/wp-content\/uploads\/2021\/10\/DSC_6105-300x199.jpg 300w, https:\/\/www.messern.at\/feuerwehr\/wp-content\/uploads\/2021\/10\/DSC_6105-768x511.jpg 768w, https:\/\/www.messern.at\/feuerwehr\/wp-content\/uploads\/2021\/10\/DSC_6105-1536x1021.jpg 1536w, https:\/\/www.messern.at\/feuerwehr\/wp-content\/uploads\/2021\/10\/DSC_6105-2048x1362.jpg 2048w\" sizes=\"(max-width: 1024px) 100vw, 1024px\" \/><\/a><\/figure>\n<p><!-- \/wp:image --><\/p>\n<p><!-- wp:image {\"id\":303,\"sizeSlug\":\"large\",\"linkDestination\":\"media\"} --><\/p>\n<figure class=\"wp-block-image size-large\"><a href=\"https:\/\/www.messern.at\/feuerwehr\/wp-content\/uploads\/2021\/10\/DSC_6111-1024x681.jpg\"><img loading=\"lazy\" width=\"1024\" height=\"681\" src=\"https:\/\/www.messern.at\/feuerwehr\/wp-content\/uploads\/2021\/10\/DSC_6111-1024x681.jpg\" alt=\"\" class=\"wp-image-303\" srcset=\"https:\/\/www.messern.at\/feuerwehr\/wp-content\/uploads\/2021\/10\/DSC_6111-1024x681.jpg 1024w, https:\/\/www.messern.at\/feuerwehr\/wp-content\/uploads\/2021\/10\/DSC_6111-300x199.jpg 300w, https:\/\/www.messern.at\/feuerwehr\/wp-content\/uploads\/2021\/10\/DSC_6111-768x511.jpg 768w, https:\/\/www.messern.at\/feuerwehr\/wp-content\/uploads\/2021\/10\/DSC_6111-1536x1021.jpg 1536w, https:\/\/www.messern.at\/feuerwehr\/wp-content\/uploads\/2021\/10\/DSC_6111-2048x1362.jpg 2048w\" sizes=\"(max-width: 1024px) 100vw, 1024px\" \/><\/a><\/figure>\n<p><!-- \/wp:image --><\/p>\n<p><!-- wp:image {\"id\":304,\"sizeSlug\":\"large\",\"linkDestination\":\"media\"} --><\/p>\n<figure class=\"wp-block-image size-large\"><a href=\"https:\/\/www.messern.at\/feuerwehr\/wp-content\/uploads\/2021\/10\/DSC_6120-1024x681.jpg\"><img loading=\"lazy\" width=\"1024\" height=\"681\" src=\"https:\/\/www.messern.at\/feuerwehr\/wp-content\/uploads\/2021\/10\/DSC_6120-1024x681.jpg\" alt=\"\" class=\"wp-image-304\" srcset=\"https:\/\/www.messern.at\/feuerwehr\/wp-content\/uploads\/2021\/10\/DSC_6120-1024x681.jpg 1024w, https:\/\/www.messern.at\/feuerwehr\/wp-content\/uploads\/2021\/10\/DSC_6120-300x199.jpg 300w, https:\/\/www.messern.at\/feuerwehr\/wp-content\/uploads\/2021\/10\/DSC_6120-768x511.jpg 768w, https:\/\/www.messern.at\/feuerwehr\/wp-content\/uploads\/2021\/10\/DSC_6120-1536x1021.jpg 1536w, https:\/\/www.messern.at\/feuerwehr\/wp-content\/uploads\/2021\/10\/DSC_6120-2048x1362.jpg 2048w\" sizes=\"(max-width: 1024px) 100vw, 1024px\" \/><\/a><\/figure>\n<p><!-- \/wp:image --><\/p>\n<p><!-- wp:image {\"id\":305,\"sizeSlug\":\"large\",\"linkDestination\":\"media\"} --><\/p>\n<figure class=\"wp-block-image size-large\"><a href=\"https:\/\/www.messern.at\/feuerwehr\/wp-content\/uploads\/2021\/10\/DSC_6123-1024x681.jpg\"><img loading=\"lazy\" width=\"1024\" height=\"681\" src=\"https:\/\/www.messern.at\/feuerwehr\/wp-content\/uploads\/2021\/10\/DSC_6123-1024x681.jpg\" alt=\"\" class=\"wp-image-305\" srcset=\"https:\/\/www.messern.at\/feuerwehr\/wp-content\/uploads\/2021\/10\/DSC_6123-1024x681.jpg 1024w, https:\/\/www.messern.at\/feuerwehr\/wp-content\/uploads\/2021\/10\/DSC_6123-300x199.jpg 300w, https:\/\/www.messern.at\/feuerwehr\/wp-content\/uploads\/2021\/10\/DSC_6123-768x511.jpg 768w, https:\/\/www.messern.at\/feuerwehr\/wp-content\/uploads\/2021\/10\/DSC_6123-1536x1021.jpg 1536w, https:\/\/www.messern.at\/feuerwehr\/wp-content\/uploads\/2021\/10\/DSC_6123-2048x1362.jpg 2048w\" sizes=\"(max-width: 1024px) 100vw, 1024px\" \/><\/a><\/figure>\n<p><!-- \/wp:image --><\/p>\n<p><!-- wp:image {\"id\":306,\"sizeSlug\":\"large\",\"linkDestination\":\"media\"} --><\/p>\n<figure class=\"wp-block-image size-large\"><a href=\"https:\/\/www.messern.at\/feuerwehr\/wp-content\/uploads\/2021\/10\/DSC_6127-scaled.jpg\"><img loading=\"lazy\" width=\"1024\" height=\"681\" src=\"https:\/\/www.messern.at\/feuerwehr\/wp-content\/uploads\/2021\/10\/DSC_6127-1024x681.jpg\" alt=\"\" class=\"wp-image-306\" srcset=\"https:\/\/www.messern.at\/feuerwehr\/wp-content\/uploads\/2021\/10\/DSC_6127-1024x681.jpg 1024w, https:\/\/www.messern.at\/feuerwehr\/wp-content\/uploads\/2021\/10\/DSC_6127-300x199.jpg 300w, https:\/\/www.messern.at\/feuerwehr\/wp-content\/uploads\/2021\/10\/DSC_6127-768x511.jpg 768w, https:\/\/www.messern.at\/feuerwehr\/wp-content\/uploads\/2021\/10\/DSC_6127-1536x1021.jpg 1536w, https:\/\/www.messern.at\/feuerwehr\/wp-content\/uploads\/2021\/10\/DSC_6127-2048x1362.jpg 2048w\" sizes=\"(max-width: 1024px) 100vw, 1024px\" \/><\/a><\/figure>\n<p><!-- \/wp:image --><\/p>\n<p><!-- wp:image {\"id\":307,\"sizeSlug\":\"large\",\"linkDestination\":\"media\"} --><\/p>\n<figure class=\"wp-block-image size-large\"><a href=\"https:\/\/www.messern.at\/feuerwehr\/wp-content\/uploads\/2021\/10\/DSC_6128-1024x681.jpg\"><img loading=\"lazy\" width=\"1024\" height=\"681\" src=\"https:\/\/www.messern.at\/feuerwehr\/wp-content\/uploads\/2021\/10\/DSC_6128-1024x681.jpg\" alt=\"\" class=\"wp-image-307\" srcset=\"https:\/\/www.messern.at\/feuerwehr\/wp-content\/uploads\/2021\/10\/DSC_6128-1024x681.jpg 1024w, https:\/\/www.messern.at\/feuerwehr\/wp-content\/uploads\/2021\/10\/DSC_6128-300x199.jpg 300w, https:\/\/www.messern.at\/feuerwehr\/wp-content\/uploads\/2021\/10\/DSC_6128-768x511.jpg 768w, https:\/\/www.messern.at\/feuerwehr\/wp-content\/uploads\/2021\/10\/DSC_6128-1536x1021.jpg 1536w, https:\/\/www.messern.at\/feuerwehr\/wp-content\/uploads\/2021\/10\/DSC_6128-2048x1362.jpg 2048w\" sizes=\"(max-width: 1024px) 100vw, 1024px\" \/><\/a><\/figure>\n<p><!-- \/wp:image --><\/p>\n<p><!-- wp:image {\"id\":308,\"sizeSlug\":\"large\",\"linkDestination\":\"media\"} --><\/p>\n<figure class=\"wp-block-image size-large\"><a href=\"https:\/\/www.messern.at\/feuerwehr\/wp-content\/uploads\/2021\/10\/DSC_6137-1024x681.jpg\"><img loading=\"lazy\" width=\"1024\" height=\"681\" src=\"https:\/\/www.messern.at\/feuerwehr\/wp-content\/uploads\/2021\/10\/DSC_6137-1024x681.jpg\" alt=\"\" class=\"wp-image-308\" srcset=\"https:\/\/www.messern.at\/feuerwehr\/wp-content\/uploads\/2021\/10\/DSC_6137-1024x681.jpg 1024w, https:\/\/www.messern.at\/feuerwehr\/wp-content\/uploads\/2021\/10\/DSC_6137-300x199.jpg 300w, https:\/\/www.messern.at\/feuerwehr\/wp-content\/uploads\/2021\/10\/DSC_6137-768x511.jpg 768w, https:\/\/www.messern.at\/feuerwehr\/wp-content\/uploads\/2021\/10\/DSC_6137-1536x1021.jpg 1536w, https:\/\/www.messern.at\/feuerwehr\/wp-content\/uploads\/2021\/10\/DSC_6137-2048x1362.jpg 2048w\" sizes=\"(max-width: 1024px) 100vw, 1024px\" \/><\/a><\/figure>\n<p><!-- \/wp:image --><\/p>\n<p><!-- wp:image {\"id\":309,\"sizeSlug\":\"large\",\"linkDestination\":\"media\"} --><\/p>\n<figure class=\"wp-block-image size-large\"><a href=\"https:\/\/www.messern.at\/feuerwehr\/wp-content\/uploads\/2021\/10\/DSC_6139-scaled.jpg\"><img loading=\"lazy\" width=\"1024\" height=\"681\" src=\"https:\/\/www.messern.at\/feuerwehr\/wp-content\/uploads\/2021\/10\/DSC_6139-1024x681.jpg\" alt=\"\" class=\"wp-image-309\" srcset=\"https:\/\/www.messern.at\/feuerwehr\/wp-content\/uploads\/2021\/10\/DSC_6139-1024x681.jpg 1024w, https:\/\/www.messern.at\/feuerwehr\/wp-content\/uploads\/2021\/10\/DSC_6139-300x199.jpg 300w, https:\/\/www.messern.at\/feuerwehr\/wp-content\/uploads\/2021\/10\/DSC_6139-768x511.jpg 768w, https:\/\/www.messern.at\/feuerwehr\/wp-content\/uploads\/2021\/10\/DSC_6139-1536x1021.jpg 1536w, https:\/\/www.messern.at\/feuerwehr\/wp-content\/uploads\/2021\/10\/DSC_6139-2048x1362.jpg 2048w\" sizes=\"(max-width: 1024px) 100vw, 1024px\" \/><\/a><\/figure>\n<p><!-- \/wp:image --><\/p>\n<p><!-- wp:image {\"id\":310,\"sizeSlug\":\"large\",\"linkDestination\":\"media\"} --><\/p>\n<figure class=\"wp-block-image size-large\"><a href=\"https:\/\/www.messern.at\/feuerwehr\/wp-content\/uploads\/2021\/10\/DSCN0186-scaled.jpg\"><img loading=\"lazy\" width=\"1024\" height=\"768\" src=\"https:\/\/www.messern.at\/feuerwehr\/wp-content\/uploads\/2021\/10\/DSCN0186-1024x768.jpg\" alt=\"\" class=\"wp-image-310\" srcset=\"https:\/\/www.messern.at\/feuerwehr\/wp-content\/uploads\/2021\/10\/DSCN0186-1024x768.jpg 1024w, https:\/\/www.messern.at\/feuerwehr\/wp-content\/uploads\/2021\/10\/DSCN0186-300x225.jpg 300w, https:\/\/www.messern.at\/feuerwehr\/wp-content\/uploads\/2021\/10\/DSCN0186-768x576.jpg 768w, https:\/\/www.messern.at\/feuerwehr\/wp-content\/uploads\/2021\/10\/DSCN0186-1536x1152.jpg 1536w, https:\/\/www.messern.at\/feuerwehr\/wp-content\/uploads\/2021\/10\/DSCN0186-2048x1536.jpg 2048w\" sizes=\"(max-width: 1024px) 100vw, 1024px\" \/><\/a><\/figure>\n<p><!-- \/wp:image --><\/p>\n<p><!-- wp:image {\"id\":312,\"sizeSlug\":\"large\",\"linkDestination\":\"media\"} --><\/p>\n<figure class=\"wp-block-image size-large\"><a href=\"https:\/\/www.messern.at\/feuerwehr\/wp-content\/uploads\/2021\/10\/DSCN0199-1024x768.jpg\"><img loading=\"lazy\" width=\"1024\" height=\"768\" src=\"https:\/\/www.messern.at\/feuerwehr\/wp-content\/uploads\/2021\/10\/DSCN0199-1024x768.jpg\" alt=\"\" class=\"wp-image-312\" srcset=\"https:\/\/www.messern.at\/feuerwehr\/wp-content\/uploads\/2021\/10\/DSCN0199-1024x768.jpg 1024w, https:\/\/www.messern.at\/feuerwehr\/wp-content\/uploads\/2021\/10\/DSCN0199-300x225.jpg 300w, https:\/\/www.messern.at\/feuerwehr\/wp-content\/uploads\/2021\/10\/DSCN0199-768x576.jpg 768w, https:\/\/www.messern.at\/feuerwehr\/wp-content\/uploads\/2021\/10\/DSCN0199-1536x1152.jpg 1536w, https:\/\/www.messern.at\/feuerwehr\/wp-content\/uploads\/2021\/10\/DSCN0199-2048x1536.jpg 2048w\" sizes=\"(max-width: 1024px) 100vw, 1024px\" \/><\/a><\/figure>\n<p><!-- \/wp:image --><\/p>\n<p><!-- wp:image {\"id\":313,\"sizeSlug\":\"large\",\"linkDestination\":\"media\"} --><\/p>\n<figure class=\"wp-block-image size-large\"><a href=\"https:\/\/www.messern.at\/feuerwehr\/wp-content\/uploads\/2021\/10\/DSCN0200-1024x768.jpg\"><img loading=\"lazy\" width=\"1024\" height=\"768\" src=\"https:\/\/www.messern.at\/feuerwehr\/wp-content\/uploads\/2021\/10\/DSCN0200-1024x768.jpg\" alt=\"\" class=\"wp-image-313\" srcset=\"https:\/\/www.messern.at\/feuerwehr\/wp-content\/uploads\/2021\/10\/DSCN0200-1024x768.jpg 1024w, https:\/\/www.messern.at\/feuerwehr\/wp-content\/uploads\/2021\/10\/DSCN0200-300x225.jpg 300w, https:\/\/www.messern.at\/feuerwehr\/wp-content\/uploads\/2021\/10\/DSCN0200-768x576.jpg 768w, https:\/\/www.messern.at\/feuerwehr\/wp-content\/uploads\/2021\/10\/DSCN0200-1536x1152.jpg 1536w, https:\/\/www.messern.at\/feuerwehr\/wp-content\/uploads\/2021\/10\/DSCN0200-2048x1536.jpg 2048w\" sizes=\"(max-width: 1024px) 100vw, 1024px\" \/><\/a><\/figure>\n<p><!-- \/wp:image --><\/p>\n<p><!-- wp:image {\"id\":316,\"sizeSlug\":\"large\",\"linkDestination\":\"media\"} --><\/p>\n<figure class=\"wp-block-image size-large\"><a href=\"https:\/\/www.messern.at\/feuerwehr\/wp-content\/uploads\/2021\/10\/DSCN0208-1024x768.jpg\"><img loading=\"lazy\" width=\"1024\" height=\"768\" src=\"https:\/\/www.messern.at\/feuerwehr\/wp-content\/uploads\/2021\/10\/DSCN0208-1024x768.jpg\" alt=\"\" class=\"wp-image-316\" srcset=\"https:\/\/www.messern.at\/feuerwehr\/wp-content\/uploads\/2021\/10\/DSCN0208-1024x768.jpg 1024w, https:\/\/www.messern.at\/feuerwehr\/wp-content\/uploads\/2021\/10\/DSCN0208-300x225.jpg 300w, https:\/\/www.messern.at\/feuerwehr\/wp-content\/uploads\/2021\/10\/DSCN0208-768x576.jpg 768w, https:\/\/www.messern.at\/feuerwehr\/wp-content\/uploads\/2021\/10\/DSCN0208-1536x1152.jpg 1536w, https:\/\/www.messern.at\/feuerwehr\/wp-content\/uploads\/2021\/10\/DSCN0208-2048x1536.jpg 2048w\" sizes=\"(max-width: 1024px) 100vw, 1024px\" \/><\/a><\/figure>\n<p><!-- \/wp:image --><\/p>\n<p><!-- wp:image {\"id\":317,\"sizeSlug\":\"large\",\"linkDestination\":\"media\"} --><\/p>\n<figure class=\"wp-block-image size-large\"><a href=\"https:\/\/www.messern.at\/feuerwehr\/wp-content\/uploads\/2021\/10\/DSCN0212-1024x768.jpg\"><img loading=\"lazy\" width=\"1024\" height=\"768\" src=\"https:\/\/www.messern.at\/feuerwehr\/wp-content\/uploads\/2021\/10\/DSCN0212-1024x768.jpg\" alt=\"\" class=\"wp-image-317\" srcset=\"https:\/\/www.messern.at\/feuerwehr\/wp-content\/uploads\/2021\/10\/DSCN0212-1024x768.jpg 1024w, https:\/\/www.messern.at\/feuerwehr\/wp-content\/uploads\/2021\/10\/DSCN0212-300x225.jpg 300w, https:\/\/www.messern.at\/feuerwehr\/wp-content\/uploads\/2021\/10\/DSCN0212-768x576.jpg 768w, https:\/\/www.messern.at\/feuerwehr\/wp-content\/uploads\/2021\/10\/DSCN0212-1536x1152.jpg 1536w, https:\/\/www.messern.at\/feuerwehr\/wp-content\/uploads\/2021\/10\/DSCN0212-2048x1536.jpg 2048w\" sizes=\"(max-width: 1024px) 100vw, 1024px\" \/><\/a><\/figure>\n<p><!-- \/wp:image --><\/p>\n<p><!-- wp:image {\"id\":318,\"sizeSlug\":\"large\",\"linkDestination\":\"media\"} --><\/p>\n<figure class=\"wp-block-image size-large\"><a href=\"https:\/\/www.messern.at\/feuerwehr\/wp-content\/uploads\/2021\/10\/DSCN0221-1024x768.jpg\"><img loading=\"lazy\" width=\"1024\" height=\"768\" src=\"https:\/\/www.messern.at\/feuerwehr\/wp-content\/uploads\/2021\/10\/DSCN0221-1024x768.jpg\" alt=\"\" class=\"wp-image-318\" srcset=\"https:\/\/www.messern.at\/feuerwehr\/wp-content\/uploads\/2021\/10\/DSCN0221-1024x768.jpg 1024w, https:\/\/www.messern.at\/feuerwehr\/wp-content\/uploads\/2021\/10\/DSCN0221-300x225.jpg 300w, https:\/\/www.messern.at\/feuerwehr\/wp-content\/uploads\/2021\/10\/DSCN0221-768x576.jpg 768w, https:\/\/www.messern.at\/feuerwehr\/wp-content\/uploads\/2021\/10\/DSCN0221-1536x1152.jpg 1536w, https:\/\/www.messern.at\/feuerwehr\/wp-content\/uploads\/2021\/10\/DSCN0221-2048x1536.jpg 2048w\" sizes=\"(max-width: 1024px) 100vw, 1024px\" \/><\/a><\/figure>\n<p><!-- \/wp:image --><\/p>\n<p><!-- wp:image {\"id\":319,\"sizeSlug\":\"large\",\"linkDestination\":\"media\"} --><\/p>\n<figure class=\"wp-block-image size-large\"><a href=\"https:\/\/www.messern.at\/feuerwehr\/wp-content\/uploads\/2021\/10\/Kinderfasching-Messern_2017-1-1024x565.jpg\"><img loading=\"lazy\" width=\"1024\" height=\"565\" src=\"https:\/\/www.messern.at\/feuerwehr\/wp-content\/uploads\/2021\/10\/Kinderfasching-Messern_2017-1-1024x565.jpg\" alt=\"\" class=\"wp-image-319\" srcset=\"https:\/\/www.messern.at\/feuerwehr\/wp-content\/uploads\/2021\/10\/Kinderfasching-Messern_2017-1-1024x565.jpg 1024w, https:\/\/www.messern.at\/feuerwehr\/wp-content\/uploads\/2021\/10\/Kinderfasching-Messern_2017-1-300x165.jpg 300w, https:\/\/www.messern.at\/feuerwehr\/wp-content\/uploads\/2021\/10\/Kinderfasching-Messern_2017-1-768x424.jpg 768w, https:\/\/www.messern.at\/feuerwehr\/wp-content\/uploads\/2021\/10\/Kinderfasching-Messern_2017-1-1536x847.jpg 1536w, https:\/\/www.messern.at\/feuerwehr\/wp-content\/uploads\/2021\/10\/Kinderfasching-Messern_2017-1-2048x1129.jpg 2048w\" sizes=\"(max-width: 1024px) 100vw, 1024px\" \/><\/a>\n<\/figure>\n<p><!-- \/wp:image --><\/p>\t\t\t\t\t\t<\/div>\n\t\t\t\t<\/div>\n\t\t\t\t\t<\/div>\n\t\t<\/div>\n\t\t\t\t\t\t\t<\/div>\n\t\t<\/section>\n\t\t\t\t\t\t<\/div>\n\t\t\t\t\t<\/div>\n\t\t","protected":false},"excerpt":{"rendered":"<p>Dieses Jahr wurde der Fasching in Messern ganz besonders gefeiert. Am Faschingssamstag gab es ein \u201eGschnas\u201c im Feuerwehrhaus, bei dem mit Spielen \u2013 angelehnt an das sogenannte \u201eDschungel-Camp\u201c im Fernsehen \u2013 die Besucher ihren Spa\u00df hatten.Am Sonntag gab es wie auch schon in den letzten Jahren einen Kindermaskenball, bei dem wieder knapp 40 Kinder ihren [&hellip;]<\/p>\n","protected":false},"author":8,"featured_media":319,"comment_status":"closed","ping_status":"closed","sticky":false,"template":"","format":"standard","meta":[],"categories":[10],"tags":[],"acf":[],"_links":{"self":[{"href":"https:\/\/www.messern.at\/feuerwehr\/wp-json\/wp\/v2\/posts\/269"}],"collection":[{"href":"https:\/\/www.messern.at\/feuerwehr\/wp-json\/wp\/v2\/posts"}],"about":[{"href":"https:\/\/www.messern.at\/feuerwehr\/wp-json\/wp\/v2\/types\/post"}],"author":[{"embeddable":true,"href":"https:\/\/www.messern.at\/feuerwehr\/wp-json\/wp\/v2\/users\/8"}],"replies":[{"embeddable":true,"href":"https:\/\/www.messern.at\/feuerwehr\/wp-json\/wp\/v2\/comments?post=269"}],"version-history":[{"count":5,"href":"https:\/\/www.messern.at\/feuerwehr\/wp-json\/wp\/v2\/posts\/269\/revisions"}],"predecessor-version":[{"id":606,"href":"https:\/\/www.messern.at\/feuerwehr\/wp-json\/wp\/v2\/posts\/269\/revisions\/606"}],"wp:featuredmedia":[{"embeddable":true,"href":"https:\/\/www.messern.at\/feuerwehr\/wp-json\/wp\/v2\/media\/319"}],"wp:attachment":[{"href":"https:\/\/www.messern.at\/feuerwehr\/wp-json\/wp\/v2\/media?parent=269"}],"wp:term":[{"taxonomy":"category","embeddable":true,"href":"https:\/\/www.messern.at\/feuerwehr\/wp-json\/wp\/v2\/categories?post=269"},{"taxonomy":"post_tag","embeddable":true,"href":"https:\/\/www.messern.at\/feuerwehr\/wp-json\/wp\/v2\/tags?post=269"}],"curies":[{"name":"wp","href":"https:\/\/api.w.org\/{rel}","templated":true}]}}