{"id":1517,"date":"2023-09-08T13:59:00","date_gmt":"2023-09-08T11:59:00","guid":{"rendered":"https:\/\/www.messern.at\/feuerwehr\/?p=1517"},"modified":"2023-12-21T14:06:38","modified_gmt":"2023-12-21T13:06:38","slug":"die-feuerwehren-der-unterabschnitte-4-und-5-trafen-sich-zu-einer-gemeinsamen-uebung-in-trabenreith","status":"publish","type":"post","link":"https:\/\/www.messern.at\/feuerwehr\/allgemein\/die-feuerwehren-der-unterabschnitte-4-und-5-trafen-sich-zu-einer-gemeinsamen-uebung-in-trabenreith\/","title":{"rendered":"Die Feuerwehren der Unterabschnitte 4 und 5 trafen sich zu einer gemeinsamen \u00dcbung in Trabenreith."},"content":{"rendered":"\n<p>Am 8. September ab 18:30 konnten die Feuerwehren, Irnfritz, Kleinulrichschlag, Reicharts, Trabenreith, Wappoltenreith, Haselberg, Messern, Nonndorf\/Wild, sowie Rothweinsdorf beweisen wozu sie im Stande sind. Die \u00dcbungsannahme sah einen Brandeinsatz im Wald mit Personensuche vor. Die organisierende Feuerwehr Trabenreith w\u00fcrzte diese \u00dcbung aber \u00fcberdies durch eine Personenrettung aus einen verunfallten PKW. Somit war die Einsatzleitung und die Feuerwehren zus\u00e4tzlich gefordert und konnten ihre Flexibilit\u00e4t und Einsatz-Spontanit\u00e4t unter Beweis stellen.<\/p>\n\n\n\n<p>Im Anschluss der \u00dcbung erfolgte die obligatorische Nachbesprechung und auch der B\u00fcrgermeister der Marktgemeinde Irnfritz-Messern Hermann Gruber konnte noch seinen Dank an die vielen Freiwilligen aussprechen, die ihre Freizeit zum Wohle der Gemeinschaft opfern.<\/p>\n\n\n\n<figure class=\"wp-block-gallery has-nested-images columns-default is-cropped\">\n<figure class=\"wp-block-image size-large\"><a href=\"https:\/\/www.messern.at\/feuerwehr\/wp-content\/uploads\/2023\/12\/IMG_7462-scaled.jpeg\"><img loading=\"lazy\" width=\"768\" height=\"1024\" data-id=\"1526\"  src=\"https:\/\/www.messern.at\/feuerwehr\/wp-content\/uploads\/2023\/12\/IMG_7462-768x1024.jpeg\" alt=\"\" class=\"wp-image-1526\" srcset=\"https:\/\/www.messern.at\/feuerwehr\/wp-content\/uploads\/2023\/12\/IMG_7462-768x1024.jpeg 768w, https:\/\/www.messern.at\/feuerwehr\/wp-content\/uploads\/2023\/12\/IMG_7462-225x300.jpeg 225w, https:\/\/www.messern.at\/feuerwehr\/wp-content\/uploads\/2023\/12\/IMG_7462-1152x1536.jpeg 1152w, https:\/\/www.messern.at\/feuerwehr\/wp-content\/uploads\/2023\/12\/IMG_7462-1536x2048.jpeg 1536w, https:\/\/www.messern.at\/feuerwehr\/wp-content\/uploads\/2023\/12\/IMG_7462-scaled.jpeg 1920w\" sizes=\"(max-width: 768px) 100vw, 768px\" \/><\/a><\/figure>\n\n\n\n<figure class=\"wp-block-image size-large\"><a href=\"https:\/\/www.messern.at\/feuerwehr\/wp-content\/uploads\/2023\/12\/IMG_7426-1-scaled.jpeg\"><img loading=\"lazy\" width=\"768\" height=\"1024\" data-id=\"1532\"  src=\"https:\/\/www.messern.at\/feuerwehr\/wp-content\/uploads\/2023\/12\/IMG_7426-1-768x1024.jpeg\" alt=\"\" class=\"wp-image-1532\" srcset=\"https:\/\/www.messern.at\/feuerwehr\/wp-content\/uploads\/2023\/12\/IMG_7426-1-768x1024.jpeg 768w, https:\/\/www.messern.at\/feuerwehr\/wp-content\/uploads\/2023\/12\/IMG_7426-1-225x300.jpeg 225w, https:\/\/www.messern.at\/feuerwehr\/wp-content\/uploads\/2023\/12\/IMG_7426-1-1152x1536.jpeg 1152w, https:\/\/www.messern.at\/feuerwehr\/wp-content\/uploads\/2023\/12\/IMG_7426-1-1536x2048.jpeg 1536w, https:\/\/www.messern.at\/feuerwehr\/wp-content\/uploads\/2023\/12\/IMG_7426-1-scaled.jpeg 1920w\" sizes=\"(max-width: 768px) 100vw, 768px\" \/><\/a><\/figure>\n\n\n\n<figure class=\"wp-block-image size-large\"><a href=\"https:\/\/www.messern.at\/feuerwehr\/wp-content\/uploads\/2023\/12\/IMG_7430-scaled.jpeg\"><img loading=\"lazy\" width=\"768\" height=\"1024\" data-id=\"1529\"  src=\"https:\/\/www.messern.at\/feuerwehr\/wp-content\/uploads\/2023\/12\/IMG_7430-768x1024.jpeg\" alt=\"\" class=\"wp-image-1529\" srcset=\"https:\/\/www.messern.at\/feuerwehr\/wp-content\/uploads\/2023\/12\/IMG_7430-768x1024.jpeg 768w, https:\/\/www.messern.at\/feuerwehr\/wp-content\/uploads\/2023\/12\/IMG_7430-225x300.jpeg 225w, https:\/\/www.messern.at\/feuerwehr\/wp-content\/uploads\/2023\/12\/IMG_7430-1152x1536.jpeg 1152w, https:\/\/www.messern.at\/feuerwehr\/wp-content\/uploads\/2023\/12\/IMG_7430-1536x2048.jpeg 1536w, https:\/\/www.messern.at\/feuerwehr\/wp-content\/uploads\/2023\/12\/IMG_7430-scaled.jpeg 1920w\" sizes=\"(max-width: 768px) 100vw, 768px\" \/><\/a><\/figure>\n\n\n\n<figure class=\"wp-block-image size-large\"><a href=\"https:\/\/www.messern.at\/feuerwehr\/wp-content\/uploads\/2023\/12\/IMG_7431-scaled.jpeg\"><img loading=\"lazy\" width=\"768\" height=\"1024\" data-id=\"1530\"  src=\"https:\/\/www.messern.at\/feuerwehr\/wp-content\/uploads\/2023\/12\/IMG_7431-768x1024.jpeg\" alt=\"\" class=\"wp-image-1530\" srcset=\"https:\/\/www.messern.at\/feuerwehr\/wp-content\/uploads\/2023\/12\/IMG_7431-768x1024.jpeg 768w, https:\/\/www.messern.at\/feuerwehr\/wp-content\/uploads\/2023\/12\/IMG_7431-225x300.jpeg 225w, https:\/\/www.messern.at\/feuerwehr\/wp-content\/uploads\/2023\/12\/IMG_7431-1152x1536.jpeg 1152w, https:\/\/www.messern.at\/feuerwehr\/wp-content\/uploads\/2023\/12\/IMG_7431-1536x2048.jpeg 1536w, https:\/\/www.messern.at\/feuerwehr\/wp-content\/uploads\/2023\/12\/IMG_7431-scaled.jpeg 1920w\" sizes=\"(max-width: 768px) 100vw, 768px\" \/><\/a><\/figure>\n\n\n\n<figure class=\"wp-block-image size-large\"><a href=\"https:\/\/www.messern.at\/feuerwehr\/wp-content\/uploads\/2023\/12\/IMG_7432-scaled.jpeg\"><img loading=\"lazy\" width=\"768\" height=\"1024\" data-id=\"1528\"  src=\"https:\/\/www.messern.at\/feuerwehr\/wp-content\/uploads\/2023\/12\/IMG_7432-768x1024.jpeg\" alt=\"\" class=\"wp-image-1528\" srcset=\"https:\/\/www.messern.at\/feuerwehr\/wp-content\/uploads\/2023\/12\/IMG_7432-768x1024.jpeg 768w, https:\/\/www.messern.at\/feuerwehr\/wp-content\/uploads\/2023\/12\/IMG_7432-225x300.jpeg 225w, https:\/\/www.messern.at\/feuerwehr\/wp-content\/uploads\/2023\/12\/IMG_7432-1152x1536.jpeg 1152w, https:\/\/www.messern.at\/feuerwehr\/wp-content\/uploads\/2023\/12\/IMG_7432-1536x2048.jpeg 1536w, https:\/\/www.messern.at\/feuerwehr\/wp-content\/uploads\/2023\/12\/IMG_7432-scaled.jpeg 1920w\" sizes=\"(max-width: 768px) 100vw, 768px\" \/><\/a><\/figure>\n<\/figure>\n\n\n\n<figure class=\"wp-block-image size-large\"><img loading=\"lazy\" width=\"1024\" height=\"768\" src=\"https:\/\/www.messern.at\/feuerwehr\/wp-content\/uploads\/2023\/12\/IMG_7464-3-1024x768.jpeg\" alt=\"\" class=\"wp-image-1535\" srcset=\"https:\/\/www.messern.at\/feuerwehr\/wp-content\/uploads\/2023\/12\/IMG_7464-3-1024x768.jpeg 1024w, https:\/\/www.messern.at\/feuerwehr\/wp-content\/uploads\/2023\/12\/IMG_7464-3-300x225.jpeg 300w, https:\/\/www.messern.at\/feuerwehr\/wp-content\/uploads\/2023\/12\/IMG_7464-3-768x576.jpeg 768w, https:\/\/www.messern.at\/feuerwehr\/wp-content\/uploads\/2023\/12\/IMG_7464-3-1536x1152.jpeg 1536w, https:\/\/www.messern.at\/feuerwehr\/wp-content\/uploads\/2023\/12\/IMG_7464-3-2048x1536.jpeg 2048w\" sizes=\"(max-width: 1024px) 100vw, 1024px\" \/><\/figure>\n","protected":false},"excerpt":{"rendered":"<p>Am 8. September ab 18:30 konnten die Feuerwehren, Irnfritz, Kleinulrichschlag, Reicharts, Trabenreith, Wappoltenreith, Haselberg, Messern, Nonndorf\/Wild, sowie Rothweinsdorf beweisen wozu sie im Stande sind. Die \u00dcbungsannahme sah einen Brandeinsatz im Wald mit Personensuche vor. Die organisierende Feuerwehr Trabenreith w\u00fcrzte diese \u00dcbung aber \u00fcberdies durch eine Personenrettung aus einen verunfallten PKW. Somit war die Einsatzleitung und [&hellip;]<\/p>\n","protected":false},"author":3,"featured_media":0,"comment_status":"closed","ping_status":"closed","sticky":false,"template":"","format":"standard","meta":[],"categories":[10],"tags":[],"acf":[],"_links":{"self":[{"href":"https:\/\/www.messern.at\/feuerwehr\/wp-json\/wp\/v2\/posts\/1517"}],"collection":[{"href":"https:\/\/www.messern.at\/feuerwehr\/wp-json\/wp\/v2\/posts"}],"about":[{"href":"https:\/\/www.messern.at\/feuerwehr\/wp-json\/wp\/v2\/types\/post"}],"author":[{"embeddable":true,"href":"https:\/\/www.messern.at\/feuerwehr\/wp-json\/wp\/v2\/users\/3"}],"replies":[{"embeddable":true,"href":"https:\/\/www.messern.at\/feuerwehr\/wp-json\/wp\/v2\/comments?post=1517"}],"version-history":[{"count":5,"href":"https:\/\/www.messern.at\/feuerwehr\/wp-json\/wp\/v2\/posts\/1517\/revisions"}],"predecessor-version":[{"id":1542,"href":"https:\/\/www.messern.at\/feuerwehr\/wp-json\/wp\/v2\/posts\/1517\/revisions\/1542"}],"wp:attachment":[{"href":"https:\/\/www.messern.at\/feuerwehr\/wp-json\/wp\/v2\/media?parent=1517"}],"wp:term":[{"taxonomy":"category","embeddable":true,"href":"https:\/\/www.messern.at\/feuerwehr\/wp-json\/wp\/v2\/categories?post=1517"},{"taxonomy":"post_tag","embeddable":true,"href":"https:\/\/www.messern.at\/feuerwehr\/wp-json\/wp\/v2\/tags?post=1517"}],"curies":[{"name":"wp","href":"https:\/\/api.w.org\/{rel}","templated":true}]}}