{"id":1499,"date":"2023-05-03T14:11:53","date_gmt":"2023-05-03T12:11:53","guid":{"rendered":"https:\/\/www.messern.at\/feuerwehr\/?p=1499"},"modified":"2023-05-03T14:11:54","modified_gmt":"2023-05-03T12:11:54","slug":"atemschutzuebung-in-nondorf","status":"publish","type":"post","link":"https:\/\/www.messern.at\/feuerwehr\/allgemein\/atemschutzuebung-in-nondorf\/","title":{"rendered":"Atemschutz\u00fcbung in Nondorf"},"content":{"rendered":"\n<p>Im M\u00e4rz wurde in Nondorf \/ Wild eine Atemschutz\u00fcbung abgehalten bei der Atemschutztrupps der Feuer-wehren Haselberg, Messern, Nondorf \/ Wild und Rothweinsdorf teilnahmen.<\/p>\n\n\n\n<p>Die \u00dcbungsannahme war \u201eB2 &#8211; Zimmerbrand mit Menschenrettung\u201c. Abschnittskommandant Ing. Klaus Ringl, Unterabschnittskommandant G\u00fcnther Hopfgartner sowie B\u00fcrgermeister Hermann Gruber bedankten sich f\u00fcr die Teilnahme aller Feuerwehrmitglieder.<\/p>\n\n\n\n<figure class=\"wp-block-image size-large\"><a href=\"https:\/\/www.messern.at\/feuerwehr\/wp-content\/uploads\/2023\/05\/ATS-Uebung1-scaled.jpg\"><img loading=\"lazy\" width=\"1024\" height=\"768\" src=\"https:\/\/www.messern.at\/feuerwehr\/wp-content\/uploads\/2023\/05\/ATS-Uebung1-1024x768.jpg\" alt=\"\" class=\"wp-image-1500\" srcset=\"https:\/\/www.messern.at\/feuerwehr\/wp-content\/uploads\/2023\/05\/ATS-Uebung1-1024x768.jpg 1024w, https:\/\/www.messern.at\/feuerwehr\/wp-content\/uploads\/2023\/05\/ATS-Uebung1-300x225.jpg 300w, https:\/\/www.messern.at\/feuerwehr\/wp-content\/uploads\/2023\/05\/ATS-Uebung1-768x576.jpg 768w, https:\/\/www.messern.at\/feuerwehr\/wp-content\/uploads\/2023\/05\/ATS-Uebung1-1536x1152.jpg 1536w, https:\/\/www.messern.at\/feuerwehr\/wp-content\/uploads\/2023\/05\/ATS-Uebung1-2048x1536.jpg 2048w\" sizes=\"(max-width: 1024px) 100vw, 1024px\" \/><\/a><\/figure>\n","protected":false},"excerpt":{"rendered":"<p>Im M\u00e4rz wurde in Nondorf \/ Wild eine Atemschutz\u00fcbung abgehalten bei der Atemschutztrupps der Feuer-wehren Haselberg, Messern, Nondorf \/ Wild und Rothweinsdorf teilnahmen. Die \u00dcbungsannahme war \u201eB2 &#8211; Zimmerbrand mit Menschenrettung\u201c. Abschnittskommandant Ing. Klaus Ringl, Unterabschnittskommandant G\u00fcnther Hopfgartner sowie B\u00fcrgermeister Hermann Gruber bedankten sich f\u00fcr die Teilnahme aller Feuerwehrmitglieder.<\/p>\n","protected":false},"author":3,"featured_media":0,"comment_status":"closed","ping_status":"closed","sticky":false,"template":"","format":"standard","meta":[],"categories":[10],"tags":[],"acf":[],"_links":{"self":[{"href":"https:\/\/www.messern.at\/feuerwehr\/wp-json\/wp\/v2\/posts\/1499"}],"collection":[{"href":"https:\/\/www.messern.at\/feuerwehr\/wp-json\/wp\/v2\/posts"}],"about":[{"href":"https:\/\/www.messern.at\/feuerwehr\/wp-json\/wp\/v2\/types\/post"}],"author":[{"embeddable":true,"href":"https:\/\/www.messern.at\/feuerwehr\/wp-json\/wp\/v2\/users\/3"}],"replies":[{"embeddable":true,"href":"https:\/\/www.messern.at\/feuerwehr\/wp-json\/wp\/v2\/comments?post=1499"}],"version-history":[{"count":1,"href":"https:\/\/www.messern.at\/feuerwehr\/wp-json\/wp\/v2\/posts\/1499\/revisions"}],"predecessor-version":[{"id":1501,"href":"https:\/\/www.messern.at\/feuerwehr\/wp-json\/wp\/v2\/posts\/1499\/revisions\/1501"}],"wp:attachment":[{"href":"https:\/\/www.messern.at\/feuerwehr\/wp-json\/wp\/v2\/media?parent=1499"}],"wp:term":[{"taxonomy":"category","embeddable":true,"href":"https:\/\/www.messern.at\/feuerwehr\/wp-json\/wp\/v2\/categories?post=1499"},{"taxonomy":"post_tag","embeddable":true,"href":"https:\/\/www.messern.at\/feuerwehr\/wp-json\/wp\/v2\/tags?post=1499"}],"curies":[{"name":"wp","href":"https:\/\/api.w.org\/{rel}","templated":true}]}}