{"id":1451,"date":"2023-01-17T06:19:13","date_gmt":"2023-01-17T05:19:13","guid":{"rendered":"https:\/\/www.messern.at\/feuerwehr\/?p=1451"},"modified":"2023-01-17T06:19:14","modified_gmt":"2023-01-17T05:19:14","slug":"neugestaltung-der-allee-in-messern-mit-baumfaellung-gestartet","status":"publish","type":"post","link":"https:\/\/www.messern.at\/feuerwehr\/allgemein\/neugestaltung-der-allee-in-messern-mit-baumfaellung-gestartet\/","title":{"rendered":"Neugestaltung der Allee in Messern \u2013 mit Baumf\u00e4llung gestartet"},"content":{"rendered":"\n<p>Ein gro\u00dfes Projekt, das im Jahr 2023 in Messern ansteht, ist die Neugestaltung der Allee, einem mit Kastanienb\u00e4umen ges\u00e4umten Fu\u00dfg\u00e4ngerweg. Nach der Planungsphase im Jahr 2022 wurden Anfang J\u00e4nner nun alle desolaten Kastanienb\u00e4ume durch Ortsbewohner gef\u00e4llt und aufgearbeitet. Diese zwei Tage dauernden Arbeiten erfolgten unentgeltlich und mit eigenen Ger\u00e4tschaften.<\/p>\n\n\n\n<p>In weiterer Folge werden nun die Wurzelst\u00f6cke entfernt, der alte, kaputte Asphalt entsorgt und weitere Ideen umgesetzt. Ziel ist die Neugestaltung des Weges und der Nebenfl\u00e4chen und die Bepflanzung mit neuen B\u00e4umen. Fertigstellung ist f\u00fcr Herbst dieses Jahres geplant.<\/p>\n\n\n\n<p>Von den ersten Arbeitsschritten zeigten sich B\u00fcrgermeister Hermann Gruber sowie der Obmann des Dorferneuerungsvereines und Ortsvorsteher Gerald H\u00f6rndl dankbar. Als \u201eProjektleiter\u201c stellt sich Ing. Klaus Ringl zur Verf\u00fcgung, der ja schon einige gro\u00dfe Projekte wie das Feuerwehr- und Gemeinschaftshaus oder die Kirchenvorplatzgestaltung verwirklicht hat und nun gemeinsam mit der Ortsbev\u00f6lkerung dieses neue, gro\u00dfe und wichtige Projekt im Jahr 2023 umsetzen wird.<\/p>\n\n\n\n<figure class=\"wp-block-gallery has-nested-images columns-default is-cropped\">\n<figure class=\"wp-block-image size-large\"><a href=\"https:\/\/www.messern.at\/feuerwehr\/wp-content\/uploads\/2023\/01\/DSC_1018-scaled.jpg\"><img loading=\"lazy\" width=\"2560\" height=\"1707\" data-id=\"1446\"  src=\"https:\/\/www.messern.at\/feuerwehr\/wp-content\/uploads\/2023\/01\/DSC_1018-scaled.jpg\" alt=\"\" class=\"wp-image-1446\" srcset=\"https:\/\/www.messern.at\/feuerwehr\/wp-content\/uploads\/2023\/01\/DSC_1018-scaled.jpg 2560w, https:\/\/www.messern.at\/feuerwehr\/wp-content\/uploads\/2023\/01\/DSC_1018-300x200.jpg 300w, https:\/\/www.messern.at\/feuerwehr\/wp-content\/uploads\/2023\/01\/DSC_1018-1024x683.jpg 1024w, https:\/\/www.messern.at\/feuerwehr\/wp-content\/uploads\/2023\/01\/DSC_1018-768x512.jpg 768w, https:\/\/www.messern.at\/feuerwehr\/wp-content\/uploads\/2023\/01\/DSC_1018-1536x1024.jpg 1536w, https:\/\/www.messern.at\/feuerwehr\/wp-content\/uploads\/2023\/01\/DSC_1018-2048x1365.jpg 2048w\" sizes=\"(max-width: 2560px) 100vw, 2560px\" \/><\/a><\/figure>\n\n\n\n<figure class=\"wp-block-image size-large\"><a href=\"https:\/\/www.messern.at\/feuerwehr\/wp-content\/uploads\/2023\/01\/DSC_1023-scaled.jpg\"><img loading=\"lazy\" width=\"2560\" height=\"1707\" data-id=\"1447\"  src=\"https:\/\/www.messern.at\/feuerwehr\/wp-content\/uploads\/2023\/01\/DSC_1023-scaled.jpg\" alt=\"\" class=\"wp-image-1447\" srcset=\"https:\/\/www.messern.at\/feuerwehr\/wp-content\/uploads\/2023\/01\/DSC_1023-scaled.jpg 2560w, https:\/\/www.messern.at\/feuerwehr\/wp-content\/uploads\/2023\/01\/DSC_1023-300x200.jpg 300w, https:\/\/www.messern.at\/feuerwehr\/wp-content\/uploads\/2023\/01\/DSC_1023-1024x683.jpg 1024w, https:\/\/www.messern.at\/feuerwehr\/wp-content\/uploads\/2023\/01\/DSC_1023-768x512.jpg 768w, https:\/\/www.messern.at\/feuerwehr\/wp-content\/uploads\/2023\/01\/DSC_1023-1536x1024.jpg 1536w, https:\/\/www.messern.at\/feuerwehr\/wp-content\/uploads\/2023\/01\/DSC_1023-2048x1365.jpg 2048w\" sizes=\"(max-width: 2560px) 100vw, 2560px\" \/><\/a><\/figure>\n\n\n\n<figure class=\"wp-block-image size-large\"><a href=\"https:\/\/www.messern.at\/feuerwehr\/wp-content\/uploads\/2023\/01\/DSC_1050-scaled.jpg\"><img loading=\"lazy\" width=\"2560\" height=\"1707\" data-id=\"1450\"  src=\"https:\/\/www.messern.at\/feuerwehr\/wp-content\/uploads\/2023\/01\/DSC_1050-scaled.jpg\" alt=\"\" class=\"wp-image-1450\" srcset=\"https:\/\/www.messern.at\/feuerwehr\/wp-content\/uploads\/2023\/01\/DSC_1050-scaled.jpg 2560w, https:\/\/www.messern.at\/feuerwehr\/wp-content\/uploads\/2023\/01\/DSC_1050-300x200.jpg 300w, https:\/\/www.messern.at\/feuerwehr\/wp-content\/uploads\/2023\/01\/DSC_1050-1024x683.jpg 1024w, https:\/\/www.messern.at\/feuerwehr\/wp-content\/uploads\/2023\/01\/DSC_1050-768x512.jpg 768w, https:\/\/www.messern.at\/feuerwehr\/wp-content\/uploads\/2023\/01\/DSC_1050-1536x1024.jpg 1536w, https:\/\/www.messern.at\/feuerwehr\/wp-content\/uploads\/2023\/01\/DSC_1050-2048x1365.jpg 2048w\" sizes=\"(max-width: 2560px) 100vw, 2560px\" \/><\/a><\/figure>\n\n\n\n<figure class=\"wp-block-image size-large\"><a href=\"https:\/\/www.messern.at\/feuerwehr\/wp-content\/uploads\/2023\/01\/DSC_1044-scaled.jpg\"><img loading=\"lazy\" width=\"2560\" height=\"1707\" data-id=\"1449\"  src=\"https:\/\/www.messern.at\/feuerwehr\/wp-content\/uploads\/2023\/01\/DSC_1044-scaled.jpg\" alt=\"\" class=\"wp-image-1449\" srcset=\"https:\/\/www.messern.at\/feuerwehr\/wp-content\/uploads\/2023\/01\/DSC_1044-scaled.jpg 2560w, https:\/\/www.messern.at\/feuerwehr\/wp-content\/uploads\/2023\/01\/DSC_1044-300x200.jpg 300w, https:\/\/www.messern.at\/feuerwehr\/wp-content\/uploads\/2023\/01\/DSC_1044-1024x683.jpg 1024w, https:\/\/www.messern.at\/feuerwehr\/wp-content\/uploads\/2023\/01\/DSC_1044-768x512.jpg 768w, https:\/\/www.messern.at\/feuerwehr\/wp-content\/uploads\/2023\/01\/DSC_1044-1536x1024.jpg 1536w, https:\/\/www.messern.at\/feuerwehr\/wp-content\/uploads\/2023\/01\/DSC_1044-2048x1365.jpg 2048w\" sizes=\"(max-width: 2560px) 100vw, 2560px\" \/><\/a><\/figure>\n\n\n\n<figure class=\"wp-block-image size-large\"><a href=\"https:\/\/www.messern.at\/feuerwehr\/wp-content\/uploads\/2023\/01\/DSC_1035-scaled.jpg\"><img loading=\"lazy\" width=\"2560\" height=\"1707\" data-id=\"1448\"  src=\"https:\/\/www.messern.at\/feuerwehr\/wp-content\/uploads\/2023\/01\/DSC_1035-scaled.jpg\" alt=\"\" class=\"wp-image-1448\" srcset=\"https:\/\/www.messern.at\/feuerwehr\/wp-content\/uploads\/2023\/01\/DSC_1035-scaled.jpg 2560w, https:\/\/www.messern.at\/feuerwehr\/wp-content\/uploads\/2023\/01\/DSC_1035-300x200.jpg 300w, https:\/\/www.messern.at\/feuerwehr\/wp-content\/uploads\/2023\/01\/DSC_1035-1024x683.jpg 1024w, https:\/\/www.messern.at\/feuerwehr\/wp-content\/uploads\/2023\/01\/DSC_1035-768x512.jpg 768w, https:\/\/www.messern.at\/feuerwehr\/wp-content\/uploads\/2023\/01\/DSC_1035-1536x1024.jpg 1536w, https:\/\/www.messern.at\/feuerwehr\/wp-content\/uploads\/2023\/01\/DSC_1035-2048x1365.jpg 2048w\" sizes=\"(max-width: 2560px) 100vw, 2560px\" \/><\/a><\/figure>\n\n\n\n<figure class=\"wp-block-image size-large\"><a href=\"https:\/\/www.messern.at\/feuerwehr\/wp-content\/uploads\/2023\/01\/DSC_1014-scaled.jpg\"><img loading=\"lazy\" width=\"2560\" height=\"1707\" data-id=\"1445\"  src=\"https:\/\/www.messern.at\/feuerwehr\/wp-content\/uploads\/2023\/01\/DSC_1014-scaled.jpg\" alt=\"\" class=\"wp-image-1445\" srcset=\"https:\/\/www.messern.at\/feuerwehr\/wp-content\/uploads\/2023\/01\/DSC_1014-scaled.jpg 2560w, https:\/\/www.messern.at\/feuerwehr\/wp-content\/uploads\/2023\/01\/DSC_1014-300x200.jpg 300w, https:\/\/www.messern.at\/feuerwehr\/wp-content\/uploads\/2023\/01\/DSC_1014-1024x683.jpg 1024w, https:\/\/www.messern.at\/feuerwehr\/wp-content\/uploads\/2023\/01\/DSC_1014-768x512.jpg 768w, https:\/\/www.messern.at\/feuerwehr\/wp-content\/uploads\/2023\/01\/DSC_1014-1536x1024.jpg 1536w, https:\/\/www.messern.at\/feuerwehr\/wp-content\/uploads\/2023\/01\/DSC_1014-2048x1365.jpg 2048w\" sizes=\"(max-width: 2560px) 100vw, 2560px\" \/><\/a><\/figure>\n\n\n\n<figure class=\"wp-block-image size-large\"><a href=\"https:\/\/www.messern.at\/feuerwehr\/wp-content\/uploads\/2023\/01\/DSC_0999-scaled.jpg\"><img loading=\"lazy\" width=\"2560\" height=\"1707\" data-id=\"1444\"  src=\"https:\/\/www.messern.at\/feuerwehr\/wp-content\/uploads\/2023\/01\/DSC_0999-scaled.jpg\" alt=\"\" class=\"wp-image-1444\" srcset=\"https:\/\/www.messern.at\/feuerwehr\/wp-content\/uploads\/2023\/01\/DSC_0999-scaled.jpg 2560w, https:\/\/www.messern.at\/feuerwehr\/wp-content\/uploads\/2023\/01\/DSC_0999-300x200.jpg 300w, https:\/\/www.messern.at\/feuerwehr\/wp-content\/uploads\/2023\/01\/DSC_0999-1024x683.jpg 1024w, https:\/\/www.messern.at\/feuerwehr\/wp-content\/uploads\/2023\/01\/DSC_0999-768x512.jpg 768w, https:\/\/www.messern.at\/feuerwehr\/wp-content\/uploads\/2023\/01\/DSC_0999-1536x1024.jpg 1536w, https:\/\/www.messern.at\/feuerwehr\/wp-content\/uploads\/2023\/01\/DSC_0999-2048x1365.jpg 2048w\" sizes=\"(max-width: 2560px) 100vw, 2560px\" \/><\/a><\/figure>\n\n\n\n<figure class=\"wp-block-image size-large\"><a href=\"https:\/\/www.messern.at\/feuerwehr\/wp-content\/uploads\/2023\/01\/DSC_0998-scaled.jpg\"><img loading=\"lazy\" width=\"2560\" height=\"1707\" data-id=\"1443\"  src=\"https:\/\/www.messern.at\/feuerwehr\/wp-content\/uploads\/2023\/01\/DSC_0998-scaled.jpg\" alt=\"\" class=\"wp-image-1443\" srcset=\"https:\/\/www.messern.at\/feuerwehr\/wp-content\/uploads\/2023\/01\/DSC_0998-scaled.jpg 2560w, https:\/\/www.messern.at\/feuerwehr\/wp-content\/uploads\/2023\/01\/DSC_0998-300x200.jpg 300w, https:\/\/www.messern.at\/feuerwehr\/wp-content\/uploads\/2023\/01\/DSC_0998-1024x683.jpg 1024w, https:\/\/www.messern.at\/feuerwehr\/wp-content\/uploads\/2023\/01\/DSC_0998-768x512.jpg 768w, https:\/\/www.messern.at\/feuerwehr\/wp-content\/uploads\/2023\/01\/DSC_0998-1536x1024.jpg 1536w, https:\/\/www.messern.at\/feuerwehr\/wp-content\/uploads\/2023\/01\/DSC_0998-2048x1365.jpg 2048w\" sizes=\"(max-width: 2560px) 100vw, 2560px\" \/><\/a><\/figure>\n\n\n\n<figure class=\"wp-block-image size-large\"><a href=\"https:\/\/www.messern.at\/feuerwehr\/wp-content\/uploads\/2023\/01\/DSC_0979-scaled.jpg\"><img loading=\"lazy\" width=\"2560\" height=\"1707\" data-id=\"1442\"  src=\"https:\/\/www.messern.at\/feuerwehr\/wp-content\/uploads\/2023\/01\/DSC_0979-scaled.jpg\" alt=\"\" class=\"wp-image-1442\" srcset=\"https:\/\/www.messern.at\/feuerwehr\/wp-content\/uploads\/2023\/01\/DSC_0979-scaled.jpg 2560w, https:\/\/www.messern.at\/feuerwehr\/wp-content\/uploads\/2023\/01\/DSC_0979-300x200.jpg 300w, https:\/\/www.messern.at\/feuerwehr\/wp-content\/uploads\/2023\/01\/DSC_0979-1024x683.jpg 1024w, https:\/\/www.messern.at\/feuerwehr\/wp-content\/uploads\/2023\/01\/DSC_0979-768x512.jpg 768w, https:\/\/www.messern.at\/feuerwehr\/wp-content\/uploads\/2023\/01\/DSC_0979-1536x1024.jpg 1536w, https:\/\/www.messern.at\/feuerwehr\/wp-content\/uploads\/2023\/01\/DSC_0979-2048x1365.jpg 2048w\" sizes=\"(max-width: 2560px) 100vw, 2560px\" \/><\/a><\/figure>\n\n\n\n<figure class=\"wp-block-image size-large\"><a href=\"https:\/\/www.messern.at\/feuerwehr\/wp-content\/uploads\/2023\/01\/DSC_0963-scaled.jpg\"><img loading=\"lazy\" width=\"2560\" height=\"1707\" data-id=\"1441\"  src=\"https:\/\/www.messern.at\/feuerwehr\/wp-content\/uploads\/2023\/01\/DSC_0963-scaled.jpg\" alt=\"\" class=\"wp-image-1441\" srcset=\"https:\/\/www.messern.at\/feuerwehr\/wp-content\/uploads\/2023\/01\/DSC_0963-scaled.jpg 2560w, https:\/\/www.messern.at\/feuerwehr\/wp-content\/uploads\/2023\/01\/DSC_0963-300x200.jpg 300w, https:\/\/www.messern.at\/feuerwehr\/wp-content\/uploads\/2023\/01\/DSC_0963-1024x683.jpg 1024w, https:\/\/www.messern.at\/feuerwehr\/wp-content\/uploads\/2023\/01\/DSC_0963-768x512.jpg 768w, https:\/\/www.messern.at\/feuerwehr\/wp-content\/uploads\/2023\/01\/DSC_0963-1536x1024.jpg 1536w, https:\/\/www.messern.at\/feuerwehr\/wp-content\/uploads\/2023\/01\/DSC_0963-2048x1365.jpg 2048w\" sizes=\"(max-width: 2560px) 100vw, 2560px\" \/><\/a><\/figure>\n<\/figure>\n\n\n\n<p>Bei der Baumf\u00e4llung sowie der anschlie\u00dfenden Entsorgung waren Manuel List, Gerald H\u00f6rndl, Anton List, Manuel Weinberger (vorne von links) sowie Konrad Spitaler, Thomas Katzenschlager, Robert Kaindl, Willibald Gall sowie Helmut Grecher (hinten von links) flei\u00dfig im Einsatz.<\/p>\n","protected":false},"excerpt":{"rendered":"<p>Ein gro\u00dfes Projekt, das im Jahr 2023 in Messern ansteht, ist die Neugestaltung der Allee, einem mit Kastanienb\u00e4umen ges\u00e4umten Fu\u00dfg\u00e4ngerweg. Nach der Planungsphase im Jahr 2022 wurden Anfang J\u00e4nner nun alle desolaten Kastanienb\u00e4ume durch Ortsbewohner gef\u00e4llt und aufgearbeitet. Diese zwei Tage dauernden Arbeiten erfolgten unentgeltlich und mit eigenen Ger\u00e4tschaften. In weiterer Folge werden nun die [&hellip;]<\/p>\n","protected":false},"author":3,"featured_media":0,"comment_status":"closed","ping_status":"closed","sticky":false,"template":"","format":"standard","meta":[],"categories":[10],"tags":[],"acf":[],"_links":{"self":[{"href":"https:\/\/www.messern.at\/feuerwehr\/wp-json\/wp\/v2\/posts\/1451"}],"collection":[{"href":"https:\/\/www.messern.at\/feuerwehr\/wp-json\/wp\/v2\/posts"}],"about":[{"href":"https:\/\/www.messern.at\/feuerwehr\/wp-json\/wp\/v2\/types\/post"}],"author":[{"embeddable":true,"href":"https:\/\/www.messern.at\/feuerwehr\/wp-json\/wp\/v2\/users\/3"}],"replies":[{"embeddable":true,"href":"https:\/\/www.messern.at\/feuerwehr\/wp-json\/wp\/v2\/comments?post=1451"}],"version-history":[{"count":1,"href":"https:\/\/www.messern.at\/feuerwehr\/wp-json\/wp\/v2\/posts\/1451\/revisions"}],"predecessor-version":[{"id":1452,"href":"https:\/\/www.messern.at\/feuerwehr\/wp-json\/wp\/v2\/posts\/1451\/revisions\/1452"}],"wp:attachment":[{"href":"https:\/\/www.messern.at\/feuerwehr\/wp-json\/wp\/v2\/media?parent=1451"}],"wp:term":[{"taxonomy":"category","embeddable":true,"href":"https:\/\/www.messern.at\/feuerwehr\/wp-json\/wp\/v2\/categories?post=1451"},{"taxonomy":"post_tag","embeddable":true,"href":"https:\/\/www.messern.at\/feuerwehr\/wp-json\/wp\/v2\/tags?post=1451"}],"curies":[{"name":"wp","href":"https:\/\/api.w.org\/{rel}","templated":true}]}}