{"id":1389,"date":"2022-11-08T20:46:50","date_gmt":"2022-11-08T19:46:50","guid":{"rendered":"https:\/\/www.messern.at\/feuerwehr\/?p=1389"},"modified":"2022-11-08T20:46:52","modified_gmt":"2022-11-08T19:46:52","slug":"bericht-fahrzeugsegnung-und-kirtag-in-messern","status":"publish","type":"post","link":"https:\/\/www.messern.at\/feuerwehr\/allgemein\/bericht-fahrzeugsegnung-und-kirtag-in-messern\/","title":{"rendered":"Bericht: Fahrzeugsegnung und Kirtag in Messern"},"content":{"rendered":"\n<p>Am 6. August 2022 wurde das neue Mannschaftstransportfahrzeug der FF Messern feierlich seiner Bestimmung \u00fcbergeben und nach der Feldmesse von Pfarrer Sebastian Kreit gesegnet. Das neue Fahrzeug der Marke Ford mit Allradantrieb ersetzt das 43 Jahre alte KLF. Seitens der Feuerwehr war an oberster Spitze Bezirkskommandant Christian Angerer vertreten, seitens der Politik konnten die Landtagsabgeordneten Ing. Franz Linsbauer sowie Josef Wiesinger und nat\u00fcrlich B\u00fcrgermeister Hermann Gruber begr\u00fc\u00dft werden. Die Fahrzeugpatenschaft \u00fcbernahmen die beiden Damen Claudia Lausch und Manuela Ringl. F\u00fcr die musikalische Gestaltung der Hl. Messe zeichnete sich der Kirchenchor Messern verantwortlich, die Fahrzeugsegnung sowie den D\u00e4mmerschoppen gestalteten die Dobersberger B\u00f6hmischen. Die FF Messern bedankt sich an dieser Stelle bei allen, die beim Ankauf bzw. der Finanzierung des neuen Fahrzeuges beteiligt waren: Der Marktgemeinde Irnfritz-Messern, dem B\u00fcrgermeister mit den Gemeinder\u00e4ten, beim Land N\u00d6 sowie der Ortsbev\u00f6lkerung von Messern, Dorna, Sitzendorf und Grub. Im Zuge dieses Festaktes war es dem Messerner Kommandanten Kevin Schmid-Metz mit seinem Stellvertreter Gerald Kaindl sowie dem Verwalter J\u00fcrgen Lausch eine besondere Freude zwei langj\u00e4hrige Mitgliedern Ehrungen zu \u00fcberreichen: Klaus Ringl wurde f\u00fcr seine T\u00e4tigkeiten (er war 20 Jahre Kommandant der FF Messern) zum Ehrenkommandanten ernannt. Otto Fischer (er war 30 Jahre Kommandant-Stv der FF Messern sowie 20 Jahre Unterabschnittskommandant) wurde zum Ehrenunterabschnittskommandant ernannt. Am Sonntag luden die Mitglieder der FF Messern zum traditionellen Kirtag mit Mittagstisch, der von der Kapelle Johandl musikalisch gestaltet wurde. An dieser Stelle bedankt sich die FF Messern bei allen Helfern f\u00fcr ihren Einsatz bei der Abhaltung des Festes und f\u00fcr die Beschaffung der n\u00f6tigen finanziellen Eigenmittel der Feuerwehr sowie bei allen G\u00e4sten f\u00fcr ihren Besuch.<\/p>\n\n\n\n<figure class=\"wp-block-gallery has-nested-images columns-default is-cropped\">\n<figure class=\"wp-block-image size-large\"><a href=\"https:\/\/www.messern.at\/feuerwehr\/wp-content\/uploads\/2022\/11\/DSC_9439-scaled.jpg\"><img loading=\"lazy\" width=\"1024\" height=\"683\" data-id=\"1394\"  src=\"https:\/\/www.messern.at\/feuerwehr\/wp-content\/uploads\/2022\/11\/DSC_9439-1024x683.jpg\" alt=\"\" class=\"wp-image-1394\" srcset=\"https:\/\/www.messern.at\/feuerwehr\/wp-content\/uploads\/2022\/11\/DSC_9439-1024x683.jpg 1024w, https:\/\/www.messern.at\/feuerwehr\/wp-content\/uploads\/2022\/11\/DSC_9439-300x200.jpg 300w, https:\/\/www.messern.at\/feuerwehr\/wp-content\/uploads\/2022\/11\/DSC_9439-768x512.jpg 768w, https:\/\/www.messern.at\/feuerwehr\/wp-content\/uploads\/2022\/11\/DSC_9439-1536x1024.jpg 1536w, https:\/\/www.messern.at\/feuerwehr\/wp-content\/uploads\/2022\/11\/DSC_9439-2048x1365.jpg 2048w\" sizes=\"(max-width: 1024px) 100vw, 1024px\" \/><\/a><\/figure>\n\n\n\n<figure class=\"wp-block-image size-large\"><a href=\"https:\/\/www.messern.at\/feuerwehr\/wp-content\/uploads\/2022\/11\/DSC_9444-scaled.jpg\"><img loading=\"lazy\" width=\"1024\" height=\"683\" data-id=\"1397\"  src=\"https:\/\/www.messern.at\/feuerwehr\/wp-content\/uploads\/2022\/11\/DSC_9444-1024x683.jpg\" alt=\"\" class=\"wp-image-1397\" srcset=\"https:\/\/www.messern.at\/feuerwehr\/wp-content\/uploads\/2022\/11\/DSC_9444-1024x683.jpg 1024w, https:\/\/www.messern.at\/feuerwehr\/wp-content\/uploads\/2022\/11\/DSC_9444-300x200.jpg 300w, https:\/\/www.messern.at\/feuerwehr\/wp-content\/uploads\/2022\/11\/DSC_9444-768x512.jpg 768w, https:\/\/www.messern.at\/feuerwehr\/wp-content\/uploads\/2022\/11\/DSC_9444-1536x1024.jpg 1536w, https:\/\/www.messern.at\/feuerwehr\/wp-content\/uploads\/2022\/11\/DSC_9444-2048x1365.jpg 2048w\" sizes=\"(max-width: 1024px) 100vw, 1024px\" \/><\/a><\/figure>\n\n\n\n<figure class=\"wp-block-image size-large\"><a href=\"https:\/\/www.messern.at\/feuerwehr\/wp-content\/uploads\/2022\/11\/DSC_9491-scaled.jpg\"><img loading=\"lazy\" width=\"1024\" height=\"683\" data-id=\"1393\"  src=\"https:\/\/www.messern.at\/feuerwehr\/wp-content\/uploads\/2022\/11\/DSC_9491-1024x683.jpg\" alt=\"\" class=\"wp-image-1393\" srcset=\"https:\/\/www.messern.at\/feuerwehr\/wp-content\/uploads\/2022\/11\/DSC_9491-1024x683.jpg 1024w, https:\/\/www.messern.at\/feuerwehr\/wp-content\/uploads\/2022\/11\/DSC_9491-300x200.jpg 300w, https:\/\/www.messern.at\/feuerwehr\/wp-content\/uploads\/2022\/11\/DSC_9491-768x512.jpg 768w, https:\/\/www.messern.at\/feuerwehr\/wp-content\/uploads\/2022\/11\/DSC_9491-1536x1024.jpg 1536w, https:\/\/www.messern.at\/feuerwehr\/wp-content\/uploads\/2022\/11\/DSC_9491-2048x1365.jpg 2048w\" sizes=\"(max-width: 1024px) 100vw, 1024px\" \/><\/a><\/figure>\n\n\n\n<figure class=\"wp-block-image size-large\"><a href=\"https:\/\/www.messern.at\/feuerwehr\/wp-content\/uploads\/2022\/11\/DSC_9533-scaled.jpg\"><img loading=\"lazy\" width=\"1024\" height=\"683\" data-id=\"1392\"  src=\"https:\/\/www.messern.at\/feuerwehr\/wp-content\/uploads\/2022\/11\/DSC_9533-1024x683.jpg\" alt=\"\" class=\"wp-image-1392\" srcset=\"https:\/\/www.messern.at\/feuerwehr\/wp-content\/uploads\/2022\/11\/DSC_9533-1024x683.jpg 1024w, https:\/\/www.messern.at\/feuerwehr\/wp-content\/uploads\/2022\/11\/DSC_9533-300x200.jpg 300w, https:\/\/www.messern.at\/feuerwehr\/wp-content\/uploads\/2022\/11\/DSC_9533-768x512.jpg 768w, https:\/\/www.messern.at\/feuerwehr\/wp-content\/uploads\/2022\/11\/DSC_9533-1536x1024.jpg 1536w, https:\/\/www.messern.at\/feuerwehr\/wp-content\/uploads\/2022\/11\/DSC_9533-2048x1365.jpg 2048w\" sizes=\"(max-width: 1024px) 100vw, 1024px\" \/><\/a><\/figure>\n\n\n\n<figure class=\"wp-block-image size-large\"><a href=\"https:\/\/www.messern.at\/feuerwehr\/wp-content\/uploads\/2022\/11\/DSC_9595-scaled.jpg\"><img loading=\"lazy\" width=\"1024\" height=\"683\" data-id=\"1396\"  src=\"https:\/\/www.messern.at\/feuerwehr\/wp-content\/uploads\/2022\/11\/DSC_9595-1024x683.jpg\" alt=\"\" class=\"wp-image-1396\" srcset=\"https:\/\/www.messern.at\/feuerwehr\/wp-content\/uploads\/2022\/11\/DSC_9595-1024x683.jpg 1024w, https:\/\/www.messern.at\/feuerwehr\/wp-content\/uploads\/2022\/11\/DSC_9595-300x200.jpg 300w, https:\/\/www.messern.at\/feuerwehr\/wp-content\/uploads\/2022\/11\/DSC_9595-768x512.jpg 768w, https:\/\/www.messern.at\/feuerwehr\/wp-content\/uploads\/2022\/11\/DSC_9595-1536x1024.jpg 1536w, https:\/\/www.messern.at\/feuerwehr\/wp-content\/uploads\/2022\/11\/DSC_9595-2048x1365.jpg 2048w\" sizes=\"(max-width: 1024px) 100vw, 1024px\" \/><\/a><\/figure>\n\n\n\n<figure class=\"wp-block-image size-large\"><a href=\"https:\/\/www.messern.at\/feuerwehr\/wp-content\/uploads\/2022\/11\/DSC_9608-scaled.jpg\"><img loading=\"lazy\" width=\"1024\" height=\"683\" data-id=\"1390\"  src=\"https:\/\/www.messern.at\/feuerwehr\/wp-content\/uploads\/2022\/11\/DSC_9608-1024x683.jpg\" alt=\"\" class=\"wp-image-1390\" srcset=\"https:\/\/www.messern.at\/feuerwehr\/wp-content\/uploads\/2022\/11\/DSC_9608-1024x683.jpg 1024w, https:\/\/www.messern.at\/feuerwehr\/wp-content\/uploads\/2022\/11\/DSC_9608-300x200.jpg 300w, https:\/\/www.messern.at\/feuerwehr\/wp-content\/uploads\/2022\/11\/DSC_9608-768x512.jpg 768w, https:\/\/www.messern.at\/feuerwehr\/wp-content\/uploads\/2022\/11\/DSC_9608-1536x1024.jpg 1536w, https:\/\/www.messern.at\/feuerwehr\/wp-content\/uploads\/2022\/11\/DSC_9608-2048x1365.jpg 2048w\" sizes=\"(max-width: 1024px) 100vw, 1024px\" \/><\/a><\/figure>\n\n\n\n<figure class=\"wp-block-image size-large\"><a href=\"https:\/\/www.messern.at\/feuerwehr\/wp-content\/uploads\/2022\/11\/DSC_9610-scaled.jpg\"><img loading=\"lazy\" width=\"1024\" height=\"683\" data-id=\"1391\"  src=\"https:\/\/www.messern.at\/feuerwehr\/wp-content\/uploads\/2022\/11\/DSC_9610-1024x683.jpg\" alt=\"\" class=\"wp-image-1391\" srcset=\"https:\/\/www.messern.at\/feuerwehr\/wp-content\/uploads\/2022\/11\/DSC_9610-1024x683.jpg 1024w, https:\/\/www.messern.at\/feuerwehr\/wp-content\/uploads\/2022\/11\/DSC_9610-300x200.jpg 300w, https:\/\/www.messern.at\/feuerwehr\/wp-content\/uploads\/2022\/11\/DSC_9610-768x512.jpg 768w, https:\/\/www.messern.at\/feuerwehr\/wp-content\/uploads\/2022\/11\/DSC_9610-1536x1024.jpg 1536w, https:\/\/www.messern.at\/feuerwehr\/wp-content\/uploads\/2022\/11\/DSC_9610-2048x1365.jpg 2048w\" sizes=\"(max-width: 1024px) 100vw, 1024px\" \/><\/a><\/figure>\n\n\n\n<figure class=\"wp-block-image size-large\"><a href=\"https:\/\/www.messern.at\/feuerwehr\/wp-content\/uploads\/2022\/11\/DSC_9436-scaled.jpg\"><img loading=\"lazy\" width=\"1024\" height=\"683\" data-id=\"1395\"  src=\"https:\/\/www.messern.at\/feuerwehr\/wp-content\/uploads\/2022\/11\/DSC_9436-1024x683.jpg\" alt=\"\" class=\"wp-image-1395\" srcset=\"https:\/\/www.messern.at\/feuerwehr\/wp-content\/uploads\/2022\/11\/DSC_9436-1024x683.jpg 1024w, https:\/\/www.messern.at\/feuerwehr\/wp-content\/uploads\/2022\/11\/DSC_9436-300x200.jpg 300w, https:\/\/www.messern.at\/feuerwehr\/wp-content\/uploads\/2022\/11\/DSC_9436-768x512.jpg 768w, https:\/\/www.messern.at\/feuerwehr\/wp-content\/uploads\/2022\/11\/DSC_9436-1536x1024.jpg 1536w, https:\/\/www.messern.at\/feuerwehr\/wp-content\/uploads\/2022\/11\/DSC_9436-2048x1365.jpg 2048w\" sizes=\"(max-width: 1024px) 100vw, 1024px\" \/><\/a><\/figure>\n<\/figure>\n\n\n\n<p><\/p>\n","protected":false},"excerpt":{"rendered":"<p>Am 6. August 2022 wurde das neue Mannschaftstransportfahrzeug der FF Messern feierlich seiner Bestimmung \u00fcbergeben und nach der Feldmesse von Pfarrer Sebastian Kreit gesegnet. Das neue Fahrzeug der Marke Ford mit Allradantrieb ersetzt das 43 Jahre alte KLF. Seitens der Feuerwehr war an oberster Spitze Bezirkskommandant Christian Angerer vertreten, seitens der Politik konnten die Landtagsabgeordneten [&hellip;]<\/p>\n","protected":false},"author":3,"featured_media":0,"comment_status":"closed","ping_status":"closed","sticky":false,"template":"","format":"standard","meta":[],"categories":[10],"tags":[],"acf":[],"_links":{"self":[{"href":"https:\/\/www.messern.at\/feuerwehr\/wp-json\/wp\/v2\/posts\/1389"}],"collection":[{"href":"https:\/\/www.messern.at\/feuerwehr\/wp-json\/wp\/v2\/posts"}],"about":[{"href":"https:\/\/www.messern.at\/feuerwehr\/wp-json\/wp\/v2\/types\/post"}],"author":[{"embeddable":true,"href":"https:\/\/www.messern.at\/feuerwehr\/wp-json\/wp\/v2\/users\/3"}],"replies":[{"embeddable":true,"href":"https:\/\/www.messern.at\/feuerwehr\/wp-json\/wp\/v2\/comments?post=1389"}],"version-history":[{"count":1,"href":"https:\/\/www.messern.at\/feuerwehr\/wp-json\/wp\/v2\/posts\/1389\/revisions"}],"predecessor-version":[{"id":1398,"href":"https:\/\/www.messern.at\/feuerwehr\/wp-json\/wp\/v2\/posts\/1389\/revisions\/1398"}],"wp:attachment":[{"href":"https:\/\/www.messern.at\/feuerwehr\/wp-json\/wp\/v2\/media?parent=1389"}],"wp:term":[{"taxonomy":"category","embeddable":true,"href":"https:\/\/www.messern.at\/feuerwehr\/wp-json\/wp\/v2\/categories?post=1389"},{"taxonomy":"post_tag","embeddable":true,"href":"https:\/\/www.messern.at\/feuerwehr\/wp-json\/wp\/v2\/tags?post=1389"}],"curies":[{"name":"wp","href":"https:\/\/api.w.org\/{rel}","templated":true}]}}