{"id":1347,"date":"2022-06-30T12:52:55","date_gmt":"2022-06-30T10:52:55","guid":{"rendered":"https:\/\/www.messern.at\/feuerwehr\/?p=1347"},"modified":"2022-06-30T12:53:01","modified_gmt":"2022-06-30T10:53:01","slug":"abschnittsfeuerwehrtag-in-wappoltenreith","status":"publish","type":"post","link":"https:\/\/www.messern.at\/feuerwehr\/allgemein\/abschnittsfeuerwehrtag-in-wappoltenreith\/","title":{"rendered":"Abschnittsfeuerwehrtag in Wappoltenreith"},"content":{"rendered":"\n<p>Am 11. Juni 2022 fand der lang ersehne Abschnittsfeuerwehrtag des Feuerwehrabschnittes Horn in Wappoltenreith statt. Urspr\u00fcnglich w\u00e4re diese Veranstaltung schon im Jahr 2020 in Wappoltenreith geplant gewesen, aber wie bekannt kam ja dann Corona und hat s\u00e4mtliche Pl\u00e4ne zunichte gemacht\u2026 Nichts desto trotz konnte nun aber heuer bei herrlichem Wetter und bei der wundersch\u00f6nen Kulisse in Wappoltenreith bei der Kapelle gefeiert werden &#8211; und das \u201eso wie damals\u201c\u2026<\/p>\n\n\n\n<p>Feuerwehrleute und Funktion\u00e4re aus allen 28 Feuerwehren des Abschnittes Horn, Vertreter der Politik, G\u00e4ste, die Musikkapelle Irnfritz und noch viele Weitere waren gekommen um diesen Tag zu etwas ganz Besonderem werden zu lassen.<\/p>\n\n\n\n<p>Allen voran Abschnittsfeuerwehrkommandant Ing. Klaus Ringl mit seinem Stellvertreter Christian Frank und dem \u201eHausherren\u201c Kommandant Reinhard Gruber aus Wappoltenreith war es eine Freude so viele Ehrungen zu \u00fcberreichen.<\/p>\n\n\n\n<p>Hier eine Auflistung \u00fcber die Ehrungen von Feuerwehrmitgliedern unserer Feuerwehr:<\/p>\n\n\n\n<p><strong>Ehrenzeichen des Landes N\u00d6 f\u00fcr <u>50-j\u00e4hrige<\/u> verdienstvolle T\u00e4tigkeit auf dem Gebiete des Feuerwehr- und Rettungswesens<\/strong><\/p>\n\n\n\n<p>Alois Heilig<\/p>\n\n\n\n<p>Franz Herzog<\/p>\n\n\n\n<p><strong>Ehrenzeichen des Landes N\u00d6 f\u00fcr <u>40-j\u00e4hrige<\/u> verdienstvolle T\u00e4tigkeit auf dem Gebiete des Feuerwehr- und Rettungswesens<\/strong><\/p>\n\n\n\n<p>Gottfried Fally<\/p>\n\n\n\n<p>Erwin Lausch<\/p>\n\n\n\n<p>Erwin Siegl<\/p>\n\n\n\n<p><strong>Verdienstzeichen <u>3. Klasse in Bronze <\/u>des Nieder\u00f6sterreichischen Landesfeuerwehrverbandes<\/strong><\/p>\n\n\n\n<p>Anton List<\/p>\n\n\n\n<figure class=\"wp-block-gallery has-nested-images columns-default is-cropped\">\n<figure class=\"wp-block-image size-large\"><a href=\"https:\/\/www.messern.at\/feuerwehr\/wp-content\/uploads\/2022\/06\/1.jpg\"><img loading=\"lazy\" width=\"1024\" height=\"680\" data-id=\"1348\"  src=\"https:\/\/www.messern.at\/feuerwehr\/wp-content\/uploads\/2022\/06\/1-1024x680.jpg\" alt=\"\" class=\"wp-image-1348\" srcset=\"https:\/\/www.messern.at\/feuerwehr\/wp-content\/uploads\/2022\/06\/1-1024x680.jpg 1024w, https:\/\/www.messern.at\/feuerwehr\/wp-content\/uploads\/2022\/06\/1-300x199.jpg 300w, https:\/\/www.messern.at\/feuerwehr\/wp-content\/uploads\/2022\/06\/1-768x510.jpg 768w, https:\/\/www.messern.at\/feuerwehr\/wp-content\/uploads\/2022\/06\/1.jpg 1280w\" sizes=\"(max-width: 1024px) 100vw, 1024px\" \/><\/a><\/figure>\n\n\n\n<figure class=\"wp-block-image size-large\"><a href=\"https:\/\/www.messern.at\/feuerwehr\/wp-content\/uploads\/2022\/06\/2.jpg\"><img loading=\"lazy\" width=\"680\" height=\"1024\" data-id=\"1349\"  src=\"https:\/\/www.messern.at\/feuerwehr\/wp-content\/uploads\/2022\/06\/2-680x1024.jpg\" alt=\"\" class=\"wp-image-1349\" srcset=\"https:\/\/www.messern.at\/feuerwehr\/wp-content\/uploads\/2022\/06\/2-680x1024.jpg 680w, https:\/\/www.messern.at\/feuerwehr\/wp-content\/uploads\/2022\/06\/2-199x300.jpg 199w, https:\/\/www.messern.at\/feuerwehr\/wp-content\/uploads\/2022\/06\/2-768x1157.jpg 768w, https:\/\/www.messern.at\/feuerwehr\/wp-content\/uploads\/2022\/06\/2.jpg 850w\" sizes=\"(max-width: 680px) 100vw, 680px\" \/><\/a><\/figure>\n\n\n\n<figure class=\"wp-block-image size-large\"><a href=\"https:\/\/www.messern.at\/feuerwehr\/wp-content\/uploads\/2022\/06\/3.jpg\"><img loading=\"lazy\" width=\"1024\" height=\"680\" data-id=\"1350\"  src=\"https:\/\/www.messern.at\/feuerwehr\/wp-content\/uploads\/2022\/06\/3-1024x680.jpg\" alt=\"\" class=\"wp-image-1350\" srcset=\"https:\/\/www.messern.at\/feuerwehr\/wp-content\/uploads\/2022\/06\/3-1024x680.jpg 1024w, https:\/\/www.messern.at\/feuerwehr\/wp-content\/uploads\/2022\/06\/3-300x199.jpg 300w, https:\/\/www.messern.at\/feuerwehr\/wp-content\/uploads\/2022\/06\/3-768x510.jpg 768w, https:\/\/www.messern.at\/feuerwehr\/wp-content\/uploads\/2022\/06\/3.jpg 1280w\" sizes=\"(max-width: 1024px) 100vw, 1024px\" \/><\/a><\/figure>\n\n\n\n<figure class=\"wp-block-image size-large\"><a href=\"https:\/\/www.messern.at\/feuerwehr\/wp-content\/uploads\/2022\/06\/4.jpg\"><img loading=\"lazy\" width=\"1024\" height=\"680\" data-id=\"1351\"  src=\"https:\/\/www.messern.at\/feuerwehr\/wp-content\/uploads\/2022\/06\/4-1024x680.jpg\" alt=\"\" class=\"wp-image-1351\" srcset=\"https:\/\/www.messern.at\/feuerwehr\/wp-content\/uploads\/2022\/06\/4-1024x680.jpg 1024w, https:\/\/www.messern.at\/feuerwehr\/wp-content\/uploads\/2022\/06\/4-300x199.jpg 300w, https:\/\/www.messern.at\/feuerwehr\/wp-content\/uploads\/2022\/06\/4-768x510.jpg 768w, https:\/\/www.messern.at\/feuerwehr\/wp-content\/uploads\/2022\/06\/4.jpg 1280w\" sizes=\"(max-width: 1024px) 100vw, 1024px\" \/><\/a><\/figure>\n\n\n\n<figure class=\"wp-block-image size-large\"><a href=\"https:\/\/www.messern.at\/feuerwehr\/wp-content\/uploads\/2022\/06\/5.jpg\"><img loading=\"lazy\" width=\"1024\" height=\"680\" data-id=\"1352\"  src=\"https:\/\/www.messern.at\/feuerwehr\/wp-content\/uploads\/2022\/06\/5-1024x680.jpg\" alt=\"\" class=\"wp-image-1352\" srcset=\"https:\/\/www.messern.at\/feuerwehr\/wp-content\/uploads\/2022\/06\/5-1024x680.jpg 1024w, https:\/\/www.messern.at\/feuerwehr\/wp-content\/uploads\/2022\/06\/5-300x199.jpg 300w, https:\/\/www.messern.at\/feuerwehr\/wp-content\/uploads\/2022\/06\/5-768x510.jpg 768w, https:\/\/www.messern.at\/feuerwehr\/wp-content\/uploads\/2022\/06\/5.jpg 1280w\" sizes=\"(max-width: 1024px) 100vw, 1024px\" \/><\/a><\/figure>\n<\/figure>\n","protected":false},"excerpt":{"rendered":"<p>Am 11. Juni 2022 fand der lang ersehne Abschnittsfeuerwehrtag des Feuerwehrabschnittes Horn in Wappoltenreith statt. Urspr\u00fcnglich w\u00e4re diese Veranstaltung schon im Jahr 2020 in Wappoltenreith geplant gewesen, aber wie bekannt kam ja dann Corona und hat s\u00e4mtliche Pl\u00e4ne zunichte gemacht\u2026 Nichts desto trotz konnte nun aber heuer bei herrlichem Wetter und bei der wundersch\u00f6nen Kulisse [&hellip;]<\/p>\n","protected":false},"author":5,"featured_media":1352,"comment_status":"closed","ping_status":"closed","sticky":false,"template":"","format":"standard","meta":[],"categories":[10],"tags":[],"acf":[],"_links":{"self":[{"href":"https:\/\/www.messern.at\/feuerwehr\/wp-json\/wp\/v2\/posts\/1347"}],"collection":[{"href":"https:\/\/www.messern.at\/feuerwehr\/wp-json\/wp\/v2\/posts"}],"about":[{"href":"https:\/\/www.messern.at\/feuerwehr\/wp-json\/wp\/v2\/types\/post"}],"author":[{"embeddable":true,"href":"https:\/\/www.messern.at\/feuerwehr\/wp-json\/wp\/v2\/users\/5"}],"replies":[{"embeddable":true,"href":"https:\/\/www.messern.at\/feuerwehr\/wp-json\/wp\/v2\/comments?post=1347"}],"version-history":[{"count":1,"href":"https:\/\/www.messern.at\/feuerwehr\/wp-json\/wp\/v2\/posts\/1347\/revisions"}],"predecessor-version":[{"id":1353,"href":"https:\/\/www.messern.at\/feuerwehr\/wp-json\/wp\/v2\/posts\/1347\/revisions\/1353"}],"wp:featuredmedia":[{"embeddable":true,"href":"https:\/\/www.messern.at\/feuerwehr\/wp-json\/wp\/v2\/media\/1352"}],"wp:attachment":[{"href":"https:\/\/www.messern.at\/feuerwehr\/wp-json\/wp\/v2\/media?parent=1347"}],"wp:term":[{"taxonomy":"category","embeddable":true,"href":"https:\/\/www.messern.at\/feuerwehr\/wp-json\/wp\/v2\/categories?post=1347"},{"taxonomy":"post_tag","embeddable":true,"href":"https:\/\/www.messern.at\/feuerwehr\/wp-json\/wp\/v2\/tags?post=1347"}],"curies":[{"name":"wp","href":"https:\/\/api.w.org\/{rel}","templated":true}]}}