{"id":1338,"date":"2022-04-18T17:25:06","date_gmt":"2022-04-18T15:25:06","guid":{"rendered":"https:\/\/www.messern.at\/feuerwehr\/?p=1338"},"modified":"2022-04-28T21:07:20","modified_gmt":"2022-04-28T19:07:20","slug":"mitgliederversammlung-2022","status":"publish","type":"post","link":"https:\/\/www.messern.at\/feuerwehr\/allgemein\/mitgliederversammlung-2022\/","title":{"rendered":"Mitgliederversammlung 2022"},"content":{"rendered":"\n<p>Nachdem wir im Jahr 2021 bei den Feuerwehrwahlen terminlich gebunden waren, entschieden wir uns in diesem Jahr dazu, Corona bedingt die Mitgliederversammlung nicht wie sonst \u00fcblich im J\u00e4nner, sondern erst im April abzuhalten.<\/p>\n\n\n\n<p>Zu Beginn wurde eine kurze Gedenkminute f\u00fcr unsere verstorbenen Mitglieder abgehalten. Im Anschluss folgten die Berichte des Verwalters J\u00fcrgen Lausch, der verschiedenen Chargen sowie des Kommandanten Kevin Schmid-Metz. Einer der wichtigsten Punkte, der von ihm angesprochen wurde, war der bevorstehende notwendige Ankauf von neuer Einsatzbekleidung.<\/p>\n\n\n\n<p>B\u00fcrgermeister Hermann Gruber folgte nat\u00fcrlich ebenfalls wieder gerne der Einladung zur Versammlung. Eine besondere \u00dcberraschung konnte er unserem ehemaligen Kommandanten Ing. Klaus Ringl bereiten: Er erhielt die \u201eAuszeichnung f\u00fcr den besten Freiwilligen\u201c. Diese Auszeichnung gibt es seit einigen Jahren wo sich Gemeinden bei Freiwilligen bedanken k\u00f6nnen, die sich besonders f\u00fcr die Allgemeinheit engagieren. Vor allem der gro\u00dfe Einsatz von Klaus beim Feuerwehrhausbau und beim Pfarrgemeinderat war der Grund, warum diesmal an ihn diese Auszeichnung \u00fcberreicht wurde. Nach einer kulinarischen St\u00e4rkung \u2013 wir bedanken uns an dieser Stelle sehr herzlich bei unserem Kommandanten Kevin Schmid-Metz f\u00fcr die Kosten\u00fcbernahme \u2013 gab es noch einen ganz besonderen Programmpunkt: Ein von J\u00fcrgen Lausch zusammengeschnittenes und sehr interessantes Video \u00fcber den Feuerwehr- und Gemeinschaftshausbau wurde pr\u00e4sentiert. Vor genau 5 Jahren war der Start dieses gro\u00dfen Projektes und so konnten wir wieder viele interessante Eindr\u00fccke von allen Bauphasen Revue passieren lassen.<\/p>\n\n\n\n<figure class=\"wp-block-image size-large\"><a href=\"https:\/\/www.messern.at\/feuerwehr\/wp-content\/uploads\/2022\/04\/DSC_8759-scaled.jpg\"><img loading=\"lazy\" width=\"1024\" height=\"683\" src=\"https:\/\/www.messern.at\/feuerwehr\/wp-content\/uploads\/2022\/04\/DSC_8759-1024x683.jpg\" alt=\"\" class=\"wp-image-1339\" srcset=\"https:\/\/www.messern.at\/feuerwehr\/wp-content\/uploads\/2022\/04\/DSC_8759-1024x683.jpg 1024w, https:\/\/www.messern.at\/feuerwehr\/wp-content\/uploads\/2022\/04\/DSC_8759-300x200.jpg 300w, https:\/\/www.messern.at\/feuerwehr\/wp-content\/uploads\/2022\/04\/DSC_8759-768x512.jpg 768w, https:\/\/www.messern.at\/feuerwehr\/wp-content\/uploads\/2022\/04\/DSC_8759-1536x1024.jpg 1536w, https:\/\/www.messern.at\/feuerwehr\/wp-content\/uploads\/2022\/04\/DSC_8759-2048x1365.jpg 2048w\" sizes=\"(max-width: 1024px) 100vw, 1024px\" \/><\/a><\/figure>\n\n\n\n<figure class=\"wp-block-image size-large\"><a href=\"https:\/\/www.messern.at\/feuerwehr\/wp-content\/uploads\/2022\/04\/DSC_8737-scaled.jpg\"><img loading=\"lazy\" width=\"1024\" height=\"683\" src=\"https:\/\/www.messern.at\/feuerwehr\/wp-content\/uploads\/2022\/04\/DSC_8737-1024x683.jpg\" alt=\"\" class=\"wp-image-1340\" srcset=\"https:\/\/www.messern.at\/feuerwehr\/wp-content\/uploads\/2022\/04\/DSC_8737-1024x683.jpg 1024w, https:\/\/www.messern.at\/feuerwehr\/wp-content\/uploads\/2022\/04\/DSC_8737-300x200.jpg 300w, https:\/\/www.messern.at\/feuerwehr\/wp-content\/uploads\/2022\/04\/DSC_8737-768x512.jpg 768w, https:\/\/www.messern.at\/feuerwehr\/wp-content\/uploads\/2022\/04\/DSC_8737-1536x1024.jpg 1536w, https:\/\/www.messern.at\/feuerwehr\/wp-content\/uploads\/2022\/04\/DSC_8737-2048x1365.jpg 2048w\" sizes=\"(max-width: 1024px) 100vw, 1024px\" \/><\/a><\/figure>\n\n\n\n<figure class=\"wp-block-image size-large\"><a href=\"https:\/\/www.messern.at\/feuerwehr\/wp-content\/uploads\/2022\/04\/DSC_8744-scaled.jpg\"><img loading=\"lazy\" width=\"1024\" height=\"683\" src=\"https:\/\/www.messern.at\/feuerwehr\/wp-content\/uploads\/2022\/04\/DSC_8744-1024x683.jpg\" alt=\"\" class=\"wp-image-1341\" srcset=\"https:\/\/www.messern.at\/feuerwehr\/wp-content\/uploads\/2022\/04\/DSC_8744-1024x683.jpg 1024w, https:\/\/www.messern.at\/feuerwehr\/wp-content\/uploads\/2022\/04\/DSC_8744-300x200.jpg 300w, https:\/\/www.messern.at\/feuerwehr\/wp-content\/uploads\/2022\/04\/DSC_8744-768x512.jpg 768w, https:\/\/www.messern.at\/feuerwehr\/wp-content\/uploads\/2022\/04\/DSC_8744-1536x1024.jpg 1536w, https:\/\/www.messern.at\/feuerwehr\/wp-content\/uploads\/2022\/04\/DSC_8744-2048x1365.jpg 2048w\" sizes=\"(max-width: 1024px) 100vw, 1024px\" \/><\/a><\/figure>\n","protected":false},"excerpt":{"rendered":"<p>Nachdem wir im Jahr 2021 bei den Feuerwehrwahlen terminlich gebunden waren, entschieden wir uns in diesem Jahr dazu, Corona bedingt die Mitgliederversammlung nicht wie sonst \u00fcblich im J\u00e4nner, sondern erst im April abzuhalten. Zu Beginn wurde eine kurze Gedenkminute f\u00fcr unsere verstorbenen Mitglieder abgehalten. Im Anschluss folgten die Berichte des Verwalters J\u00fcrgen Lausch, der verschiedenen [&hellip;]<\/p>\n","protected":false},"author":5,"featured_media":0,"comment_status":"closed","ping_status":"closed","sticky":false,"template":"","format":"standard","meta":[],"categories":[10],"tags":[],"acf":[],"_links":{"self":[{"href":"https:\/\/www.messern.at\/feuerwehr\/wp-json\/wp\/v2\/posts\/1338"}],"collection":[{"href":"https:\/\/www.messern.at\/feuerwehr\/wp-json\/wp\/v2\/posts"}],"about":[{"href":"https:\/\/www.messern.at\/feuerwehr\/wp-json\/wp\/v2\/types\/post"}],"author":[{"embeddable":true,"href":"https:\/\/www.messern.at\/feuerwehr\/wp-json\/wp\/v2\/users\/5"}],"replies":[{"embeddable":true,"href":"https:\/\/www.messern.at\/feuerwehr\/wp-json\/wp\/v2\/comments?post=1338"}],"version-history":[{"count":2,"href":"https:\/\/www.messern.at\/feuerwehr\/wp-json\/wp\/v2\/posts\/1338\/revisions"}],"predecessor-version":[{"id":1343,"href":"https:\/\/www.messern.at\/feuerwehr\/wp-json\/wp\/v2\/posts\/1338\/revisions\/1343"}],"wp:attachment":[{"href":"https:\/\/www.messern.at\/feuerwehr\/wp-json\/wp\/v2\/media?parent=1338"}],"wp:term":[{"taxonomy":"category","embeddable":true,"href":"https:\/\/www.messern.at\/feuerwehr\/wp-json\/wp\/v2\/categories?post=1338"},{"taxonomy":"post_tag","embeddable":true,"href":"https:\/\/www.messern.at\/feuerwehr\/wp-json\/wp\/v2\/tags?post=1338"}],"curies":[{"name":"wp","href":"https:\/\/api.w.org\/{rel}","templated":true}]}}