{"id":1324,"date":"2022-03-17T06:41:49","date_gmt":"2022-03-17T05:41:49","guid":{"rendered":"https:\/\/www.messern.at\/feuerwehr\/?p=1324"},"modified":"2022-03-17T06:41:49","modified_gmt":"2022-03-17T05:41:49","slug":"waldbrandverordnung","status":"publish","type":"post","link":"https:\/\/www.messern.at\/feuerwehr\/allgemein\/waldbrandverordnung\/","title":{"rendered":"Waldbrandverordnung"},"content":{"rendered":"\n<p>In den Waldbest\u00e4nden des Verwaltungsbezirkes Horn ist aufgrund der fehlenden Niederschl\u00e4ge der letzten Wochen sowie von geh\u00e4uften Windereignissen eine sehr starke Austrocknung, insbesondere der Streuauflagen der Waldb\u00f6den, eingetreten. Weiters ist vielerorts leicht entz\u00fcndbarer Bestandesabraum (Zweige, \u00c4ste und Wipfelst\u00fccke) vorhanden. Die Zentralanstalt f\u00fcr Meteorologie und Geodynamik (ZAMG) hat f\u00fcr Teile des Landes, so auch f\u00fcr den Bezirk Horn, bereits eine erh\u00f6hte Waldbrandgefahr festgestellt.<br><\/p>\n\n\n\n<p>Die Bezirkshauptmannschaft Horn erl\u00e4sst daher nachstehende Verordnung zum Schutze der Waldbest\u00e4nde im Verwaltungsbezirk Horn:<\/p>\n\n\n\n<p class=\"has-text-align-center\"><br>V E R O R D N U N G<\/p>\n\n\n\n<p class=\"has-text-align-center\"><br>Gem\u00e4\u00df \u00a7 41 Abs. 1 in Verbindung mit \u00a7 170 Abs. 1 des Forstgesetzes 1975, BGBl. 440\/1975, i.d.g.F., wird f\u00fcr den Verwaltungsbezirk Horn zum Zwecke der Vorbeugung gegen Waldbr\u00e4nde verordnet:<br><br>In den Waldgebieten des politischen Bezirkes Horn sowie in deren Gef\u00e4hrdungsbereichen ist jegliches Feuerentz\u00fcnden und das Rauchen verboten.<br><br>\u00dcbertretungen dieser Verordnung werden gem\u00e4\u00df \u00a7 174 Abs. 1 lit. a) Z. 17 des Forstgesetzes 1975 mit Geldstrafen bis zu \u20ac 7.270,00 oder mit Arrest bis zu 4 Wochen bestraft.<\/p>\n\n\n\n<p class=\"has-text-align-center\">Diese Verordnung tritt mit sofortiger Wirkung (Kundmachung an der Amtstafel der Bezirkshauptmannschaft Horn) in Kraft.<\/p>\n\n\n\n<p class=\"has-text-align-center\"><br>Hinweis:<\/p>\n\n\n\n<p class=\"has-text-align-center\"><br>Der Gef\u00e4hrdungsbereich ist \u00fcberall dort gegeben, wo die Bodendecke oder die Wind-verh\u00e4ltnisse das \u00dcbergreifen eines Bodenfeuers oder das \u00dcbergreifen eines Feuers durch Funkenflug in den benachbarten Wald beg\u00fcnstigen.<\/p>\n\n\n\n<p class=\"has-text-align-center\"><br>Es steht jedem Waldeigent\u00fcmer frei, dieses Verbot in geeigneter Weise ersichtlich zu machen.<\/p>\n","protected":false},"excerpt":{"rendered":"<p>In den Waldbest\u00e4nden des Verwaltungsbezirkes Horn ist aufgrund der fehlenden Niederschl\u00e4ge der letzten Wochen sowie von geh\u00e4uften Windereignissen eine sehr starke Austrocknung, insbesondere der Streuauflagen der Waldb\u00f6den, eingetreten. Weiters ist vielerorts leicht entz\u00fcndbarer Bestandesabraum (Zweige, \u00c4ste und Wipfelst\u00fccke) vorhanden. Die Zentralanstalt f\u00fcr Meteorologie und Geodynamik (ZAMG) hat f\u00fcr Teile des Landes, so auch f\u00fcr den [&hellip;]<\/p>\n","protected":false},"author":5,"featured_media":1325,"comment_status":"closed","ping_status":"closed","sticky":false,"template":"","format":"standard","meta":[],"categories":[10],"tags":[],"acf":[],"_links":{"self":[{"href":"https:\/\/www.messern.at\/feuerwehr\/wp-json\/wp\/v2\/posts\/1324"}],"collection":[{"href":"https:\/\/www.messern.at\/feuerwehr\/wp-json\/wp\/v2\/posts"}],"about":[{"href":"https:\/\/www.messern.at\/feuerwehr\/wp-json\/wp\/v2\/types\/post"}],"author":[{"embeddable":true,"href":"https:\/\/www.messern.at\/feuerwehr\/wp-json\/wp\/v2\/users\/5"}],"replies":[{"embeddable":true,"href":"https:\/\/www.messern.at\/feuerwehr\/wp-json\/wp\/v2\/comments?post=1324"}],"version-history":[{"count":1,"href":"https:\/\/www.messern.at\/feuerwehr\/wp-json\/wp\/v2\/posts\/1324\/revisions"}],"predecessor-version":[{"id":1326,"href":"https:\/\/www.messern.at\/feuerwehr\/wp-json\/wp\/v2\/posts\/1324\/revisions\/1326"}],"wp:featuredmedia":[{"embeddable":true,"href":"https:\/\/www.messern.at\/feuerwehr\/wp-json\/wp\/v2\/media\/1325"}],"wp:attachment":[{"href":"https:\/\/www.messern.at\/feuerwehr\/wp-json\/wp\/v2\/media?parent=1324"}],"wp:term":[{"taxonomy":"category","embeddable":true,"href":"https:\/\/www.messern.at\/feuerwehr\/wp-json\/wp\/v2\/categories?post=1324"},{"taxonomy":"post_tag","embeddable":true,"href":"https:\/\/www.messern.at\/feuerwehr\/wp-json\/wp\/v2\/tags?post=1324"}],"curies":[{"name":"wp","href":"https:\/\/api.w.org\/{rel}","templated":true}]}}