{"id":1239,"date":"2021-12-23T06:16:00","date_gmt":"2021-12-23T05:16:00","guid":{"rendered":"https:\/\/www.messern.at\/feuerwehr\/?p=1239"},"modified":"2022-02-23T15:13:42","modified_gmt":"2022-02-23T14:13:42","slug":"geschaetzte-mitglieder-freunde-und-goenner-der-ff-messern","status":"publish","type":"post","link":"https:\/\/www.messern.at\/feuerwehr\/allgemein\/geschaetzte-mitglieder-freunde-und-goenner-der-ff-messern\/","title":{"rendered":"Gesch\u00e4tzte Mitglieder, Freunde und G\u00f6nner der FF Messern!"},"content":{"rendered":"\n<p>Wir w\u00fcnschen Ihnen allen ein gesegnetes Weihnachtsfest und f\u00fcr das neue Jahr 2022 Gesundheit und Gl\u00fcck!<\/p>\n\n\n\n<p>Die Mitglieder der FF Messern bedanken sich f\u00fcr die gute Zusammenarbeit und w\u00fcnschen f\u00fcr die Zukunft nur das Beste!<\/p>\n\n\n\n<p>Kommandant Kevin Schmid-Metz<\/p>\n\n\n\n<p>Mitglieder der FF Messern<\/p>\n\n\n\n<p><\/p>\n\n\n\n<figure class=\"wp-block-gallery has-nested-images columns-default is-cropped\">\n<figure class=\"wp-block-image size-large\"><a href=\"https:\/\/www.messern.at\/feuerwehr\/wp-content\/uploads\/2021\/12\/Bild1.png\"><img loading=\"lazy\" width=\"1024\" height=\"560\" data-id=\"1240\"  src=\"https:\/\/www.messern.at\/feuerwehr\/wp-content\/uploads\/2021\/12\/Bild1-1024x560.png\" alt=\"\" class=\"wp-image-1240\" srcset=\"https:\/\/www.messern.at\/feuerwehr\/wp-content\/uploads\/2021\/12\/Bild1-1024x560.png 1024w, https:\/\/www.messern.at\/feuerwehr\/wp-content\/uploads\/2021\/12\/Bild1-300x164.png 300w, https:\/\/www.messern.at\/feuerwehr\/wp-content\/uploads\/2021\/12\/Bild1-768x420.png 768w, https:\/\/www.messern.at\/feuerwehr\/wp-content\/uploads\/2021\/12\/Bild1.png 1088w\" sizes=\"(max-width: 1024px) 100vw, 1024px\" \/><\/a><\/figure>\n<\/figure>\n","protected":false},"excerpt":{"rendered":"<p>Wir w\u00fcnschen Ihnen allen ein gesegnetes Weihnachtsfest und f\u00fcr das neue Jahr 2022 Gesundheit und Gl\u00fcck! Die Mitglieder der FF Messern bedanken sich f\u00fcr die gute Zusammenarbeit und w\u00fcnschen f\u00fcr die Zukunft nur das Beste! Kommandant Kevin Schmid-Metz Mitglieder der FF Messern<\/p>\n","protected":false},"author":5,"featured_media":0,"comment_status":"closed","ping_status":"closed","sticky":false,"template":"","format":"standard","meta":[],"categories":[10],"tags":[],"acf":[],"_links":{"self":[{"href":"https:\/\/www.messern.at\/feuerwehr\/wp-json\/wp\/v2\/posts\/1239"}],"collection":[{"href":"https:\/\/www.messern.at\/feuerwehr\/wp-json\/wp\/v2\/posts"}],"about":[{"href":"https:\/\/www.messern.at\/feuerwehr\/wp-json\/wp\/v2\/types\/post"}],"author":[{"embeddable":true,"href":"https:\/\/www.messern.at\/feuerwehr\/wp-json\/wp\/v2\/users\/5"}],"replies":[{"embeddable":true,"href":"https:\/\/www.messern.at\/feuerwehr\/wp-json\/wp\/v2\/comments?post=1239"}],"version-history":[{"count":2,"href":"https:\/\/www.messern.at\/feuerwehr\/wp-json\/wp\/v2\/posts\/1239\/revisions"}],"predecessor-version":[{"id":1320,"href":"https:\/\/www.messern.at\/feuerwehr\/wp-json\/wp\/v2\/posts\/1239\/revisions\/1320"}],"wp:attachment":[{"href":"https:\/\/www.messern.at\/feuerwehr\/wp-json\/wp\/v2\/media?parent=1239"}],"wp:term":[{"taxonomy":"category","embeddable":true,"href":"https:\/\/www.messern.at\/feuerwehr\/wp-json\/wp\/v2\/categories?post=1239"},{"taxonomy":"post_tag","embeddable":true,"href":"https:\/\/www.messern.at\/feuerwehr\/wp-json\/wp\/v2\/tags?post=1239"}],"curies":[{"name":"wp","href":"https:\/\/api.w.org\/{rel}","templated":true}]}}