{"id":1232,"date":"2021-12-16T12:49:00","date_gmt":"2021-12-16T11:49:00","guid":{"rendered":"https:\/\/www.messern.at\/feuerwehr\/?p=1232"},"modified":"2021-12-16T12:53:13","modified_gmt":"2021-12-16T11:53:13","slug":"neue-feuerwehrleiter-angekauft","status":"publish","type":"post","link":"https:\/\/www.messern.at\/feuerwehr\/allgemein\/neue-feuerwehrleiter-angekauft\/","title":{"rendered":"Neue Feuerwehrleiter angekauft"},"content":{"rendered":"\n<p>Nachdem unsere alte Feuerwehrleiter viele, viele Jahre auf dem Buckel hatte und leider sicherheitstechnisch nicht mehr den derzeitigen Erfordernissen entsprach, mussten wir uns um eine Alternative umsehen. Nach dem Vergleich einiger verschiedener Angebote und Typen entschieden wir uns f\u00fcr den Ankauf einer 2-teiligen Schiebeleiter, die im Prinzip der alten Leiter sehr \u00e4hnlich ist. Sie besteht aus 34 Sprossen mit einer maximalen Auszugsh\u00f6he von 9 Meter. Der Auszug erfolgt \u00fcber kunststoffgelagerte Rollen und dadurch wird die Reibung auf ein Minimum vermindert sowie die aufzubringende Auszugskraft erheblich reduziert. Ein neu entwickelter Seilstopp bremst sofort einen m\u00f6glich herunterfahrenden Leiterteil und andererseits ist ein bequemes Ablassen der Leiter garantiert. Die neue Leiter ist \u2013 wie auch schon die Alte \u2013 auf dem Dach unseres Tankl\u00f6schfahrzeuges verstaut. Um als Feuerwehrleiter im Einsatz verwendet werden zu d\u00fcrfen, ist eine entsprechende Pr\u00fcfung und Fertigung nach \u00d6NORM und EN erforderlich und dadurch ergeben sich auch die Kosten von rund 1.300 Euro.<\/p>\n\n\n\n<figure class=\"wp-block-gallery columns-1 is-cropped\"><ul class=\"blocks-gallery-grid\"><li class=\"blocks-gallery-item\"><figure><a href=\"https:\/\/www.messern.at\/feuerwehr\/wp-content\/uploads\/2021\/12\/FF-Leiter-1.jpg\"><img loading=\"lazy\" width=\"327\" height=\"811\" src=\"https:\/\/www.messern.at\/feuerwehr\/wp-content\/uploads\/2021\/12\/FF-Leiter-1.jpg\" alt=\"\" data-id=\"1237\" data-full-url=\"https:\/\/www.messern.at\/feuerwehr\/wp-content\/uploads\/2021\/12\/FF-Leiter-1.jpg\" data-link=\"https:\/\/www.messern.at\/feuerwehr\/allgemein\/neue-feuerwehrleiter-angekauft\/attachment\/ff-leiter-1\/\" class=\"wp-image-1237\" srcset=\"https:\/\/www.messern.at\/feuerwehr\/wp-content\/uploads\/2021\/12\/FF-Leiter-1.jpg 327w, https:\/\/www.messern.at\/feuerwehr\/wp-content\/uploads\/2021\/12\/FF-Leiter-1-121x300.jpg 121w\" sizes=\"(max-width: 327px) 100vw, 327px\" \/><\/a><\/figure><\/li><\/ul><\/figure>\n\n\n\n<figure class=\"wp-block-gallery columns-2 is-cropped\"><ul class=\"blocks-gallery-grid\"><li class=\"blocks-gallery-item\"><figure><a href=\"https:\/\/www.messern.at\/feuerwehr\/wp-content\/uploads\/2021\/12\/FF-Leiter_2.jpg\"><img loading=\"lazy\" width=\"1024\" height=\"588\" src=\"https:\/\/www.messern.at\/feuerwehr\/wp-content\/uploads\/2021\/12\/FF-Leiter_2-1024x588.jpg\" alt=\"\" data-id=\"1234\" data-full-url=\"https:\/\/www.messern.at\/feuerwehr\/wp-content\/uploads\/2021\/12\/FF-Leiter_2.jpg\" data-link=\"https:\/\/www.messern.at\/feuerwehr\/?attachment_id=1234\" class=\"wp-image-1234\" srcset=\"https:\/\/www.messern.at\/feuerwehr\/wp-content\/uploads\/2021\/12\/FF-Leiter_2-1024x588.jpg 1024w, https:\/\/www.messern.at\/feuerwehr\/wp-content\/uploads\/2021\/12\/FF-Leiter_2-300x172.jpg 300w, https:\/\/www.messern.at\/feuerwehr\/wp-content\/uploads\/2021\/12\/FF-Leiter_2-768x441.jpg 768w, https:\/\/www.messern.at\/feuerwehr\/wp-content\/uploads\/2021\/12\/FF-Leiter_2.jpg 1316w\" sizes=\"(max-width: 1024px) 100vw, 1024px\" \/><\/a><\/figure><\/li><li class=\"blocks-gallery-item\"><figure><a href=\"https:\/\/www.messern.at\/feuerwehr\/wp-content\/uploads\/2021\/12\/FF-Leiter_1.jpg\"><img loading=\"lazy\" width=\"1024\" height=\"644\" src=\"https:\/\/www.messern.at\/feuerwehr\/wp-content\/uploads\/2021\/12\/FF-Leiter_1-1024x644.jpg\" alt=\"\" data-id=\"1235\" data-full-url=\"https:\/\/www.messern.at\/feuerwehr\/wp-content\/uploads\/2021\/12\/FF-Leiter_1.jpg\" data-link=\"https:\/\/www.messern.at\/feuerwehr\/?attachment_id=1235\" class=\"wp-image-1235\" srcset=\"https:\/\/www.messern.at\/feuerwehr\/wp-content\/uploads\/2021\/12\/FF-Leiter_1-1024x644.jpg 1024w, https:\/\/www.messern.at\/feuerwehr\/wp-content\/uploads\/2021\/12\/FF-Leiter_1-300x189.jpg 300w, https:\/\/www.messern.at\/feuerwehr\/wp-content\/uploads\/2021\/12\/FF-Leiter_1-768x483.jpg 768w, https:\/\/www.messern.at\/feuerwehr\/wp-content\/uploads\/2021\/12\/FF-Leiter_1.jpg 1083w\" sizes=\"(max-width: 1024px) 100vw, 1024px\" \/><\/a><\/figure><\/li><\/ul><\/figure>\n","protected":false},"excerpt":{"rendered":"<p>Nachdem unsere alte Feuerwehrleiter viele, viele Jahre auf dem Buckel hatte und leider sicherheitstechnisch nicht mehr den derzeitigen Erfordernissen entsprach, mussten wir uns um eine Alternative umsehen. Nach dem Vergleich einiger verschiedener Angebote und Typen entschieden wir uns f\u00fcr den Ankauf einer 2-teiligen Schiebeleiter, die im Prinzip der alten Leiter sehr \u00e4hnlich ist. Sie besteht [&hellip;]<\/p>\n","protected":false},"author":5,"featured_media":0,"comment_status":"closed","ping_status":"closed","sticky":false,"template":"","format":"standard","meta":[],"categories":[10],"tags":[],"acf":[],"_links":{"self":[{"href":"https:\/\/www.messern.at\/feuerwehr\/wp-json\/wp\/v2\/posts\/1232"}],"collection":[{"href":"https:\/\/www.messern.at\/feuerwehr\/wp-json\/wp\/v2\/posts"}],"about":[{"href":"https:\/\/www.messern.at\/feuerwehr\/wp-json\/wp\/v2\/types\/post"}],"author":[{"embeddable":true,"href":"https:\/\/www.messern.at\/feuerwehr\/wp-json\/wp\/v2\/users\/5"}],"replies":[{"embeddable":true,"href":"https:\/\/www.messern.at\/feuerwehr\/wp-json\/wp\/v2\/comments?post=1232"}],"version-history":[{"count":2,"href":"https:\/\/www.messern.at\/feuerwehr\/wp-json\/wp\/v2\/posts\/1232\/revisions"}],"predecessor-version":[{"id":1238,"href":"https:\/\/www.messern.at\/feuerwehr\/wp-json\/wp\/v2\/posts\/1232\/revisions\/1238"}],"wp:attachment":[{"href":"https:\/\/www.messern.at\/feuerwehr\/wp-json\/wp\/v2\/media?parent=1232"}],"wp:term":[{"taxonomy":"category","embeddable":true,"href":"https:\/\/www.messern.at\/feuerwehr\/wp-json\/wp\/v2\/categories?post=1232"},{"taxonomy":"post_tag","embeddable":true,"href":"https:\/\/www.messern.at\/feuerwehr\/wp-json\/wp\/v2\/tags?post=1232"}],"curies":[{"name":"wp","href":"https:\/\/api.w.org\/{rel}","templated":true}]}}