{"id":1183,"date":"2021-09-10T22:01:00","date_gmt":"2021-09-10T20:01:00","guid":{"rendered":"https:\/\/www.messern.at\/feuerwehr\/?p=1183"},"modified":"2021-12-10T16:49:13","modified_gmt":"2021-12-10T15:49:13","slug":"neues-mannschaftstransportfahrzeug","status":"publish","type":"post","link":"https:\/\/www.messern.at\/feuerwehr\/allgemein\/neues-mannschaftstransportfahrzeug\/","title":{"rendered":"Neues Mannschaftstransportfahrzeug"},"content":{"rendered":"\n<p>Nachdem das 42 Jahre alte Kleinl\u00f6schfahrzeug im Vorjahr ausgeschieden werden musste, konnten die Mitglieder der Freiwilligen Feuerwehr Messern nach einigen durch Corona bedingten Verz\u00f6gerungen das neue Mannschaftstransportfahrzeug \u00fcbernehmen.<\/p>\n\n\n\n<p>Nach diversen Besprechungen, sowohl feuerwehrintern als auch mit der Gemeinde, nach Planung der notwendigen Ausstattung und Einholung der Angebote wurde die Unterst\u00fctzung seitens der Gemeinde in einer Gemeinderatsitzung fixiert. Danach fiel auch der Beschluss im Zuge der Mitgliederversammlung 2021 zum Ankauf des Fahrzeuges einstimmig aus. Nachdem auch die F\u00f6rderzusage seitens des N\u00d6 Landesfeuerwehrverbandes da war, konnte das Fahrzeug endlich bestellt werden.<\/p>\n\n\n\n<p>Die Entscheidung fiel auf einen Neunsitzer Ford Transit von der Firma Lehr in Horn. Bedingt durch das waldreiche und teilweise steile Einsatzgebiet war ein allradgetriebenes Fahrzeug mit ausreichender Motorleistung ein Muss. Nach Einbau der vorgeschriebenen Ausstattung inkl. der gew\u00fcnschten Extras wurde das Mannschaftstransportfahrzeug vom N\u00d6 Landesfeuerwehrverband \u00fcberpr\u00fcft.<\/p>\n\n\n\n<p>Am 10. September erfolgte dann die offizielle Schl\u00fcssel\u00fcbergabe durch Harald Rei\u00df von der Fa. Lehr. Mit dabei waren das Feuerwehrkommando Messern mit Kommandant Kevin Schmid-Metz, seinem Stellvertreter Gerald Kaindl und dem Verwalter J\u00fcrgen Lausch sowie der Zugskommandant Manuel Weinberger. Nat\u00fcrlich durfte B\u00fcrgermeister Hermann Gruber und Vizeb\u00fcrgermeister Karl Erdinger nicht fehlen. Auch die Damen zeigten Interesse. Mit dabei Karin Schmid-Metz und Theresa Ringl.<\/p>\n\n\n\n<p>Finanziert wurde das rund \u20ac 60.000,- teure Fahrzeug von der Marktgemeinde Irnfritz-Messern, der Freiwilligen Feuerwehr Messern und vom Land N\u00d6. Das Einsatzgebiet unserer Feuerwehr ist fl\u00e4chenm\u00e4\u00dfig das Gr\u00f6\u00dfte vom gesamten Bezirk Horn.<\/p>\n\n\n\n<figure class=\"wp-block-gallery columns-3 is-cropped\"><ul class=\"blocks-gallery-grid\"><li class=\"blocks-gallery-item\"><figure><a href=\"https:\/\/www.messern.at\/feuerwehr\/wp-content\/uploads\/2021\/12\/DSC_7514-scaled.jpg\"><img loading=\"lazy\" width=\"1024\" height=\"683\" src=\"https:\/\/www.messern.at\/feuerwehr\/wp-content\/uploads\/2021\/12\/DSC_7514-1024x683.jpg\" alt=\"\" data-id=\"1185\" data-full-url=\"https:\/\/www.messern.at\/feuerwehr\/wp-content\/uploads\/2021\/12\/DSC_7514-scaled.jpg\" data-link=\"https:\/\/www.messern.at\/feuerwehr\/?attachment_id=1185\" class=\"wp-image-1185\" srcset=\"https:\/\/www.messern.at\/feuerwehr\/wp-content\/uploads\/2021\/12\/DSC_7514-1024x683.jpg 1024w, https:\/\/www.messern.at\/feuerwehr\/wp-content\/uploads\/2021\/12\/DSC_7514-300x200.jpg 300w, https:\/\/www.messern.at\/feuerwehr\/wp-content\/uploads\/2021\/12\/DSC_7514-768x512.jpg 768w, https:\/\/www.messern.at\/feuerwehr\/wp-content\/uploads\/2021\/12\/DSC_7514-1536x1024.jpg 1536w, https:\/\/www.messern.at\/feuerwehr\/wp-content\/uploads\/2021\/12\/DSC_7514-2048x1365.jpg 2048w\" sizes=\"(max-width: 1024px) 100vw, 1024px\" \/><\/a><\/figure><\/li><li class=\"blocks-gallery-item\"><figure><a href=\"https:\/\/www.messern.at\/feuerwehr\/wp-content\/uploads\/2021\/12\/DSC_7500-scaled.jpg\"><img loading=\"lazy\" width=\"1024\" height=\"683\" src=\"https:\/\/www.messern.at\/feuerwehr\/wp-content\/uploads\/2021\/12\/DSC_7500-1024x683.jpg\" alt=\"\" data-id=\"1186\" data-full-url=\"https:\/\/www.messern.at\/feuerwehr\/wp-content\/uploads\/2021\/12\/DSC_7500-scaled.jpg\" data-link=\"https:\/\/www.messern.at\/feuerwehr\/?attachment_id=1186\" class=\"wp-image-1186\" srcset=\"https:\/\/www.messern.at\/feuerwehr\/wp-content\/uploads\/2021\/12\/DSC_7500-1024x683.jpg 1024w, https:\/\/www.messern.at\/feuerwehr\/wp-content\/uploads\/2021\/12\/DSC_7500-300x200.jpg 300w, https:\/\/www.messern.at\/feuerwehr\/wp-content\/uploads\/2021\/12\/DSC_7500-768x512.jpg 768w, https:\/\/www.messern.at\/feuerwehr\/wp-content\/uploads\/2021\/12\/DSC_7500-1536x1024.jpg 1536w, https:\/\/www.messern.at\/feuerwehr\/wp-content\/uploads\/2021\/12\/DSC_7500-2048x1365.jpg 2048w\" sizes=\"(max-width: 1024px) 100vw, 1024px\" \/><\/a><\/figure><\/li><li class=\"blocks-gallery-item\"><figure><a href=\"https:\/\/www.messern.at\/feuerwehr\/wp-content\/uploads\/2021\/12\/DSC_7501-scaled.jpg\"><img loading=\"lazy\" width=\"1024\" height=\"683\" src=\"https:\/\/www.messern.at\/feuerwehr\/wp-content\/uploads\/2021\/12\/DSC_7501-1024x683.jpg\" alt=\"\" data-id=\"1187\" data-full-url=\"https:\/\/www.messern.at\/feuerwehr\/wp-content\/uploads\/2021\/12\/DSC_7501-scaled.jpg\" data-link=\"https:\/\/www.messern.at\/feuerwehr\/?attachment_id=1187\" class=\"wp-image-1187\" srcset=\"https:\/\/www.messern.at\/feuerwehr\/wp-content\/uploads\/2021\/12\/DSC_7501-1024x683.jpg 1024w, https:\/\/www.messern.at\/feuerwehr\/wp-content\/uploads\/2021\/12\/DSC_7501-300x200.jpg 300w, https:\/\/www.messern.at\/feuerwehr\/wp-content\/uploads\/2021\/12\/DSC_7501-768x512.jpg 768w, https:\/\/www.messern.at\/feuerwehr\/wp-content\/uploads\/2021\/12\/DSC_7501-1536x1024.jpg 1536w, https:\/\/www.messern.at\/feuerwehr\/wp-content\/uploads\/2021\/12\/DSC_7501-2048x1365.jpg 2048w\" sizes=\"(max-width: 1024px) 100vw, 1024px\" \/><\/a><\/figure><\/li><li class=\"blocks-gallery-item\"><figure><a href=\"https:\/\/www.messern.at\/feuerwehr\/wp-content\/uploads\/2021\/12\/DSC_7502-scaled.jpg\"><img loading=\"lazy\" width=\"1024\" height=\"683\" src=\"https:\/\/www.messern.at\/feuerwehr\/wp-content\/uploads\/2021\/12\/DSC_7502-1024x683.jpg\" alt=\"\" data-id=\"1188\" data-full-url=\"https:\/\/www.messern.at\/feuerwehr\/wp-content\/uploads\/2021\/12\/DSC_7502-scaled.jpg\" data-link=\"https:\/\/www.messern.at\/feuerwehr\/?attachment_id=1188\" class=\"wp-image-1188\" srcset=\"https:\/\/www.messern.at\/feuerwehr\/wp-content\/uploads\/2021\/12\/DSC_7502-1024x683.jpg 1024w, https:\/\/www.messern.at\/feuerwehr\/wp-content\/uploads\/2021\/12\/DSC_7502-300x200.jpg 300w, https:\/\/www.messern.at\/feuerwehr\/wp-content\/uploads\/2021\/12\/DSC_7502-768x512.jpg 768w, https:\/\/www.messern.at\/feuerwehr\/wp-content\/uploads\/2021\/12\/DSC_7502-1536x1024.jpg 1536w, https:\/\/www.messern.at\/feuerwehr\/wp-content\/uploads\/2021\/12\/DSC_7502-2048x1365.jpg 2048w\" sizes=\"(max-width: 1024px) 100vw, 1024px\" \/><\/a><\/figure><\/li><li class=\"blocks-gallery-item\"><figure><a href=\"https:\/\/www.messern.at\/feuerwehr\/wp-content\/uploads\/2021\/12\/DSC_7503-scaled.jpg\"><img loading=\"lazy\" width=\"1024\" height=\"683\" src=\"https:\/\/www.messern.at\/feuerwehr\/wp-content\/uploads\/2021\/12\/DSC_7503-1024x683.jpg\" alt=\"\" data-id=\"1189\" data-full-url=\"https:\/\/www.messern.at\/feuerwehr\/wp-content\/uploads\/2021\/12\/DSC_7503-scaled.jpg\" data-link=\"https:\/\/www.messern.at\/feuerwehr\/?attachment_id=1189\" class=\"wp-image-1189\" srcset=\"https:\/\/www.messern.at\/feuerwehr\/wp-content\/uploads\/2021\/12\/DSC_7503-1024x683.jpg 1024w, https:\/\/www.messern.at\/feuerwehr\/wp-content\/uploads\/2021\/12\/DSC_7503-300x200.jpg 300w, https:\/\/www.messern.at\/feuerwehr\/wp-content\/uploads\/2021\/12\/DSC_7503-768x512.jpg 768w, https:\/\/www.messern.at\/feuerwehr\/wp-content\/uploads\/2021\/12\/DSC_7503-1536x1024.jpg 1536w, https:\/\/www.messern.at\/feuerwehr\/wp-content\/uploads\/2021\/12\/DSC_7503-2048x1365.jpg 2048w\" sizes=\"(max-width: 1024px) 100vw, 1024px\" \/><\/a><\/figure><\/li><li class=\"blocks-gallery-item\"><figure><a href=\"https:\/\/www.messern.at\/feuerwehr\/wp-content\/uploads\/2021\/12\/DSC_7504-scaled.jpg\"><img loading=\"lazy\" width=\"1024\" height=\"683\" src=\"https:\/\/www.messern.at\/feuerwehr\/wp-content\/uploads\/2021\/12\/DSC_7504-1024x683.jpg\" alt=\"\" data-id=\"1190\" data-full-url=\"https:\/\/www.messern.at\/feuerwehr\/wp-content\/uploads\/2021\/12\/DSC_7504-scaled.jpg\" data-link=\"https:\/\/www.messern.at\/feuerwehr\/?attachment_id=1190\" class=\"wp-image-1190\" srcset=\"https:\/\/www.messern.at\/feuerwehr\/wp-content\/uploads\/2021\/12\/DSC_7504-1024x683.jpg 1024w, https:\/\/www.messern.at\/feuerwehr\/wp-content\/uploads\/2021\/12\/DSC_7504-300x200.jpg 300w, https:\/\/www.messern.at\/feuerwehr\/wp-content\/uploads\/2021\/12\/DSC_7504-768x512.jpg 768w, https:\/\/www.messern.at\/feuerwehr\/wp-content\/uploads\/2021\/12\/DSC_7504-1536x1024.jpg 1536w, https:\/\/www.messern.at\/feuerwehr\/wp-content\/uploads\/2021\/12\/DSC_7504-2048x1365.jpg 2048w\" sizes=\"(max-width: 1024px) 100vw, 1024px\" \/><\/a><\/figure><\/li><li class=\"blocks-gallery-item\"><figure><a href=\"https:\/\/www.messern.at\/feuerwehr\/wp-content\/uploads\/2021\/12\/DSC_7506-scaled.jpg\"><img loading=\"lazy\" width=\"1024\" height=\"683\" src=\"https:\/\/www.messern.at\/feuerwehr\/wp-content\/uploads\/2021\/12\/DSC_7506-1024x683.jpg\" alt=\"\" data-id=\"1191\" data-full-url=\"https:\/\/www.messern.at\/feuerwehr\/wp-content\/uploads\/2021\/12\/DSC_7506-scaled.jpg\" data-link=\"https:\/\/www.messern.at\/feuerwehr\/?attachment_id=1191\" class=\"wp-image-1191\" srcset=\"https:\/\/www.messern.at\/feuerwehr\/wp-content\/uploads\/2021\/12\/DSC_7506-1024x683.jpg 1024w, https:\/\/www.messern.at\/feuerwehr\/wp-content\/uploads\/2021\/12\/DSC_7506-300x200.jpg 300w, https:\/\/www.messern.at\/feuerwehr\/wp-content\/uploads\/2021\/12\/DSC_7506-768x512.jpg 768w, https:\/\/www.messern.at\/feuerwehr\/wp-content\/uploads\/2021\/12\/DSC_7506-1536x1024.jpg 1536w, https:\/\/www.messern.at\/feuerwehr\/wp-content\/uploads\/2021\/12\/DSC_7506-2048x1365.jpg 2048w\" sizes=\"(max-width: 1024px) 100vw, 1024px\" \/><\/a><\/figure><\/li><li class=\"blocks-gallery-item\"><figure><a href=\"https:\/\/www.messern.at\/feuerwehr\/wp-content\/uploads\/2021\/12\/DSC_7507-scaled.jpg\"><img loading=\"lazy\" width=\"1024\" height=\"683\" src=\"https:\/\/www.messern.at\/feuerwehr\/wp-content\/uploads\/2021\/12\/DSC_7507-1024x683.jpg\" alt=\"\" data-id=\"1192\" data-full-url=\"https:\/\/www.messern.at\/feuerwehr\/wp-content\/uploads\/2021\/12\/DSC_7507-scaled.jpg\" data-link=\"https:\/\/www.messern.at\/feuerwehr\/?attachment_id=1192\" class=\"wp-image-1192\" srcset=\"https:\/\/www.messern.at\/feuerwehr\/wp-content\/uploads\/2021\/12\/DSC_7507-1024x683.jpg 1024w, https:\/\/www.messern.at\/feuerwehr\/wp-content\/uploads\/2021\/12\/DSC_7507-300x200.jpg 300w, https:\/\/www.messern.at\/feuerwehr\/wp-content\/uploads\/2021\/12\/DSC_7507-768x512.jpg 768w, https:\/\/www.messern.at\/feuerwehr\/wp-content\/uploads\/2021\/12\/DSC_7507-1536x1024.jpg 1536w, https:\/\/www.messern.at\/feuerwehr\/wp-content\/uploads\/2021\/12\/DSC_7507-2048x1365.jpg 2048w\" sizes=\"(max-width: 1024px) 100vw, 1024px\" \/><\/a><\/figure><\/li><li class=\"blocks-gallery-item\"><figure><a href=\"https:\/\/www.messern.at\/feuerwehr\/wp-content\/uploads\/2021\/12\/DSC_7508-scaled.jpg\"><img loading=\"lazy\" width=\"1024\" height=\"683\" src=\"https:\/\/www.messern.at\/feuerwehr\/wp-content\/uploads\/2021\/12\/DSC_7508-1024x683.jpg\" alt=\"\" data-id=\"1193\" data-full-url=\"https:\/\/www.messern.at\/feuerwehr\/wp-content\/uploads\/2021\/12\/DSC_7508-scaled.jpg\" data-link=\"https:\/\/www.messern.at\/feuerwehr\/?attachment_id=1193\" class=\"wp-image-1193\" srcset=\"https:\/\/www.messern.at\/feuerwehr\/wp-content\/uploads\/2021\/12\/DSC_7508-1024x683.jpg 1024w, https:\/\/www.messern.at\/feuerwehr\/wp-content\/uploads\/2021\/12\/DSC_7508-300x200.jpg 300w, https:\/\/www.messern.at\/feuerwehr\/wp-content\/uploads\/2021\/12\/DSC_7508-768x512.jpg 768w, https:\/\/www.messern.at\/feuerwehr\/wp-content\/uploads\/2021\/12\/DSC_7508-1536x1024.jpg 1536w, https:\/\/www.messern.at\/feuerwehr\/wp-content\/uploads\/2021\/12\/DSC_7508-2048x1365.jpg 2048w\" sizes=\"(max-width: 1024px) 100vw, 1024px\" \/><\/a><\/figure><\/li><li class=\"blocks-gallery-item\"><figure><a href=\"https:\/\/www.messern.at\/feuerwehr\/wp-content\/uploads\/2021\/12\/DSC_7510-scaled.jpg\"><img loading=\"lazy\" width=\"1024\" height=\"683\" src=\"https:\/\/www.messern.at\/feuerwehr\/wp-content\/uploads\/2021\/12\/DSC_7510-1024x683.jpg\" alt=\"\" data-id=\"1194\" data-full-url=\"https:\/\/www.messern.at\/feuerwehr\/wp-content\/uploads\/2021\/12\/DSC_7510-scaled.jpg\" data-link=\"https:\/\/www.messern.at\/feuerwehr\/?attachment_id=1194\" class=\"wp-image-1194\" srcset=\"https:\/\/www.messern.at\/feuerwehr\/wp-content\/uploads\/2021\/12\/DSC_7510-1024x683.jpg 1024w, https:\/\/www.messern.at\/feuerwehr\/wp-content\/uploads\/2021\/12\/DSC_7510-300x200.jpg 300w, https:\/\/www.messern.at\/feuerwehr\/wp-content\/uploads\/2021\/12\/DSC_7510-768x512.jpg 768w, https:\/\/www.messern.at\/feuerwehr\/wp-content\/uploads\/2021\/12\/DSC_7510-1536x1024.jpg 1536w, https:\/\/www.messern.at\/feuerwehr\/wp-content\/uploads\/2021\/12\/DSC_7510-2048x1365.jpg 2048w\" sizes=\"(max-width: 1024px) 100vw, 1024px\" \/><\/a><\/figure><\/li><\/ul><\/figure>\n","protected":false},"excerpt":{"rendered":"<p>Nachdem das 42 Jahre alte Kleinl\u00f6schfahrzeug im Vorjahr ausgeschieden werden musste, konnten die Mitglieder der Freiwilligen Feuerwehr Messern nach einigen durch Corona bedingten Verz\u00f6gerungen das neue Mannschaftstransportfahrzeug \u00fcbernehmen. Nach diversen Besprechungen, sowohl feuerwehrintern als auch mit der Gemeinde, nach Planung der notwendigen Ausstattung und Einholung der Angebote wurde die Unterst\u00fctzung seitens der Gemeinde in einer [&hellip;]<\/p>\n","protected":false},"author":5,"featured_media":1194,"comment_status":"closed","ping_status":"closed","sticky":false,"template":"","format":"standard","meta":[],"categories":[10],"tags":[],"acf":[],"_links":{"self":[{"href":"https:\/\/www.messern.at\/feuerwehr\/wp-json\/wp\/v2\/posts\/1183"}],"collection":[{"href":"https:\/\/www.messern.at\/feuerwehr\/wp-json\/wp\/v2\/posts"}],"about":[{"href":"https:\/\/www.messern.at\/feuerwehr\/wp-json\/wp\/v2\/types\/post"}],"author":[{"embeddable":true,"href":"https:\/\/www.messern.at\/feuerwehr\/wp-json\/wp\/v2\/users\/5"}],"replies":[{"embeddable":true,"href":"https:\/\/www.messern.at\/feuerwehr\/wp-json\/wp\/v2\/comments?post=1183"}],"version-history":[{"count":2,"href":"https:\/\/www.messern.at\/feuerwehr\/wp-json\/wp\/v2\/posts\/1183\/revisions"}],"predecessor-version":[{"id":1230,"href":"https:\/\/www.messern.at\/feuerwehr\/wp-json\/wp\/v2\/posts\/1183\/revisions\/1230"}],"wp:featuredmedia":[{"embeddable":true,"href":"https:\/\/www.messern.at\/feuerwehr\/wp-json\/wp\/v2\/media\/1194"}],"wp:attachment":[{"href":"https:\/\/www.messern.at\/feuerwehr\/wp-json\/wp\/v2\/media?parent=1183"}],"wp:term":[{"taxonomy":"category","embeddable":true,"href":"https:\/\/www.messern.at\/feuerwehr\/wp-json\/wp\/v2\/categories?post=1183"},{"taxonomy":"post_tag","embeddable":true,"href":"https:\/\/www.messern.at\/feuerwehr\/wp-json\/wp\/v2\/tags?post=1183"}],"curies":[{"name":"wp","href":"https:\/\/api.w.org\/{rel}","templated":true}]}}