{"id":1181,"date":"2021-10-02T21:57:00","date_gmt":"2021-10-02T19:57:00","guid":{"rendered":"https:\/\/www.messern.at\/feuerwehr\/?p=1181"},"modified":"2021-12-07T21:59:02","modified_gmt":"2021-12-07T20:59:02","slug":"feuerloescher-ueberpruefung","status":"publish","type":"post","link":"https:\/\/www.messern.at\/feuerwehr\/allgemein\/feuerloescher-ueberpruefung\/","title":{"rendered":"Feuerl\u00f6scher-\u00dcberpr\u00fcfung"},"content":{"rendered":"\n<p>Wie ja hoffentlich den Meisten von uns bekannt ist, sind Feuerl\u00f6scher alle zwei Jahr durch einen Fachmann zu \u00fcberpr\u00fcfen und die Funktionst\u00fcchtigkeit zu kontrollieren. So war auch in diesem Jahr wieder die Firma Hainz f\u00fcr einen Vormittag bei uns im Feuerwehrhaus und f\u00fchrte diese notwendigen Kontrollen von Feuerl\u00f6schern durch. Auch Peter Schl\u00f6gl \u2013 wie hier am Foto &#8211; lie\u00df seine Feuerl\u00f6scher \u00fcberpr\u00fcfen und kann bei einem m\u00f6glichen Ernstfall durch schnelles Eingreifen Entstehungsbr\u00e4nde schon fr\u00fchzeitig mit seinen Feuerl\u00f6schern bek\u00e4mpfen.<\/p>\n\n\n\n<p><strong>Wir m\u00f6chten an dieser Stelle daher Allen nahe legen, dass jeder Haushalt \u00fcber einen funktionst\u00fcchtigen Feuerl\u00f6scher verf\u00fcgen sollte um Entstehungs- oder Kleinbr\u00e4nde rasch bek\u00e4mpfen zu k\u00f6nnen!<\/strong><\/p>\n\n\n\n<figure class=\"wp-block-gallery columns-1 is-cropped\"><ul class=\"blocks-gallery-grid\"><li class=\"blocks-gallery-item\"><figure><a href=\"https:\/\/www.messern.at\/feuerwehr\/wp-content\/uploads\/2021\/12\/20211002_112533-scaled.jpg\"><img loading=\"lazy\" width=\"1024\" height=\"768\" src=\"https:\/\/www.messern.at\/feuerwehr\/wp-content\/uploads\/2021\/12\/20211002_112533-1024x768.jpg\" alt=\"\" data-id=\"1182\" data-full-url=\"https:\/\/www.messern.at\/feuerwehr\/wp-content\/uploads\/2021\/12\/20211002_112533-scaled.jpg\" data-link=\"https:\/\/www.messern.at\/feuerwehr\/?attachment_id=1182\" class=\"wp-image-1182\" srcset=\"https:\/\/www.messern.at\/feuerwehr\/wp-content\/uploads\/2021\/12\/20211002_112533-1024x768.jpg 1024w, https:\/\/www.messern.at\/feuerwehr\/wp-content\/uploads\/2021\/12\/20211002_112533-300x225.jpg 300w, https:\/\/www.messern.at\/feuerwehr\/wp-content\/uploads\/2021\/12\/20211002_112533-768x576.jpg 768w, https:\/\/www.messern.at\/feuerwehr\/wp-content\/uploads\/2021\/12\/20211002_112533-1536x1152.jpg 1536w, https:\/\/www.messern.at\/feuerwehr\/wp-content\/uploads\/2021\/12\/20211002_112533-2048x1536.jpg 2048w\" sizes=\"(max-width: 1024px) 100vw, 1024px\" \/><\/a><\/figure><\/li><\/ul><\/figure>\n","protected":false},"excerpt":{"rendered":"<p>Wie ja hoffentlich den Meisten von uns bekannt ist, sind Feuerl\u00f6scher alle zwei Jahr durch einen Fachmann zu \u00fcberpr\u00fcfen und die Funktionst\u00fcchtigkeit zu kontrollieren. So war auch in diesem Jahr wieder die Firma Hainz f\u00fcr einen Vormittag bei uns im Feuerwehrhaus und f\u00fchrte diese notwendigen Kontrollen von Feuerl\u00f6schern durch. Auch Peter Schl\u00f6gl \u2013 wie hier [&hellip;]<\/p>\n","protected":false},"author":3,"featured_media":0,"comment_status":"closed","ping_status":"closed","sticky":false,"template":"","format":"standard","meta":[],"categories":[10],"tags":[],"acf":[],"_links":{"self":[{"href":"https:\/\/www.messern.at\/feuerwehr\/wp-json\/wp\/v2\/posts\/1181"}],"collection":[{"href":"https:\/\/www.messern.at\/feuerwehr\/wp-json\/wp\/v2\/posts"}],"about":[{"href":"https:\/\/www.messern.at\/feuerwehr\/wp-json\/wp\/v2\/types\/post"}],"author":[{"embeddable":true,"href":"https:\/\/www.messern.at\/feuerwehr\/wp-json\/wp\/v2\/users\/3"}],"replies":[{"embeddable":true,"href":"https:\/\/www.messern.at\/feuerwehr\/wp-json\/wp\/v2\/comments?post=1181"}],"version-history":[{"count":1,"href":"https:\/\/www.messern.at\/feuerwehr\/wp-json\/wp\/v2\/posts\/1181\/revisions"}],"predecessor-version":[{"id":1184,"href":"https:\/\/www.messern.at\/feuerwehr\/wp-json\/wp\/v2\/posts\/1181\/revisions\/1184"}],"wp:attachment":[{"href":"https:\/\/www.messern.at\/feuerwehr\/wp-json\/wp\/v2\/media?parent=1181"}],"wp:term":[{"taxonomy":"category","embeddable":true,"href":"https:\/\/www.messern.at\/feuerwehr\/wp-json\/wp\/v2\/categories?post=1181"},{"taxonomy":"post_tag","embeddable":true,"href":"https:\/\/www.messern.at\/feuerwehr\/wp-json\/wp\/v2\/tags?post=1181"}],"curies":[{"name":"wp","href":"https:\/\/api.w.org\/{rel}","templated":true}]}}