{"id":1165,"date":"2021-10-15T21:51:00","date_gmt":"2021-10-15T19:51:00","guid":{"rendered":"https:\/\/www.messern.at\/feuerwehr\/?p=1165"},"modified":"2021-12-07T21:55:22","modified_gmt":"2021-12-07T20:55:22","slug":"atemschutzkurs-erfolgreich-abgeschlossen","status":"publish","type":"post","link":"https:\/\/www.messern.at\/feuerwehr\/allgemein\/atemschutzkurs-erfolgreich-abgeschlossen\/","title":{"rendered":"Atemschutzkurs erfolgreich abgeschlossen"},"content":{"rendered":"\n<p>Unsere beiden Feuerwehrmitglieder Christoph Lausch und Theresa Ringl haben im Oktober erfolgreich den Atemschutzlehrgang in Horn abgeschlossen. F\u00fcr zwei Tage besuchten unsere jungen Feuerwehrmitglieder diesen Kurs und k\u00f6nnen und d\u00fcrfen somit auch bei m\u00f6glichen Ernstf\u00e4llen oder \u00dcbungen das Atemschutzger\u00e4t anlegen.<\/p>\n\n\n\n<p>Durch die immer strengeren Aufnahmekriterien und laufenden gesundheitlichen Untersuchungen wird es immer schwieriger taugliche und junge Mitglieder als Atemschutzger\u00e4tetr\u00e4ger zu gewinnen. Gerade deshalb ist es eine gro\u00dfe Freude, dass wieder zwei neue Mitglieder als Atemschutztr\u00e4ger ausgebildet wurden und zur Verf\u00fcgung stehen.<\/p>\n\n\n\n<figure class=\"wp-block-gallery columns-1 is-cropped\"><ul class=\"blocks-gallery-grid\"><li class=\"blocks-gallery-item\"><figure><a href=\"https:\/\/www.messern.at\/feuerwehr\/wp-content\/uploads\/2021\/12\/IMG_20211016_165016-scaled.jpg\"><img loading=\"lazy\" width=\"1024\" height=\"768\" src=\"https:\/\/www.messern.at\/feuerwehr\/wp-content\/uploads\/2021\/12\/IMG_20211016_165016-1024x768.jpg\" alt=\"\" data-id=\"1166\" data-full-url=\"https:\/\/www.messern.at\/feuerwehr\/wp-content\/uploads\/2021\/12\/IMG_20211016_165016-scaled.jpg\" data-link=\"https:\/\/www.messern.at\/feuerwehr\/?attachment_id=1166\" class=\"wp-image-1166\" srcset=\"https:\/\/www.messern.at\/feuerwehr\/wp-content\/uploads\/2021\/12\/IMG_20211016_165016-1024x768.jpg 1024w, https:\/\/www.messern.at\/feuerwehr\/wp-content\/uploads\/2021\/12\/IMG_20211016_165016-300x225.jpg 300w, https:\/\/www.messern.at\/feuerwehr\/wp-content\/uploads\/2021\/12\/IMG_20211016_165016-768x576.jpg 768w, https:\/\/www.messern.at\/feuerwehr\/wp-content\/uploads\/2021\/12\/IMG_20211016_165016-1536x1152.jpg 1536w, https:\/\/www.messern.at\/feuerwehr\/wp-content\/uploads\/2021\/12\/IMG_20211016_165016-2048x1536.jpg 2048w\" sizes=\"(max-width: 1024px) 100vw, 1024px\" \/><\/a><\/figure><\/li><\/ul><\/figure>\n","protected":false},"excerpt":{"rendered":"<p>Unsere beiden Feuerwehrmitglieder Christoph Lausch und Theresa Ringl haben im Oktober erfolgreich den Atemschutzlehrgang in Horn abgeschlossen. F\u00fcr zwei Tage besuchten unsere jungen Feuerwehrmitglieder diesen Kurs und k\u00f6nnen und d\u00fcrfen somit auch bei m\u00f6glichen Ernstf\u00e4llen oder \u00dcbungen das Atemschutzger\u00e4t anlegen. Durch die immer strengeren Aufnahmekriterien und laufenden gesundheitlichen Untersuchungen wird es immer schwieriger taugliche und [&hellip;]<\/p>\n","protected":false},"author":3,"featured_media":0,"comment_status":"closed","ping_status":"closed","sticky":false,"template":"","format":"standard","meta":[],"categories":[10],"tags":[],"acf":[],"_links":{"self":[{"href":"https:\/\/www.messern.at\/feuerwehr\/wp-json\/wp\/v2\/posts\/1165"}],"collection":[{"href":"https:\/\/www.messern.at\/feuerwehr\/wp-json\/wp\/v2\/posts"}],"about":[{"href":"https:\/\/www.messern.at\/feuerwehr\/wp-json\/wp\/v2\/types\/post"}],"author":[{"embeddable":true,"href":"https:\/\/www.messern.at\/feuerwehr\/wp-json\/wp\/v2\/users\/3"}],"replies":[{"embeddable":true,"href":"https:\/\/www.messern.at\/feuerwehr\/wp-json\/wp\/v2\/comments?post=1165"}],"version-history":[{"count":3,"href":"https:\/\/www.messern.at\/feuerwehr\/wp-json\/wp\/v2\/posts\/1165\/revisions"}],"predecessor-version":[{"id":1321,"href":"https:\/\/www.messern.at\/feuerwehr\/wp-json\/wp\/v2\/posts\/1165\/revisions\/1321"}],"wp:attachment":[{"href":"https:\/\/www.messern.at\/feuerwehr\/wp-json\/wp\/v2\/media?parent=1165"}],"wp:term":[{"taxonomy":"category","embeddable":true,"href":"https:\/\/www.messern.at\/feuerwehr\/wp-json\/wp\/v2\/categories?post=1165"},{"taxonomy":"post_tag","embeddable":true,"href":"https:\/\/www.messern.at\/feuerwehr\/wp-json\/wp\/v2\/tags?post=1165"}],"curies":[{"name":"wp","href":"https:\/\/api.w.org\/{rel}","templated":true}]}}