{"id":1114,"date":"2021-08-01T21:38:00","date_gmt":"2021-08-01T19:38:00","guid":{"rendered":"https:\/\/www.messern.at\/feuerwehr\/?p=1114"},"modified":"2021-12-07T21:52:40","modified_gmt":"2021-12-07T20:52:40","slug":"kirtag-2021","status":"publish","type":"post","link":"https:\/\/www.messern.at\/feuerwehr\/allgemein\/kirtag-2021\/","title":{"rendered":"Kirtag 2021"},"content":{"rendered":"\n<p>Nachdem im Jahr 2020 auf Grund der Corona Situation kein Kirtag stattfand, konnte in diesem Jahr unter Einhaltung der 3-G-Regel der traditionelle Kirtag wieder abgehalten werden.<\/p>\n\n\n\n<p>Kommandant Kevin Schmid-Metz mit seinem Stellvertreter Gerald Kaindl war es eine Freude, dass im Zuge des Kirtags die drei neuen Kameraden Julia Katzenschlager, Theresa Ringl sowie Christoph Lausch im Team der FF Messern begr\u00fc\u00dft werden konnten!<\/p>\n\n\n\n<p>Im Zuge der Hl. Messe wurden die Angelobung durchgef\u00fchrt. Theresa Ringl war verhindert und wird daher zu einem anderen Zeitpunkt offiziell angelobt.<\/p>\n\n\n\n<p>Besonders erfreut zeigte sich unser neues Kommando auch dar\u00fcber, dass es eine so reibungslose \u201e\u00dcbergabe\u201c zwischen dem \u201ealten\u201c und dem \u201eneuen\u201c Organisationsteam gab und der Festbetrieb so geordnet und in gewohnt toller Weise ablief.<\/p>\n\n\n\n<p>&nbsp;Im Zuge des Kirtags wurde auch wieder eine Blutspendeaktion des Roten Kreuzes abgehalten sowie Ehrungen durchgef\u00fchrt:<\/p>\n\n\n\n<p><strong>Verdienstmedaille 25maliges Blutspenden &#8211; BRONZE<\/strong><\/p>\n\n\n\n<p>Karl Braunsteiner, Andreas Fra\u00dfl, Andreas Herzog, Bernhard Plaim, Erich Schleritzko, Stefan Schmid, Christa Schwarzberger<\/p>\n\n\n\n<p><strong>Verdienstmedaille 50maliges Blutspenden&nbsp; &#8211; SILBER<\/strong><\/p>\n\n\n\n<p>J\u00fcrgen Lausch, Markus Umfogl, Christan Vogl<\/p>\n\n\n\n<p><strong>Verdienstmedaille 75maliges Blutspenden&nbsp; &#8211; GOLD<\/strong><\/p>\n\n\n\n<p>Franz Herzog Der \u201eVater der Blutspendeaktionen\u201c in unserer Marktgemeinde Feuerwehrmitglied Franz Umfogl trat nun den \u201eRot Kreuz-Ruhestand\u201c an und wurde von seinen Wegbegleitern f\u00fcr seine vielen Verdienste und jahrzehntelangen T\u00e4tigkeiten f\u00fcr das Rote Kreuz geehrt. \u201eOhne ihn w\u00fcrde es die Blutspendeaktionen in Messern (es war bereits die 44., die Franz Umfogl organisierte) und in Irnfritz nicht geben\u201c, schildert B\u00fcrgermeister Hermann Gruber. Zum Abschluss w\u00fcnschte Bruno Pind: \u201eFranz, denk weiter positiv &#8211; und bleib negativ, viel Gesundheit und danke f\u00fcr deine langj\u00e4hrige T\u00e4tigkeit f\u00fcr die Allgemeinheit!\u201c<\/p>\n\n\n\n<figure class=\"wp-block-gallery columns-3 is-cropped\"><ul class=\"blocks-gallery-grid\"><li class=\"blocks-gallery-item\"><figure><a href=\"https:\/\/www.messern.at\/feuerwehr\/wp-content\/uploads\/2021\/12\/DSC_7084-scaled.jpg\"><img loading=\"lazy\" width=\"1024\" height=\"683\" src=\"https:\/\/www.messern.at\/feuerwehr\/wp-content\/uploads\/2021\/12\/DSC_7084-1024x683.jpg\" alt=\"\" data-id=\"1126\" data-full-url=\"https:\/\/www.messern.at\/feuerwehr\/wp-content\/uploads\/2021\/12\/DSC_7084-scaled.jpg\" data-link=\"https:\/\/www.messern.at\/feuerwehr\/?attachment_id=1126\" class=\"wp-image-1126\" srcset=\"https:\/\/www.messern.at\/feuerwehr\/wp-content\/uploads\/2021\/12\/DSC_7084-1024x683.jpg 1024w, https:\/\/www.messern.at\/feuerwehr\/wp-content\/uploads\/2021\/12\/DSC_7084-300x200.jpg 300w, https:\/\/www.messern.at\/feuerwehr\/wp-content\/uploads\/2021\/12\/DSC_7084-768x512.jpg 768w, https:\/\/www.messern.at\/feuerwehr\/wp-content\/uploads\/2021\/12\/DSC_7084-1536x1024.jpg 1536w, https:\/\/www.messern.at\/feuerwehr\/wp-content\/uploads\/2021\/12\/DSC_7084-2048x1365.jpg 2048w\" sizes=\"(max-width: 1024px) 100vw, 1024px\" \/><\/a><\/figure><\/li><li class=\"blocks-gallery-item\"><figure><a href=\"https:\/\/www.messern.at\/feuerwehr\/wp-content\/uploads\/2021\/12\/DSC_6889-1-scaled.jpg\"><img loading=\"lazy\" width=\"1024\" height=\"683\" src=\"https:\/\/www.messern.at\/feuerwehr\/wp-content\/uploads\/2021\/12\/DSC_6889-1-1024x683.jpg\" alt=\"\" data-id=\"1139\" data-full-url=\"https:\/\/www.messern.at\/feuerwehr\/wp-content\/uploads\/2021\/12\/DSC_6889-1-scaled.jpg\" data-link=\"https:\/\/www.messern.at\/feuerwehr\/?attachment_id=1139\" class=\"wp-image-1139\" srcset=\"https:\/\/www.messern.at\/feuerwehr\/wp-content\/uploads\/2021\/12\/DSC_6889-1-1024x683.jpg 1024w, https:\/\/www.messern.at\/feuerwehr\/wp-content\/uploads\/2021\/12\/DSC_6889-1-300x200.jpg 300w, https:\/\/www.messern.at\/feuerwehr\/wp-content\/uploads\/2021\/12\/DSC_6889-1-768x512.jpg 768w, https:\/\/www.messern.at\/feuerwehr\/wp-content\/uploads\/2021\/12\/DSC_6889-1-1536x1024.jpg 1536w, https:\/\/www.messern.at\/feuerwehr\/wp-content\/uploads\/2021\/12\/DSC_6889-1-2048x1365.jpg 2048w\" sizes=\"(max-width: 1024px) 100vw, 1024px\" \/><\/a><\/figure><\/li><li class=\"blocks-gallery-item\"><figure><a href=\"https:\/\/www.messern.at\/feuerwehr\/wp-content\/uploads\/2021\/12\/DSC_6910-1-scaled.jpg\"><img loading=\"lazy\" width=\"1024\" height=\"683\" src=\"https:\/\/www.messern.at\/feuerwehr\/wp-content\/uploads\/2021\/12\/DSC_6910-1-1024x683.jpg\" alt=\"\" data-id=\"1141\" data-full-url=\"https:\/\/www.messern.at\/feuerwehr\/wp-content\/uploads\/2021\/12\/DSC_6910-1-scaled.jpg\" data-link=\"https:\/\/www.messern.at\/feuerwehr\/?attachment_id=1141\" class=\"wp-image-1141\" srcset=\"https:\/\/www.messern.at\/feuerwehr\/wp-content\/uploads\/2021\/12\/DSC_6910-1-1024x683.jpg 1024w, https:\/\/www.messern.at\/feuerwehr\/wp-content\/uploads\/2021\/12\/DSC_6910-1-300x200.jpg 300w, https:\/\/www.messern.at\/feuerwehr\/wp-content\/uploads\/2021\/12\/DSC_6910-1-768x512.jpg 768w, https:\/\/www.messern.at\/feuerwehr\/wp-content\/uploads\/2021\/12\/DSC_6910-1-1536x1024.jpg 1536w, https:\/\/www.messern.at\/feuerwehr\/wp-content\/uploads\/2021\/12\/DSC_6910-1-2048x1365.jpg 2048w\" sizes=\"(max-width: 1024px) 100vw, 1024px\" \/><\/a><\/figure><\/li><li class=\"blocks-gallery-item\"><figure><a href=\"https:\/\/www.messern.at\/feuerwehr\/wp-content\/uploads\/2021\/12\/DSC_6915-1-scaled.jpg\"><img loading=\"lazy\" width=\"1024\" height=\"683\" src=\"https:\/\/www.messern.at\/feuerwehr\/wp-content\/uploads\/2021\/12\/DSC_6915-1-1024x683.jpg\" alt=\"\" data-id=\"1143\" data-full-url=\"https:\/\/www.messern.at\/feuerwehr\/wp-content\/uploads\/2021\/12\/DSC_6915-1-scaled.jpg\" data-link=\"https:\/\/www.messern.at\/feuerwehr\/?attachment_id=1143\" class=\"wp-image-1143\" srcset=\"https:\/\/www.messern.at\/feuerwehr\/wp-content\/uploads\/2021\/12\/DSC_6915-1-1024x683.jpg 1024w, https:\/\/www.messern.at\/feuerwehr\/wp-content\/uploads\/2021\/12\/DSC_6915-1-300x200.jpg 300w, https:\/\/www.messern.at\/feuerwehr\/wp-content\/uploads\/2021\/12\/DSC_6915-1-768x512.jpg 768w, https:\/\/www.messern.at\/feuerwehr\/wp-content\/uploads\/2021\/12\/DSC_6915-1-1536x1024.jpg 1536w, https:\/\/www.messern.at\/feuerwehr\/wp-content\/uploads\/2021\/12\/DSC_6915-1-2048x1365.jpg 2048w\" sizes=\"(max-width: 1024px) 100vw, 1024px\" \/><\/a><\/figure><\/li><li class=\"blocks-gallery-item\"><figure><a href=\"https:\/\/www.messern.at\/feuerwehr\/wp-content\/uploads\/2021\/12\/DSC_6918-1-scaled.jpg\"><img loading=\"lazy\" width=\"1024\" height=\"683\" src=\"https:\/\/www.messern.at\/feuerwehr\/wp-content\/uploads\/2021\/12\/DSC_6918-1-1024x683.jpg\" alt=\"\" data-id=\"1145\" data-full-url=\"https:\/\/www.messern.at\/feuerwehr\/wp-content\/uploads\/2021\/12\/DSC_6918-1-scaled.jpg\" data-link=\"https:\/\/www.messern.at\/feuerwehr\/?attachment_id=1145\" class=\"wp-image-1145\" srcset=\"https:\/\/www.messern.at\/feuerwehr\/wp-content\/uploads\/2021\/12\/DSC_6918-1-1024x683.jpg 1024w, https:\/\/www.messern.at\/feuerwehr\/wp-content\/uploads\/2021\/12\/DSC_6918-1-300x200.jpg 300w, https:\/\/www.messern.at\/feuerwehr\/wp-content\/uploads\/2021\/12\/DSC_6918-1-768x512.jpg 768w, https:\/\/www.messern.at\/feuerwehr\/wp-content\/uploads\/2021\/12\/DSC_6918-1-1536x1024.jpg 1536w, https:\/\/www.messern.at\/feuerwehr\/wp-content\/uploads\/2021\/12\/DSC_6918-1-2048x1365.jpg 2048w\" sizes=\"(max-width: 1024px) 100vw, 1024px\" \/><\/a><\/figure><\/li><li class=\"blocks-gallery-item\"><figure><a href=\"https:\/\/www.messern.at\/feuerwehr\/wp-content\/uploads\/2021\/12\/DSC_6938-1-scaled.jpg\"><img loading=\"lazy\" width=\"1024\" height=\"683\" src=\"https:\/\/www.messern.at\/feuerwehr\/wp-content\/uploads\/2021\/12\/DSC_6938-1-1024x683.jpg\" alt=\"\" data-id=\"1147\" data-full-url=\"https:\/\/www.messern.at\/feuerwehr\/wp-content\/uploads\/2021\/12\/DSC_6938-1-scaled.jpg\" data-link=\"https:\/\/www.messern.at\/feuerwehr\/?attachment_id=1147\" class=\"wp-image-1147\" srcset=\"https:\/\/www.messern.at\/feuerwehr\/wp-content\/uploads\/2021\/12\/DSC_6938-1-1024x683.jpg 1024w, https:\/\/www.messern.at\/feuerwehr\/wp-content\/uploads\/2021\/12\/DSC_6938-1-300x200.jpg 300w, https:\/\/www.messern.at\/feuerwehr\/wp-content\/uploads\/2021\/12\/DSC_6938-1-768x512.jpg 768w, https:\/\/www.messern.at\/feuerwehr\/wp-content\/uploads\/2021\/12\/DSC_6938-1-1536x1024.jpg 1536w, https:\/\/www.messern.at\/feuerwehr\/wp-content\/uploads\/2021\/12\/DSC_6938-1-2048x1365.jpg 2048w\" sizes=\"(max-width: 1024px) 100vw, 1024px\" \/><\/a><\/figure><\/li><li class=\"blocks-gallery-item\"><figure><a href=\"https:\/\/www.messern.at\/feuerwehr\/wp-content\/uploads\/2021\/12\/DSC_7003-1-scaled.jpg\"><img loading=\"lazy\" width=\"1024\" height=\"683\" src=\"https:\/\/www.messern.at\/feuerwehr\/wp-content\/uploads\/2021\/12\/DSC_7003-1-1024x683.jpg\" alt=\"\" data-id=\"1149\" data-full-url=\"https:\/\/www.messern.at\/feuerwehr\/wp-content\/uploads\/2021\/12\/DSC_7003-1-scaled.jpg\" data-link=\"https:\/\/www.messern.at\/feuerwehr\/?attachment_id=1149\" class=\"wp-image-1149\" srcset=\"https:\/\/www.messern.at\/feuerwehr\/wp-content\/uploads\/2021\/12\/DSC_7003-1-1024x683.jpg 1024w, https:\/\/www.messern.at\/feuerwehr\/wp-content\/uploads\/2021\/12\/DSC_7003-1-300x200.jpg 300w, https:\/\/www.messern.at\/feuerwehr\/wp-content\/uploads\/2021\/12\/DSC_7003-1-768x512.jpg 768w, https:\/\/www.messern.at\/feuerwehr\/wp-content\/uploads\/2021\/12\/DSC_7003-1-1536x1024.jpg 1536w, https:\/\/www.messern.at\/feuerwehr\/wp-content\/uploads\/2021\/12\/DSC_7003-1-2048x1365.jpg 2048w\" sizes=\"(max-width: 1024px) 100vw, 1024px\" \/><\/a><\/figure><\/li><li class=\"blocks-gallery-item\"><figure><a href=\"https:\/\/www.messern.at\/feuerwehr\/wp-content\/uploads\/2021\/12\/DSC_7008-1-scaled.jpg\"><img loading=\"lazy\" width=\"1024\" height=\"683\" src=\"https:\/\/www.messern.at\/feuerwehr\/wp-content\/uploads\/2021\/12\/DSC_7008-1-1024x683.jpg\" alt=\"\" data-id=\"1150\" data-full-url=\"https:\/\/www.messern.at\/feuerwehr\/wp-content\/uploads\/2021\/12\/DSC_7008-1-scaled.jpg\" data-link=\"https:\/\/www.messern.at\/feuerwehr\/?attachment_id=1150\" class=\"wp-image-1150\" srcset=\"https:\/\/www.messern.at\/feuerwehr\/wp-content\/uploads\/2021\/12\/DSC_7008-1-1024x683.jpg 1024w, https:\/\/www.messern.at\/feuerwehr\/wp-content\/uploads\/2021\/12\/DSC_7008-1-300x200.jpg 300w, https:\/\/www.messern.at\/feuerwehr\/wp-content\/uploads\/2021\/12\/DSC_7008-1-768x512.jpg 768w, https:\/\/www.messern.at\/feuerwehr\/wp-content\/uploads\/2021\/12\/DSC_7008-1-1536x1024.jpg 1536w, https:\/\/www.messern.at\/feuerwehr\/wp-content\/uploads\/2021\/12\/DSC_7008-1-2048x1365.jpg 2048w\" sizes=\"(max-width: 1024px) 100vw, 1024px\" \/><\/a><\/figure><\/li><li class=\"blocks-gallery-item\"><figure><a href=\"https:\/\/www.messern.at\/feuerwehr\/wp-content\/uploads\/2021\/12\/DSC_7016-1-scaled.jpg\"><img loading=\"lazy\" width=\"1024\" height=\"683\" src=\"https:\/\/www.messern.at\/feuerwehr\/wp-content\/uploads\/2021\/12\/DSC_7016-1-1024x683.jpg\" alt=\"\" data-id=\"1151\" data-full-url=\"https:\/\/www.messern.at\/feuerwehr\/wp-content\/uploads\/2021\/12\/DSC_7016-1-scaled.jpg\" data-link=\"https:\/\/www.messern.at\/feuerwehr\/?attachment_id=1151\" class=\"wp-image-1151\" srcset=\"https:\/\/www.messern.at\/feuerwehr\/wp-content\/uploads\/2021\/12\/DSC_7016-1-1024x683.jpg 1024w, https:\/\/www.messern.at\/feuerwehr\/wp-content\/uploads\/2021\/12\/DSC_7016-1-300x200.jpg 300w, https:\/\/www.messern.at\/feuerwehr\/wp-content\/uploads\/2021\/12\/DSC_7016-1-768x512.jpg 768w, https:\/\/www.messern.at\/feuerwehr\/wp-content\/uploads\/2021\/12\/DSC_7016-1-1536x1024.jpg 1536w, https:\/\/www.messern.at\/feuerwehr\/wp-content\/uploads\/2021\/12\/DSC_7016-1-2048x1365.jpg 2048w\" sizes=\"(max-width: 1024px) 100vw, 1024px\" \/><\/a><\/figure><\/li><li class=\"blocks-gallery-item\"><figure><a href=\"https:\/\/www.messern.at\/feuerwehr\/wp-content\/uploads\/2021\/12\/DSC_7028-1-scaled.jpg\"><img loading=\"lazy\" width=\"1024\" height=\"683\" src=\"https:\/\/www.messern.at\/feuerwehr\/wp-content\/uploads\/2021\/12\/DSC_7028-1-1024x683.jpg\" alt=\"\" data-id=\"1152\" data-full-url=\"https:\/\/www.messern.at\/feuerwehr\/wp-content\/uploads\/2021\/12\/DSC_7028-1-scaled.jpg\" data-link=\"https:\/\/www.messern.at\/feuerwehr\/?attachment_id=1152\" class=\"wp-image-1152\" srcset=\"https:\/\/www.messern.at\/feuerwehr\/wp-content\/uploads\/2021\/12\/DSC_7028-1-1024x683.jpg 1024w, https:\/\/www.messern.at\/feuerwehr\/wp-content\/uploads\/2021\/12\/DSC_7028-1-300x200.jpg 300w, https:\/\/www.messern.at\/feuerwehr\/wp-content\/uploads\/2021\/12\/DSC_7028-1-768x512.jpg 768w, https:\/\/www.messern.at\/feuerwehr\/wp-content\/uploads\/2021\/12\/DSC_7028-1-1536x1024.jpg 1536w, https:\/\/www.messern.at\/feuerwehr\/wp-content\/uploads\/2021\/12\/DSC_7028-1-2048x1365.jpg 2048w\" sizes=\"(max-width: 1024px) 100vw, 1024px\" \/><\/a><\/figure><\/li><li class=\"blocks-gallery-item\"><figure><a href=\"https:\/\/www.messern.at\/feuerwehr\/wp-content\/uploads\/2021\/12\/DSC_7030-1-scaled.jpg\"><img loading=\"lazy\" width=\"1024\" height=\"683\" src=\"https:\/\/www.messern.at\/feuerwehr\/wp-content\/uploads\/2021\/12\/DSC_7030-1-1024x683.jpg\" alt=\"\" data-id=\"1153\" data-full-url=\"https:\/\/www.messern.at\/feuerwehr\/wp-content\/uploads\/2021\/12\/DSC_7030-1-scaled.jpg\" data-link=\"https:\/\/www.messern.at\/feuerwehr\/?attachment_id=1153\" class=\"wp-image-1153\" srcset=\"https:\/\/www.messern.at\/feuerwehr\/wp-content\/uploads\/2021\/12\/DSC_7030-1-1024x683.jpg 1024w, https:\/\/www.messern.at\/feuerwehr\/wp-content\/uploads\/2021\/12\/DSC_7030-1-300x200.jpg 300w, https:\/\/www.messern.at\/feuerwehr\/wp-content\/uploads\/2021\/12\/DSC_7030-1-768x512.jpg 768w, https:\/\/www.messern.at\/feuerwehr\/wp-content\/uploads\/2021\/12\/DSC_7030-1-1536x1024.jpg 1536w, https:\/\/www.messern.at\/feuerwehr\/wp-content\/uploads\/2021\/12\/DSC_7030-1-2048x1365.jpg 2048w\" sizes=\"(max-width: 1024px) 100vw, 1024px\" \/><\/a><\/figure><\/li><li class=\"blocks-gallery-item\"><figure><a href=\"https:\/\/www.messern.at\/feuerwehr\/wp-content\/uploads\/2021\/12\/DSC_7034-1-scaled.jpg\"><img loading=\"lazy\" width=\"1024\" height=\"683\" src=\"https:\/\/www.messern.at\/feuerwehr\/wp-content\/uploads\/2021\/12\/DSC_7034-1-1024x683.jpg\" alt=\"\" data-id=\"1154\" data-full-url=\"https:\/\/www.messern.at\/feuerwehr\/wp-content\/uploads\/2021\/12\/DSC_7034-1-scaled.jpg\" data-link=\"https:\/\/www.messern.at\/feuerwehr\/?attachment_id=1154\" class=\"wp-image-1154\" srcset=\"https:\/\/www.messern.at\/feuerwehr\/wp-content\/uploads\/2021\/12\/DSC_7034-1-1024x683.jpg 1024w, https:\/\/www.messern.at\/feuerwehr\/wp-content\/uploads\/2021\/12\/DSC_7034-1-300x200.jpg 300w, https:\/\/www.messern.at\/feuerwehr\/wp-content\/uploads\/2021\/12\/DSC_7034-1-768x512.jpg 768w, https:\/\/www.messern.at\/feuerwehr\/wp-content\/uploads\/2021\/12\/DSC_7034-1-1536x1024.jpg 1536w, https:\/\/www.messern.at\/feuerwehr\/wp-content\/uploads\/2021\/12\/DSC_7034-1-2048x1365.jpg 2048w\" sizes=\"(max-width: 1024px) 100vw, 1024px\" \/><\/a><\/figure><\/li><li class=\"blocks-gallery-item\"><figure><a href=\"https:\/\/www.messern.at\/feuerwehr\/wp-content\/uploads\/2021\/12\/DSC_7037-1-scaled.jpg\"><img loading=\"lazy\" width=\"1024\" height=\"683\" src=\"https:\/\/www.messern.at\/feuerwehr\/wp-content\/uploads\/2021\/12\/DSC_7037-1-1024x683.jpg\" alt=\"\" data-id=\"1155\" data-full-url=\"https:\/\/www.messern.at\/feuerwehr\/wp-content\/uploads\/2021\/12\/DSC_7037-1-scaled.jpg\" data-link=\"https:\/\/www.messern.at\/feuerwehr\/?attachment_id=1155\" class=\"wp-image-1155\" srcset=\"https:\/\/www.messern.at\/feuerwehr\/wp-content\/uploads\/2021\/12\/DSC_7037-1-1024x683.jpg 1024w, https:\/\/www.messern.at\/feuerwehr\/wp-content\/uploads\/2021\/12\/DSC_7037-1-300x200.jpg 300w, https:\/\/www.messern.at\/feuerwehr\/wp-content\/uploads\/2021\/12\/DSC_7037-1-768x512.jpg 768w, https:\/\/www.messern.at\/feuerwehr\/wp-content\/uploads\/2021\/12\/DSC_7037-1-1536x1024.jpg 1536w, https:\/\/www.messern.at\/feuerwehr\/wp-content\/uploads\/2021\/12\/DSC_7037-1-2048x1365.jpg 2048w\" sizes=\"(max-width: 1024px) 100vw, 1024px\" \/><\/a><\/figure><\/li><li class=\"blocks-gallery-item\"><figure><a href=\"https:\/\/www.messern.at\/feuerwehr\/wp-content\/uploads\/2021\/12\/DSC_7040-1-scaled.jpg\"><img loading=\"lazy\" width=\"1024\" height=\"683\" src=\"https:\/\/www.messern.at\/feuerwehr\/wp-content\/uploads\/2021\/12\/DSC_7040-1-1024x683.jpg\" alt=\"\" data-id=\"1157\" data-full-url=\"https:\/\/www.messern.at\/feuerwehr\/wp-content\/uploads\/2021\/12\/DSC_7040-1-scaled.jpg\" data-link=\"https:\/\/www.messern.at\/feuerwehr\/?attachment_id=1157\" class=\"wp-image-1157\" srcset=\"https:\/\/www.messern.at\/feuerwehr\/wp-content\/uploads\/2021\/12\/DSC_7040-1-1024x683.jpg 1024w, https:\/\/www.messern.at\/feuerwehr\/wp-content\/uploads\/2021\/12\/DSC_7040-1-300x200.jpg 300w, https:\/\/www.messern.at\/feuerwehr\/wp-content\/uploads\/2021\/12\/DSC_7040-1-768x512.jpg 768w, https:\/\/www.messern.at\/feuerwehr\/wp-content\/uploads\/2021\/12\/DSC_7040-1-1536x1024.jpg 1536w, https:\/\/www.messern.at\/feuerwehr\/wp-content\/uploads\/2021\/12\/DSC_7040-1-2048x1365.jpg 2048w\" sizes=\"(max-width: 1024px) 100vw, 1024px\" \/><\/a><\/figure><\/li><li class=\"blocks-gallery-item\"><figure><a href=\"https:\/\/www.messern.at\/feuerwehr\/wp-content\/uploads\/2021\/12\/DSC_7046-1-scaled.jpg\"><img loading=\"lazy\" width=\"1024\" height=\"683\" src=\"https:\/\/www.messern.at\/feuerwehr\/wp-content\/uploads\/2021\/12\/DSC_7046-1-1024x683.jpg\" alt=\"\" data-id=\"1158\" data-full-url=\"https:\/\/www.messern.at\/feuerwehr\/wp-content\/uploads\/2021\/12\/DSC_7046-1-scaled.jpg\" data-link=\"https:\/\/www.messern.at\/feuerwehr\/?attachment_id=1158\" class=\"wp-image-1158\" srcset=\"https:\/\/www.messern.at\/feuerwehr\/wp-content\/uploads\/2021\/12\/DSC_7046-1-1024x683.jpg 1024w, https:\/\/www.messern.at\/feuerwehr\/wp-content\/uploads\/2021\/12\/DSC_7046-1-300x200.jpg 300w, https:\/\/www.messern.at\/feuerwehr\/wp-content\/uploads\/2021\/12\/DSC_7046-1-768x512.jpg 768w, https:\/\/www.messern.at\/feuerwehr\/wp-content\/uploads\/2021\/12\/DSC_7046-1-1536x1024.jpg 1536w, https:\/\/www.messern.at\/feuerwehr\/wp-content\/uploads\/2021\/12\/DSC_7046-1-2048x1365.jpg 2048w\" sizes=\"(max-width: 1024px) 100vw, 1024px\" \/><\/a><\/figure><\/li><li class=\"blocks-gallery-item\"><figure><a href=\"https:\/\/www.messern.at\/feuerwehr\/wp-content\/uploads\/2021\/12\/DSC_7056-1-scaled.jpg\"><img loading=\"lazy\" width=\"1024\" height=\"683\" src=\"https:\/\/www.messern.at\/feuerwehr\/wp-content\/uploads\/2021\/12\/DSC_7056-1-1024x683.jpg\" alt=\"\" data-id=\"1159\" data-full-url=\"https:\/\/www.messern.at\/feuerwehr\/wp-content\/uploads\/2021\/12\/DSC_7056-1-scaled.jpg\" data-link=\"https:\/\/www.messern.at\/feuerwehr\/?attachment_id=1159\" class=\"wp-image-1159\" srcset=\"https:\/\/www.messern.at\/feuerwehr\/wp-content\/uploads\/2021\/12\/DSC_7056-1-1024x683.jpg 1024w, https:\/\/www.messern.at\/feuerwehr\/wp-content\/uploads\/2021\/12\/DSC_7056-1-300x200.jpg 300w, https:\/\/www.messern.at\/feuerwehr\/wp-content\/uploads\/2021\/12\/DSC_7056-1-768x512.jpg 768w, https:\/\/www.messern.at\/feuerwehr\/wp-content\/uploads\/2021\/12\/DSC_7056-1-1536x1024.jpg 1536w, https:\/\/www.messern.at\/feuerwehr\/wp-content\/uploads\/2021\/12\/DSC_7056-1-2048x1365.jpg 2048w\" sizes=\"(max-width: 1024px) 100vw, 1024px\" \/><\/a><\/figure><\/li><li class=\"blocks-gallery-item\"><figure><a href=\"https:\/\/www.messern.at\/feuerwehr\/wp-content\/uploads\/2021\/12\/DSC_7065-1-scaled.jpg\"><img loading=\"lazy\" width=\"1024\" height=\"683\" src=\"https:\/\/www.messern.at\/feuerwehr\/wp-content\/uploads\/2021\/12\/DSC_7065-1-1024x683.jpg\" alt=\"\" data-id=\"1160\" data-full-url=\"https:\/\/www.messern.at\/feuerwehr\/wp-content\/uploads\/2021\/12\/DSC_7065-1-scaled.jpg\" data-link=\"https:\/\/www.messern.at\/feuerwehr\/?attachment_id=1160\" class=\"wp-image-1160\" srcset=\"https:\/\/www.messern.at\/feuerwehr\/wp-content\/uploads\/2021\/12\/DSC_7065-1-1024x683.jpg 1024w, https:\/\/www.messern.at\/feuerwehr\/wp-content\/uploads\/2021\/12\/DSC_7065-1-300x200.jpg 300w, https:\/\/www.messern.at\/feuerwehr\/wp-content\/uploads\/2021\/12\/DSC_7065-1-768x512.jpg 768w, https:\/\/www.messern.at\/feuerwehr\/wp-content\/uploads\/2021\/12\/DSC_7065-1-1536x1024.jpg 1536w, https:\/\/www.messern.at\/feuerwehr\/wp-content\/uploads\/2021\/12\/DSC_7065-1-2048x1365.jpg 2048w\" sizes=\"(max-width: 1024px) 100vw, 1024px\" \/><\/a><\/figure><\/li><li class=\"blocks-gallery-item\"><figure><a href=\"https:\/\/www.messern.at\/feuerwehr\/wp-content\/uploads\/2021\/12\/DSC_7067-1-scaled.jpg\"><img loading=\"lazy\" width=\"1024\" height=\"683\" src=\"https:\/\/www.messern.at\/feuerwehr\/wp-content\/uploads\/2021\/12\/DSC_7067-1-1024x683.jpg\" alt=\"\" data-id=\"1161\" data-full-url=\"https:\/\/www.messern.at\/feuerwehr\/wp-content\/uploads\/2021\/12\/DSC_7067-1-scaled.jpg\" data-link=\"https:\/\/www.messern.at\/feuerwehr\/?attachment_id=1161\" class=\"wp-image-1161\" srcset=\"https:\/\/www.messern.at\/feuerwehr\/wp-content\/uploads\/2021\/12\/DSC_7067-1-1024x683.jpg 1024w, https:\/\/www.messern.at\/feuerwehr\/wp-content\/uploads\/2021\/12\/DSC_7067-1-300x200.jpg 300w, https:\/\/www.messern.at\/feuerwehr\/wp-content\/uploads\/2021\/12\/DSC_7067-1-768x512.jpg 768w, https:\/\/www.messern.at\/feuerwehr\/wp-content\/uploads\/2021\/12\/DSC_7067-1-1536x1024.jpg 1536w, https:\/\/www.messern.at\/feuerwehr\/wp-content\/uploads\/2021\/12\/DSC_7067-1-2048x1365.jpg 2048w\" sizes=\"(max-width: 1024px) 100vw, 1024px\" \/><\/a><\/figure><\/li><li class=\"blocks-gallery-item\"><figure><a href=\"https:\/\/www.messern.at\/feuerwehr\/wp-content\/uploads\/2021\/12\/DSC_7070-1-scaled.jpg\"><img loading=\"lazy\" width=\"1024\" height=\"683\" src=\"https:\/\/www.messern.at\/feuerwehr\/wp-content\/uploads\/2021\/12\/DSC_7070-1-1024x683.jpg\" alt=\"\" data-id=\"1162\" data-full-url=\"https:\/\/www.messern.at\/feuerwehr\/wp-content\/uploads\/2021\/12\/DSC_7070-1-scaled.jpg\" data-link=\"https:\/\/www.messern.at\/feuerwehr\/?attachment_id=1162\" class=\"wp-image-1162\" srcset=\"https:\/\/www.messern.at\/feuerwehr\/wp-content\/uploads\/2021\/12\/DSC_7070-1-1024x683.jpg 1024w, https:\/\/www.messern.at\/feuerwehr\/wp-content\/uploads\/2021\/12\/DSC_7070-1-300x200.jpg 300w, https:\/\/www.messern.at\/feuerwehr\/wp-content\/uploads\/2021\/12\/DSC_7070-1-768x512.jpg 768w, https:\/\/www.messern.at\/feuerwehr\/wp-content\/uploads\/2021\/12\/DSC_7070-1-1536x1024.jpg 1536w, https:\/\/www.messern.at\/feuerwehr\/wp-content\/uploads\/2021\/12\/DSC_7070-1-2048x1365.jpg 2048w\" sizes=\"(max-width: 1024px) 100vw, 1024px\" \/><\/a><\/figure><\/li><li class=\"blocks-gallery-item\"><figure><a href=\"https:\/\/www.messern.at\/feuerwehr\/wp-content\/uploads\/2021\/12\/DSC_7077-1-scaled.jpg\"><img loading=\"lazy\" width=\"1024\" height=\"683\" src=\"https:\/\/www.messern.at\/feuerwehr\/wp-content\/uploads\/2021\/12\/DSC_7077-1-1024x683.jpg\" alt=\"\" data-id=\"1163\" data-full-url=\"https:\/\/www.messern.at\/feuerwehr\/wp-content\/uploads\/2021\/12\/DSC_7077-1-scaled.jpg\" data-link=\"https:\/\/www.messern.at\/feuerwehr\/?attachment_id=1163\" class=\"wp-image-1163\" srcset=\"https:\/\/www.messern.at\/feuerwehr\/wp-content\/uploads\/2021\/12\/DSC_7077-1-1024x683.jpg 1024w, https:\/\/www.messern.at\/feuerwehr\/wp-content\/uploads\/2021\/12\/DSC_7077-1-300x200.jpg 300w, https:\/\/www.messern.at\/feuerwehr\/wp-content\/uploads\/2021\/12\/DSC_7077-1-768x512.jpg 768w, https:\/\/www.messern.at\/feuerwehr\/wp-content\/uploads\/2021\/12\/DSC_7077-1-1536x1024.jpg 1536w, https:\/\/www.messern.at\/feuerwehr\/wp-content\/uploads\/2021\/12\/DSC_7077-1-2048x1365.jpg 2048w\" sizes=\"(max-width: 1024px) 100vw, 1024px\" \/><\/a><\/figure><\/li><li class=\"blocks-gallery-item\"><figure><a href=\"https:\/\/www.messern.at\/feuerwehr\/wp-content\/uploads\/2021\/12\/DSC_7080-1-scaled.jpg\"><img loading=\"lazy\" width=\"1024\" height=\"683\" src=\"https:\/\/www.messern.at\/feuerwehr\/wp-content\/uploads\/2021\/12\/DSC_7080-1-1024x683.jpg\" alt=\"\" data-id=\"1164\" data-full-url=\"https:\/\/www.messern.at\/feuerwehr\/wp-content\/uploads\/2021\/12\/DSC_7080-1-scaled.jpg\" data-link=\"https:\/\/www.messern.at\/feuerwehr\/?attachment_id=1164\" class=\"wp-image-1164\" srcset=\"https:\/\/www.messern.at\/feuerwehr\/wp-content\/uploads\/2021\/12\/DSC_7080-1-1024x683.jpg 1024w, https:\/\/www.messern.at\/feuerwehr\/wp-content\/uploads\/2021\/12\/DSC_7080-1-300x200.jpg 300w, https:\/\/www.messern.at\/feuerwehr\/wp-content\/uploads\/2021\/12\/DSC_7080-1-768x512.jpg 768w, https:\/\/www.messern.at\/feuerwehr\/wp-content\/uploads\/2021\/12\/DSC_7080-1-1536x1024.jpg 1536w, https:\/\/www.messern.at\/feuerwehr\/wp-content\/uploads\/2021\/12\/DSC_7080-1-2048x1365.jpg 2048w\" sizes=\"(max-width: 1024px) 100vw, 1024px\" \/><\/a><\/figure><\/li><\/ul><\/figure>\n","protected":false},"excerpt":{"rendered":"<p>Nachdem im Jahr 2020 auf Grund der Corona Situation kein Kirtag stattfand, konnte in diesem Jahr unter Einhaltung der 3-G-Regel der traditionelle Kirtag wieder abgehalten werden. Kommandant Kevin Schmid-Metz mit seinem Stellvertreter Gerald Kaindl war es eine Freude, dass im Zuge des Kirtags die drei neuen Kameraden Julia Katzenschlager, Theresa Ringl sowie Christoph Lausch im [&hellip;]<\/p>\n","protected":false},"author":5,"featured_media":1150,"comment_status":"closed","ping_status":"closed","sticky":false,"template":"","format":"standard","meta":[],"categories":[10],"tags":[],"acf":[],"_links":{"self":[{"href":"https:\/\/www.messern.at\/feuerwehr\/wp-json\/wp\/v2\/posts\/1114"}],"collection":[{"href":"https:\/\/www.messern.at\/feuerwehr\/wp-json\/wp\/v2\/posts"}],"about":[{"href":"https:\/\/www.messern.at\/feuerwehr\/wp-json\/wp\/v2\/types\/post"}],"author":[{"embeddable":true,"href":"https:\/\/www.messern.at\/feuerwehr\/wp-json\/wp\/v2\/users\/5"}],"replies":[{"embeddable":true,"href":"https:\/\/www.messern.at\/feuerwehr\/wp-json\/wp\/v2\/comments?post=1114"}],"version-history":[{"count":1,"href":"https:\/\/www.messern.at\/feuerwehr\/wp-json\/wp\/v2\/posts\/1114\/revisions"}],"predecessor-version":[{"id":1168,"href":"https:\/\/www.messern.at\/feuerwehr\/wp-json\/wp\/v2\/posts\/1114\/revisions\/1168"}],"wp:featuredmedia":[{"embeddable":true,"href":"https:\/\/www.messern.at\/feuerwehr\/wp-json\/wp\/v2\/media\/1150"}],"wp:attachment":[{"href":"https:\/\/www.messern.at\/feuerwehr\/wp-json\/wp\/v2\/media?parent=1114"}],"wp:term":[{"taxonomy":"category","embeddable":true,"href":"https:\/\/www.messern.at\/feuerwehr\/wp-json\/wp\/v2\/categories?post=1114"},{"taxonomy":"post_tag","embeddable":true,"href":"https:\/\/www.messern.at\/feuerwehr\/wp-json\/wp\/v2\/tags?post=1114"}],"curies":[{"name":"wp","href":"https:\/\/api.w.org\/{rel}","templated":true}]}}