{"id":1061,"date":"2021-07-06T21:10:00","date_gmt":"2021-07-06T19:10:00","guid":{"rendered":"https:\/\/www.messern.at\/feuerwehr\/?p=1061"},"modified":"2021-12-07T21:55:23","modified_gmt":"2021-12-07T20:55:23","slug":"karl-brandstaetter","status":"publish","type":"post","link":"https:\/\/www.messern.at\/feuerwehr\/allgemein\/karl-brandstaetter\/","title":{"rendered":"Karl Brandst\u00e4tter"},"content":{"rendered":"\n<h1 class=\"has-normal-font-size\"><strong>08.08.1940 bis 06.07.2021<\/strong><\/h1>\n\n\n\n<p>Im Juli 2021 musste die Mitglieder der Feuerwehr Messern von unserem Feuerwehrkameraden Herrn EHBM Karl Brandst\u00e4tter Abschied nehmen.<\/p>\n\n\n\n<p>Wir m\u00f6chten an dieser Stelle einen Werdegang unseres Kameraden in der Feuerwehr berichten:<\/p>\n\n\n\n<p>Karl trat im Jahr 1958 der Freiwilligen Feuerwehr Aspang am Wechsel bei, wo er auch geboren wurde. Schon 1959 lie\u00df er sich zur Freiwilligen Feuerwehr Blumau an der Wild \u00fcberstellen und absolvierte im Jahr darauf die Chargenlehrg\u00e4nge I und II, also die Ausbildung zum Gruppenkommandanten und zum Zugskommandanten. Im selben Jahr errang er mit der Bewerbsgruppe Blumau das Feuerwehrleistungs-abzeichen in Bronze und Silber bei den Landesfeuerwehrleistungsbewerben in Mistelbach.<\/p>\n\n\n\n<p>Am 1. Dezember 1964 \u00fcbersiedelte Karl dann nach Messern und wurde im Jahr 1965 auch zur Freiwilligen Feuerwehr Messern \u00fcberstellt und war seitdem Mitglied unserer Wehr.<\/p>\n\n\n\n<p>Im Jahr 1976 wurde Karl vom damaligen Feuerwehrkommandanten Franz Umfogl zum Zugskommandanten ernannt und hatte diese Funktion bis 2001, also 25 Jahre inne.<\/p>\n\n\n\n<p>In der Zeit als Zugskommandant und somit Mitglied des erweiterten Kommandos wurden zahlreiche Anschaffungen und Investitionen get\u00e4tigt: der Ankauf von mehreren Feuerwehrfahrzeugen gekr\u00f6nt mit dem Ankauf des gro\u00dfen Tankl\u00f6schfahrzeuges im Jahr 1997 und nat\u00fcrlich der Bau des Feuerwehrhauses, das 1987 in Betrieb genommen wurde.<\/p>\n\n\n\n<p>F\u00fcr sein Engagement in der Feuerwehr wurde er im Jahr 1993 mit dem Verdienstzeichen des N\u00d6 Landesfeuerwehrverbandes in Bronze 3. Klasse geehrt. Seine Treue zur Feuerwehr wurde im Jahr 1997 durch das Ehrenzeichen f\u00fcr vielj\u00e4hrige verdienstvolle T\u00e4tigkeit auf dem Gebiete des Feuerwehr- und Rettungswesens f\u00fcr 25 Jahre hervorgehoben. Im Jahr 2012 konnte er das Ehrenzeichen f\u00fcr 40 Jahre entgegennehmen.<\/p>\n\n\n\n<p>Viele von uns erinnern uns noch an Karl als \u201eOberkassier\u201c bei den diversen Feuerwehrfesten und nat\u00fcrlich auch an die sch\u00f6ne und fr\u00f6hliche Geburtstagsfeier anl\u00e4sslich des 70. Geburtstags im Hof der Familie Brandst\u00e4tter.<\/p>\n\n\n\n<p>Neben der Feuerwehr m\u00f6chten wir die T\u00e4tigkeiten von Karl in unserem Sparverein nicht unerw\u00e4hnt lassen, wo er von 1974 bis 2001 Obmann war. Er beeindrucke uns in dieser Zeit bei den j\u00e4hrlichen gem\u00fctlichen Auszahlungen mit steigenden Mitgliederzahlen und Ums\u00e4tzen.<\/p>\n\n\n\n<p>Auf Wunsch von Familie Brandst\u00e4tter wurde die Grabansprache von unserem ehemaliger Kommandant Klaus Ringl abgehalten. Er erz\u00e4hlte damals: \u201eIch pers\u00f6nlich behalte sicherlich die vielen Gespr\u00e4che im Kaufhaus oder bei sonstigen Treffen in Erinnerung, wo wir \u00fcber Gott und die Welt gesprochen und auch viel gelacht haben. Ein kleiner Witz, ein kurzer Schm\u00e4h, wo das Wort \u201eg\u00fcnstig\u201c nie fehlen durfte zauberte bei allen Leuten immer ein L\u00e4cheln auf die Lippen. Aber auch die Schnapser-Partien, wo Karl sicherlich zu den besten z\u00e4hlte (es war ja so glaube ich sein Lieblingshobby), waren immer wieder eine Hetz. M\u00f6gen die Karten f\u00fcr dich im Himmel \u201eg\u00fcnstig\u201c fallen!\u201c Die Kammeraden der Feuerwehr Messern d\u00fcrfen dir f\u00fcr deine \u00fcber 60-j\u00e4hrige Treue bei der Feuerwehr und f\u00fcr deinen Einsatz f\u00fcr unsere Feuerwehr und f\u00fcr deine Kameradschaft danken.<br><\/p>\n\n\n\n<figure class=\"wp-block-gallery columns-1 is-cropped\"><ul class=\"blocks-gallery-grid\"><li class=\"blocks-gallery-item\"><figure><img loading=\"lazy\" width=\"1024\" height=\"681\" src=\"https:\/\/www.messern.at\/feuerwehr\/wp-content\/uploads\/2021\/12\/Tinkl-Verabschiedung-1024x681.jpg\" alt=\"\" data-id=\"1063\" data-link=\"https:\/\/www.messern.at\/feuerwehr\/?attachment_id=1063\" class=\"wp-image-1063\" srcset=\"https:\/\/www.messern.at\/feuerwehr\/wp-content\/uploads\/2021\/12\/Tinkl-Verabschiedung-1024x681.jpg 1024w, https:\/\/www.messern.at\/feuerwehr\/wp-content\/uploads\/2021\/12\/Tinkl-Verabschiedung-300x199.jpg 300w, https:\/\/www.messern.at\/feuerwehr\/wp-content\/uploads\/2021\/12\/Tinkl-Verabschiedung-768x511.jpg 768w, https:\/\/www.messern.at\/feuerwehr\/wp-content\/uploads\/2021\/12\/Tinkl-Verabschiedung-1536x1021.jpg 1536w, https:\/\/www.messern.at\/feuerwehr\/wp-content\/uploads\/2021\/12\/Tinkl-Verabschiedung-2048x1362.jpg 2048w\" sizes=\"(max-width: 1024px) 100vw, 1024px\" \/><\/figure><\/li><\/ul><\/figure>\n\n\n\n<figure class=\"wp-block-gallery columns-2 is-cropped\"><ul class=\"blocks-gallery-grid\"><li class=\"blocks-gallery-item\"><figure><img src=\"https:\/\/www.messern.at\/feuerwehr\/wp-content\/uploads\/2021\/12\/DOC190721-19072021073259-0001-3.tif\" alt=\"\" data-id=\"1072\" data-link=\"https:\/\/www.messern.at\/feuerwehr\/allgemein\/karl-brandstaetter\/attachment\/doc190721-19072021073259-0001-3\/\" class=\"wp-image-1072\"\/><\/figure><\/li><li class=\"blocks-gallery-item\"><figure><img src=\"https:\/\/www.messern.at\/feuerwehr\/wp-content\/uploads\/2021\/12\/DOC190721-19072021073259-0001-4.tif\" alt=\"\" data-id=\"1074\" data-link=\"https:\/\/www.messern.at\/feuerwehr\/allgemein\/karl-brandstaetter\/attachment\/doc190721-19072021073259-0001-4\/\" class=\"wp-image-1074\"\/><\/figure><\/li><\/ul><\/figure>\n\n\n\n<figure class=\"wp-block-gallery columns-2 is-cropped\"><ul class=\"blocks-gallery-grid\"><li class=\"blocks-gallery-item\"><figure><img src=\"https:\/\/www.messern.at\/feuerwehr\/wp-content\/uploads\/2021\/12\/DOC190721-19072021073259-0001-5.tif\" alt=\"\" data-id=\"1075\" data-link=\"https:\/\/www.messern.at\/feuerwehr\/allgemein\/karl-brandstaetter\/attachment\/doc190721-19072021073259-0001-5\/\" class=\"wp-image-1075\"\/><\/figure><\/li><li class=\"blocks-gallery-item\"><figure><img src=\"https:\/\/www.messern.at\/feuerwehr\/wp-content\/uploads\/2021\/12\/0001-1.tif\" alt=\"\" data-id=\"1084\" data-link=\"https:\/\/www.messern.at\/feuerwehr\/allgemein\/karl-brandstaetter\/attachment\/0001-1\/\" class=\"wp-image-1084\"\/><\/figure><\/li><\/ul><\/figure>\n","protected":false},"excerpt":{"rendered":"<p>08.08.1940 bis 06.07.2021 Im Juli 2021 musste die Mitglieder der Feuerwehr Messern von unserem Feuerwehrkameraden Herrn EHBM Karl Brandst\u00e4tter Abschied nehmen. Wir m\u00f6chten an dieser Stelle einen Werdegang unseres Kameraden in der Feuerwehr berichten: Karl trat im Jahr 1958 der Freiwilligen Feuerwehr Aspang am Wechsel bei, wo er auch geboren wurde. Schon 1959 lie\u00df er [&hellip;]<\/p>\n","protected":false},"author":5,"featured_media":1063,"comment_status":"closed","ping_status":"closed","sticky":false,"template":"","format":"standard","meta":[],"categories":[10],"tags":[],"acf":[],"_links":{"self":[{"href":"https:\/\/www.messern.at\/feuerwehr\/wp-json\/wp\/v2\/posts\/1061"}],"collection":[{"href":"https:\/\/www.messern.at\/feuerwehr\/wp-json\/wp\/v2\/posts"}],"about":[{"href":"https:\/\/www.messern.at\/feuerwehr\/wp-json\/wp\/v2\/types\/post"}],"author":[{"embeddable":true,"href":"https:\/\/www.messern.at\/feuerwehr\/wp-json\/wp\/v2\/users\/5"}],"replies":[{"embeddable":true,"href":"https:\/\/www.messern.at\/feuerwehr\/wp-json\/wp\/v2\/comments?post=1061"}],"version-history":[{"count":4,"href":"https:\/\/www.messern.at\/feuerwehr\/wp-json\/wp\/v2\/posts\/1061\/revisions"}],"predecessor-version":[{"id":1178,"href":"https:\/\/www.messern.at\/feuerwehr\/wp-json\/wp\/v2\/posts\/1061\/revisions\/1178"}],"wp:featuredmedia":[{"embeddable":true,"href":"https:\/\/www.messern.at\/feuerwehr\/wp-json\/wp\/v2\/media\/1063"}],"wp:attachment":[{"href":"https:\/\/www.messern.at\/feuerwehr\/wp-json\/wp\/v2\/media?parent=1061"}],"wp:term":[{"taxonomy":"category","embeddable":true,"href":"https:\/\/www.messern.at\/feuerwehr\/wp-json\/wp\/v2\/categories?post=1061"},{"taxonomy":"post_tag","embeddable":true,"href":"https:\/\/www.messern.at\/feuerwehr\/wp-json\/wp\/v2\/tags?post=1061"}],"curies":[{"name":"wp","href":"https:\/\/api.w.org\/{rel}","templated":true}]}}