{"id":1060,"date":"2021-11-13T21:11:00","date_gmt":"2021-11-13T20:11:00","guid":{"rendered":"https:\/\/www.messern.at\/feuerwehr\/?p=1060"},"modified":"2021-12-07T22:13:11","modified_gmt":"2021-12-07T21:13:11","slug":"abschnittsfeuerwehrtag","status":"publish","type":"post","link":"https:\/\/www.messern.at\/feuerwehr\/allgemein\/abschnittsfeuerwehrtag\/","title":{"rendered":"Abschnittsfeuerwehrtag"},"content":{"rendered":"\n<p>Nachdem es schon im Jahr 2020 nicht m\u00f6glich war die Ehrungen und Auszeichnungen an die Feuerwehrmitglieder zu \u00fcberreichen, musste auf Grund der momentan sehr angespannten Corona-Situation aus Sicherheitsgr\u00fcnden auch heuer auf einen Abschnittsfeuerwehrtag im Abschnitt Horn verzichtet werden.<\/p>\n\n\n\n<p>Stattdessen wurden die Ehrungen und Auszeichnungen aus den Jahren 2020 und 2021 durch Landtagsabgeordneten BGM J\u00fcrgen Maier und Bezirksfeuerwehrkommandanten Christian Angerer unter Einhaltung aller notwendigen Corona-Ma\u00dfnahmen im Kreise der eigenen Feuerwehrmitglieder am Samstag, den 13. November 2021 in der Mehrzweckhalle Irnfritz \u00fcberreicht.<\/p>\n\n\n\n<p>Das Abschnittsfeuerwehrkommando Horn sowie die Mitglieder der FF Messern gratulieren nochmals allen Geehrten und Ausgezeichneten!<\/p>\n\n\n\n<p><strong>Hier eine Auflistung aller Geehrten unserer Feuerwehr:<\/strong><\/p>\n\n\n\n<p><strong>Ernennungsurkunde zum Abschnittssachbearbeiter im AFKDO Horn<\/strong>:<\/p>\n\n\n\n<p>ASB Erik Mikura<\/p>\n\n\n\n<p><strong>Ernennungsurkunde zum Ehrenhauptbrandinspektor<\/strong>:<\/p>\n\n\n\n<p>EHBI Otto Fischer<\/p>\n\n\n\n<p><strong>Dankesurkunde<\/strong>:<\/p>\n\n\n\n<p>EHBM Helmut Grecher<\/p>\n\n\n\n<p><strong>Verdienstmedaille des N\u00d6 Landesfeuerwehrverbanden 1. Klasse in Gold<\/strong>:<\/p>\n\n\n\n<p>EHBI Otto Fischer<\/p>\n\n\n\n<p><strong>Verdienstmedaille des N\u00d6 Landesfeuerwehrverbanden 2. Klasse in Silber<\/strong>:<\/p>\n\n\n\n<p>EHBM Helmut Grecher<\/p>\n\n\n\n<p><strong>Verdienstmedaille des N\u00d6 Landesfeuerwehrverbanden 3. Klasse in Bronze<\/strong>:<\/p>\n\n\n\n<p>LM Erich Riedl<\/p>\n\n\n\n<p><strong>Ehrenzeichen f\u00fcr langj\u00e4hrige verdienstvolle T\u00e4tigkeit \/ 50 Jahre:<\/strong><\/p>\n\n\n\n<p>HFM Anton Schindler<\/p>\n\n\n\n<p>LM Konrad Spitaler<\/p>\n\n\n\n<p>HFM Johann St\u00f6ger<\/p>\n\n\n\n<p>HFM Franz Umfogl<\/p>\n\n\n\n<p><strong>Ehrenzeichen f\u00fcr langj\u00e4hrige verdienstvolle T\u00e4tigkeit \/ 40 Jahre:<\/strong><\/p>\n\n\n\n<p>HFM Horst Blank<\/p>\n\n\n\n<p>HFM Franz Herzog<\/p>\n\n\n\n<p>LM Erich Riedl<\/p>\n\n\n\n<p><strong>Ehrenzeichen f\u00fcr langj\u00e4hrige verdienstvolle T\u00e4tigkeit \/ 25 Jahre:<\/strong><\/p>\n\n\n\n<p>V J\u00fcrgen Lausch<\/p>\n\n\n\n<figure class=\"wp-block-gallery columns-1 is-cropped\"><ul class=\"blocks-gallery-grid\"><li class=\"blocks-gallery-item\"><figure><a href=\"https:\/\/www.messern.at\/feuerwehr\/wp-content\/uploads\/2021\/12\/Messern-scaled.jpg\"><img loading=\"lazy\" width=\"1024\" height=\"683\" src=\"https:\/\/www.messern.at\/feuerwehr\/wp-content\/uploads\/2021\/12\/Messern-1024x683.jpg\" alt=\"\" data-id=\"1065\" data-full-url=\"https:\/\/www.messern.at\/feuerwehr\/wp-content\/uploads\/2021\/12\/Messern-scaled.jpg\" data-link=\"https:\/\/www.messern.at\/feuerwehr\/allgemein\/abschnittsfeuerwehrtag\/attachment\/messern\/\" class=\"wp-image-1065\" srcset=\"https:\/\/www.messern.at\/feuerwehr\/wp-content\/uploads\/2021\/12\/Messern-1024x683.jpg 1024w, https:\/\/www.messern.at\/feuerwehr\/wp-content\/uploads\/2021\/12\/Messern-300x200.jpg 300w, https:\/\/www.messern.at\/feuerwehr\/wp-content\/uploads\/2021\/12\/Messern-768x512.jpg 768w, https:\/\/www.messern.at\/feuerwehr\/wp-content\/uploads\/2021\/12\/Messern-1536x1024.jpg 1536w, https:\/\/www.messern.at\/feuerwehr\/wp-content\/uploads\/2021\/12\/Messern-2048x1365.jpg 2048w\" sizes=\"(max-width: 1024px) 100vw, 1024px\" \/><\/a><\/figure><\/li><\/ul><\/figure>\n","protected":false},"excerpt":{"rendered":"<p>Nachdem es schon im Jahr 2020 nicht m\u00f6glich war die Ehrungen und Auszeichnungen an die Feuerwehrmitglieder zu \u00fcberreichen, musste auf Grund der momentan sehr angespannten Corona-Situation aus Sicherheitsgr\u00fcnden auch heuer auf einen Abschnittsfeuerwehrtag im Abschnitt Horn verzichtet werden. Stattdessen wurden die Ehrungen und Auszeichnungen aus den Jahren 2020 und 2021 durch Landtagsabgeordneten BGM J\u00fcrgen Maier [&hellip;]<\/p>\n","protected":false},"author":3,"featured_media":1065,"comment_status":"closed","ping_status":"closed","sticky":false,"template":"","format":"standard","meta":[],"categories":[10],"tags":[],"acf":[],"_links":{"self":[{"href":"https:\/\/www.messern.at\/feuerwehr\/wp-json\/wp\/v2\/posts\/1060"}],"collection":[{"href":"https:\/\/www.messern.at\/feuerwehr\/wp-json\/wp\/v2\/posts"}],"about":[{"href":"https:\/\/www.messern.at\/feuerwehr\/wp-json\/wp\/v2\/types\/post"}],"author":[{"embeddable":true,"href":"https:\/\/www.messern.at\/feuerwehr\/wp-json\/wp\/v2\/users\/3"}],"replies":[{"embeddable":true,"href":"https:\/\/www.messern.at\/feuerwehr\/wp-json\/wp\/v2\/comments?post=1060"}],"version-history":[{"count":2,"href":"https:\/\/www.messern.at\/feuerwehr\/wp-json\/wp\/v2\/posts\/1060\/revisions"}],"predecessor-version":[{"id":1069,"href":"https:\/\/www.messern.at\/feuerwehr\/wp-json\/wp\/v2\/posts\/1060\/revisions\/1069"}],"wp:featuredmedia":[{"embeddable":true,"href":"https:\/\/www.messern.at\/feuerwehr\/wp-json\/wp\/v2\/media\/1065"}],"wp:attachment":[{"href":"https:\/\/www.messern.at\/feuerwehr\/wp-json\/wp\/v2\/media?parent=1060"}],"wp:term":[{"taxonomy":"category","embeddable":true,"href":"https:\/\/www.messern.at\/feuerwehr\/wp-json\/wp\/v2\/categories?post=1060"},{"taxonomy":"post_tag","embeddable":true,"href":"https:\/\/www.messern.at\/feuerwehr\/wp-json\/wp\/v2\/tags?post=1060"}],"curies":[{"name":"wp","href":"https:\/\/api.w.org\/{rel}","templated":true}]}}