{"id":1000,"date":"2021-06-03T20:34:00","date_gmt":"2021-06-03T18:34:00","guid":{"rendered":"https:\/\/www.messern.at\/feuerwehr\/?p=1000"},"modified":"2021-12-07T20:36:16","modified_gmt":"2021-12-07T19:36:16","slug":"fronleichnam-2021","status":"publish","type":"post","link":"https:\/\/www.messern.at\/feuerwehr\/allgemein\/fronleichnam-2021\/","title":{"rendered":"Fronleichnam 2021"},"content":{"rendered":"\n<p>So wie unser gesamtes Leben zurzeit durch die Corona-Pandemie bestimmt ist, so sind nat\u00fcrlich auch Ausr\u00fcckungen bei kirchlichen Festen davon betroffen. So wurde auch in diesem Jahr kein Umzug zu den geschm\u00fcckten Alt\u00e4ren durchgef\u00fchrt, sondern eine Feldmesse am Kirchenparkplatz gefeiert. Die Feuerwehrmitglieder nahmen \u2013 wie man es ja derzeit leider schon gewohnt ist &#8211; mit Maske und Abstand daran teil.<\/p>\n\n\n\n<figure class=\"wp-block-gallery columns-3 is-cropped\"><ul class=\"blocks-gallery-grid\"><li class=\"blocks-gallery-item\"><figure><a href=\"https:\/\/www.messern.at\/feuerwehr\/wp-content\/uploads\/2021\/12\/161-scaled.jpg\"><img loading=\"lazy\" width=\"684\" height=\"1024\" src=\"https:\/\/www.messern.at\/feuerwehr\/wp-content\/uploads\/2021\/12\/161-684x1024.jpg\" alt=\"\" data-id=\"1001\" data-full-url=\"https:\/\/www.messern.at\/feuerwehr\/wp-content\/uploads\/2021\/12\/161-scaled.jpg\" data-link=\"https:\/\/www.messern.at\/feuerwehr\/?attachment_id=1001\" class=\"wp-image-1001\" srcset=\"https:\/\/www.messern.at\/feuerwehr\/wp-content\/uploads\/2021\/12\/161-684x1024.jpg 684w, https:\/\/www.messern.at\/feuerwehr\/wp-content\/uploads\/2021\/12\/161-200x300.jpg 200w, https:\/\/www.messern.at\/feuerwehr\/wp-content\/uploads\/2021\/12\/161-768x1150.jpg 768w, https:\/\/www.messern.at\/feuerwehr\/wp-content\/uploads\/2021\/12\/161-1025x1536.jpg 1025w, https:\/\/www.messern.at\/feuerwehr\/wp-content\/uploads\/2021\/12\/161-1367x2048.jpg 1367w, https:\/\/www.messern.at\/feuerwehr\/wp-content\/uploads\/2021\/12\/161-scaled.jpg 1709w\" sizes=\"(max-width: 684px) 100vw, 684px\" \/><\/a><\/figure><\/li><li class=\"blocks-gallery-item\"><figure><a href=\"https:\/\/www.messern.at\/feuerwehr\/wp-content\/uploads\/2021\/12\/153-scaled.jpg\"><img loading=\"lazy\" width=\"684\" height=\"1024\" src=\"https:\/\/www.messern.at\/feuerwehr\/wp-content\/uploads\/2021\/12\/153-684x1024.jpg\" alt=\"\" data-id=\"1002\" data-full-url=\"https:\/\/www.messern.at\/feuerwehr\/wp-content\/uploads\/2021\/12\/153-scaled.jpg\" data-link=\"https:\/\/www.messern.at\/feuerwehr\/?attachment_id=1002\" class=\"wp-image-1002\" srcset=\"https:\/\/www.messern.at\/feuerwehr\/wp-content\/uploads\/2021\/12\/153-684x1024.jpg 684w, https:\/\/www.messern.at\/feuerwehr\/wp-content\/uploads\/2021\/12\/153-200x300.jpg 200w, https:\/\/www.messern.at\/feuerwehr\/wp-content\/uploads\/2021\/12\/153-768x1150.jpg 768w, https:\/\/www.messern.at\/feuerwehr\/wp-content\/uploads\/2021\/12\/153-1025x1536.jpg 1025w, https:\/\/www.messern.at\/feuerwehr\/wp-content\/uploads\/2021\/12\/153-1367x2048.jpg 1367w, https:\/\/www.messern.at\/feuerwehr\/wp-content\/uploads\/2021\/12\/153-scaled.jpg 1709w\" sizes=\"(max-width: 684px) 100vw, 684px\" \/><\/a><\/figure><\/li><li class=\"blocks-gallery-item\"><figure><a href=\"https:\/\/www.messern.at\/feuerwehr\/wp-content\/uploads\/2021\/12\/159-scaled.jpg\"><img loading=\"lazy\" width=\"1024\" height=\"684\" src=\"https:\/\/www.messern.at\/feuerwehr\/wp-content\/uploads\/2021\/12\/159-1024x684.jpg\" alt=\"\" data-id=\"1003\" data-full-url=\"https:\/\/www.messern.at\/feuerwehr\/wp-content\/uploads\/2021\/12\/159-scaled.jpg\" data-link=\"https:\/\/www.messern.at\/feuerwehr\/?attachment_id=1003\" class=\"wp-image-1003\" srcset=\"https:\/\/www.messern.at\/feuerwehr\/wp-content\/uploads\/2021\/12\/159-1024x684.jpg 1024w, https:\/\/www.messern.at\/feuerwehr\/wp-content\/uploads\/2021\/12\/159-300x200.jpg 300w, https:\/\/www.messern.at\/feuerwehr\/wp-content\/uploads\/2021\/12\/159-768x513.jpg 768w, https:\/\/www.messern.at\/feuerwehr\/wp-content\/uploads\/2021\/12\/159-1536x1025.jpg 1536w, https:\/\/www.messern.at\/feuerwehr\/wp-content\/uploads\/2021\/12\/159-2048x1367.jpg 2048w\" sizes=\"(max-width: 1024px) 100vw, 1024px\" \/><\/a><\/figure><\/li><\/ul><\/figure>\n","protected":false},"excerpt":{"rendered":"<p>So wie unser gesamtes Leben zurzeit durch die Corona-Pandemie bestimmt ist, so sind nat\u00fcrlich auch Ausr\u00fcckungen bei kirchlichen Festen davon betroffen. So wurde auch in diesem Jahr kein Umzug zu den geschm\u00fcckten Alt\u00e4ren durchgef\u00fchrt, sondern eine Feldmesse am Kirchenparkplatz gefeiert. Die Feuerwehrmitglieder nahmen \u2013 wie man es ja derzeit leider schon gewohnt ist &#8211; mit [&hellip;]<\/p>\n","protected":false},"author":5,"featured_media":1002,"comment_status":"closed","ping_status":"closed","sticky":false,"template":"","format":"standard","meta":[],"categories":[10],"tags":[],"acf":[],"_links":{"self":[{"href":"https:\/\/www.messern.at\/feuerwehr\/wp-json\/wp\/v2\/posts\/1000"}],"collection":[{"href":"https:\/\/www.messern.at\/feuerwehr\/wp-json\/wp\/v2\/posts"}],"about":[{"href":"https:\/\/www.messern.at\/feuerwehr\/wp-json\/wp\/v2\/types\/post"}],"author":[{"embeddable":true,"href":"https:\/\/www.messern.at\/feuerwehr\/wp-json\/wp\/v2\/users\/5"}],"replies":[{"embeddable":true,"href":"https:\/\/www.messern.at\/feuerwehr\/wp-json\/wp\/v2\/comments?post=1000"}],"version-history":[{"count":1,"href":"https:\/\/www.messern.at\/feuerwehr\/wp-json\/wp\/v2\/posts\/1000\/revisions"}],"predecessor-version":[{"id":1004,"href":"https:\/\/www.messern.at\/feuerwehr\/wp-json\/wp\/v2\/posts\/1000\/revisions\/1004"}],"wp:featuredmedia":[{"embeddable":true,"href":"https:\/\/www.messern.at\/feuerwehr\/wp-json\/wp\/v2\/media\/1002"}],"wp:attachment":[{"href":"https:\/\/www.messern.at\/feuerwehr\/wp-json\/wp\/v2\/media?parent=1000"}],"wp:term":[{"taxonomy":"category","embeddable":true,"href":"https:\/\/www.messern.at\/feuerwehr\/wp-json\/wp\/v2\/categories?post=1000"},{"taxonomy":"post_tag","embeddable":true,"href":"https:\/\/www.messern.at\/feuerwehr\/wp-json\/wp\/v2\/tags?post=1000"}],"curies":[{"name":"wp","href":"https:\/\/api.w.org\/{rel}","templated":true}]}}